{"id":53561,"date":"2023-04-18T10:18:21","date_gmt":"2023-04-18T08:18:21","guid":{"rendered":"https:\/\/obera.fr\/conseils\/adyabatik-sogutmanin-avantajlari-nelerdir\/"},"modified":"2025-04-23T08:54:11","modified_gmt":"2025-04-23T06:54:11","slug":"les-avantages-du-rafraichissement-adiabatique-dominent-largement-ses-inconvenients","status":"publish","type":"post","link":"https:\/\/obera.fr\/tr\/bizim-tavsiyemiz\/les-avantages-du-rafraichissement-adiabatique-dominent-largement-ses-inconvenients\/","title":{"rendered":"Profesyoneller ve end\u00fcstri i\u00e7in hava so\u011futucular\u0131n faydalar\u0131"},"content":{"rendered":"\n<div class=\"wp-block-columns is-layout-flex wp-container-core-columns-is-layout-28f84493 wp-block-columns-is-layout-flex\">\n<div class=\"wp-block-column is-layout-flow wp-block-column-is-layout-flow\" style=\"flex-basis:50%\">\n<p>End\u00fcstriyel ortamda f\u0131r\u0131nlar, ocaklar veya enjeksiyon kal\u0131plama makineleri gibi \u00e7ok say\u0131da ekipman yo\u011fun \u0131s\u0131 \u00fcretir ve bu da i\u00e7 ortam havas\u0131n\u0131n kalitesini, operat\u00f6rlerin konforunu, ekiplerin \u00fcretkenli\u011fini ve hatta <strong>\u00fcretilen \u00fcr\u00fcnlerin kalitesini<\/strong> etkileyebilir. Bu zorluklarla kar\u015f\u0131 kar\u015f\u0131ya kalan end\u00fcstriyel hava so\u011futucusu veya <a href=\"https:\/\/obera.fr\/tr\/produits\/rafraichisseurs-air\/\">adyabatik so\u011f<\/a> utucu, geni\u015f alanlar\u0131n so\u011futulmas\u0131 i\u00e7in ideal \u00e7\u00f6z\u00fcmd\u00fcr.   <\/p>\n\n\n\n<p>Mobil, enerji tasarruflu, kurulumu ve bak\u0131m\u0131 kolay ve uygun fiyatl\u0131 bu \u00fcnite,<strong> at\u00f6lyeleri<\/strong>, depolar\u0131, fabrikalar\u0131 veya b\u00fcy\u00fck end\u00fcstriyel alanlar\u0131 verimli bir \u015fekilde<strong> so\u011futmak<\/strong> i\u00e7in bir\u00e7ok avantaj sunar. Ancak t\u00fcm avantajlar\u0131n\u0131 ger\u00e7ekten biliyor musunuz? <\/p>\n<\/div>\n\n\n\n<div class=\"wp-block-column is-layout-flow wp-block-column-is-layout-flow\" style=\"flex-basis:50%\">\n<figure class=\"wp-block-embed is-type-video is-provider-youtube wp-block-embed-youtube wp-embed-aspect-16-9 wp-has-aspect-ratio\"><div class=\"wp-block-embed__wrapper\">\n<iframe title=\"Rafraichisseur d&#039;air - Gamme IC - OberA\" width=\"1200\" height=\"675\" src=\"https:\/\/www.youtube.com\/embed\/NG-Ssy2oM70?feature=oembed\" frameborder=\"0\" allow=\"accelerometer; autoplay; clipboard-write; encrypted-media; gyroscope; picture-in-picture; web-share\" referrerpolicy=\"strict-origin-when-cross-origin\" allowfullscreen><\/iframe>\n<\/div><\/figure>\n<\/div>\n<\/div>\n\n<h2 class=\"wp-block-heading\">End\u00fcstriyel hava so\u011futucu nas\u0131l \u00e7al\u0131\u015f\u0131r?<\/h2>\n\n<h3 class=\"wp-block-heading\">Oda spreyleri i\u015f yerinde nas\u0131l \u00e7al\u0131\u015f\u0131r?<\/h3>\n\n<p>Bir hava so\u011futucu, <strong>buharla\u015fmal\u0131 so\u011futma prensibiyle<\/strong> \u00e7al\u0131\u015f\u0131r. Pratik anlamda, sistem bir fan kullanarak s\u0131cak ve kuru havay\u0131 \u00e7eker. Hava daha sonra \u00fcnitenin rezervuar\u0131ndaki suyla \u0131slat\u0131lm\u0131\u015f bir ortamdan ge\u00e7erek nemlendirilir. S\u0131cak hava bu nemli ortamla temas etti\u011finde, suyun bir k\u0131sm\u0131 buharla\u015f\u0131r. Suyun buharla\u015fmas\u0131, su molek\u00fclleri aras\u0131ndaki hidrojen ba\u011flar\u0131n\u0131 k\u0131rmak i\u00e7in enerji gerektirir. Bu enerji s\u0131cak havadan al\u0131n\u0131r ve s\u0131cakl\u0131\u011f\u0131n\u0131 d\u00fc\u015f\u00fcr\u00fcr. Ortam s\u0131cakl\u0131\u011f\u0131 ne kadar y\u00fcksek olursa, daha s\u0131cak hava buharla\u015fmay\u0131 te\u015fvik etti\u011fi i\u00e7in <strong>elde edilen \u0131s\u0131daki azalma<\/strong> o kadar <strong>b\u00fcy\u00fck<\/strong> olur ve b\u00f6ylece so\u011futucunun enerji verimlili\u011fi artar. Kliman\u0131n aksine adyabatik so\u011futucu, \u00f6zellikle s\u0131cak ve kuru ortamlarda havan\u0131n so\u011futulmas\u0131 i\u00e7in ekonomik ve y\u00fcksek performansl\u0131 bir \u00e7\u00f6z\u00fcm sunar. \u00d6zellikle b\u00fcy\u00fck, a\u00e7\u0131k, iyi havaland\u0131r\u0131lan alanlar ve \u0131s\u0131 \u00fcretiminin y\u00fcksek oldu\u011fu end\u00fcstriler i\u00e7in uygundur.        <\/p>\n\n<figure class=\"wp-block-image aligncenter size-full is-resized\"><img decoding=\"async\" width=\"1000\" height=\"800\" src=\"https:\/\/obera.fr\/wp-content\/uploads\/2023\/04\/rafraichissement-dun-batiment.png\" alt=\"bir binan&#x131;n yenilenmesi\" class=\"wp-image-20884\" style=\"width:740px;height:auto\" srcset=\"https:\/\/obera.fr\/wp-content\/uploads\/2023\/04\/rafraichissement-dun-batiment.png 1000w, https:\/\/obera.fr\/wp-content\/uploads\/2023\/04\/rafraichissement-dun-batiment-300x240.png 300w, https:\/\/obera.fr\/wp-content\/uploads\/2023\/04\/rafraichissement-dun-batiment-768x614.png 768w\" sizes=\"(max-width: 1000px) 100vw, 1000px\" \/><\/figure>\n\n<h3 class=\"wp-block-heading\">Hava so\u011futucu, klima, end\u00fcstriyel fan&#8230; aralar\u0131ndaki farklar nelerdir?<\/h3>\n\n<p>Fan, odadaki havay\u0131 s\u0131cakl\u0131\u011f\u0131n\u0131 de\u011fi\u015ftirmeden basit\u00e7e kar\u0131\u015ft\u0131r\u0131r. Tamamen mekanik olan bu hareket, <strong>terin ciltten buharla\u015fmas\u0131n\u0131 h\u0131zland\u0131rarak<\/strong> tazelik hissini art\u0131ran bir hava ak\u0131\u015f\u0131 yarat\u0131r. Bu nedenle odadaki havan\u0131n \u0131s\u0131s\u0131 veya nemi \u00fczerinde hi\u00e7bir etkisi yoktur, bu da \u0131s\u0131n\u0131n yo\u011fun ve havan\u0131n durgun oldu\u011fu end\u00fcstriyel bir ortamda etkinli\u011fini s\u0131n\u0131rlar.  <\/p>\n\n<p>End\u00fcstriyel klimalar, \u00e7evre \u00fczerinde etkisi olabilecek so\u011futucu ak\u0131\u015fkanlar\u0131n kullan\u0131m\u0131n\u0131 gerektirir ve \u00f6zellikle d\u0131\u015f s\u0131cakl\u0131klar y\u00fckseldi\u011finde <strong>\u00e7ok fazla enerji t\u00fcketir<\/strong>. Dahas\u0131, klima havay\u0131 kurutur ve &#8220;\u00fc\u015f\u00fcme&#8221; etkisine neden olabilir. Bir klima sistemi hassas bir s\u0131cakl\u0131\u011f\u0131 koruyabilse de, y\u00fcksek enerji yo\u011funlu\u011fu nedeniyle b\u00fcy\u00fck end\u00fcstriyel tesisler i\u00e7in uygun de\u011fildir.  <\/p>\n\n<p>\u00d6te yandan <strong>hava so\u011futucular\u0131n\u0131n<\/strong> kullan\u0131m\u0131 basit ve ekonomiktir. Suyun buharla\u015fmas\u0131yla adyabatik so\u011futma prensibine dayanan bu sistemde ne bir kompres\u00f6r ne de kimyasal bir so\u011futucu kullan\u0131l\u0131r, bu da enerji t\u00fcketimini \u00f6nemli \u00f6l\u00e7\u00fcde azalt\u0131r.<strong>Buharla\u015fman\u0131n optimize edildi\u011fi<\/strong> s\u0131cak ve kuru ortamlarda \u00f6zellikle etkili olan so\u011futucu, y\u00fcksek enerji verimlili\u011fi sunarak geni\u015f end\u00fcstriyel alanlar\u0131n ve a\u00e7\u0131k alanlar\u0131n so\u011futulmas\u0131 i\u00e7in ideal bir \u00e7\u00f6z\u00fcmd\u00fcr.  <\/p>\n\n<h2 class=\"wp-block-heading\">Profesyoneller i\u00e7in hava so\u011futucular\u0131n\u0131n temel faydalar\u0131<\/h2>\n\n<figure class=\"wp-block-image aligncenter size-large is-resized\"><img decoding=\"async\" width=\"1024\" height=\"1024\" src=\"https:\/\/obera.fr\/wp-content\/uploads\/2025\/01\/image-avantages-1024x1024.jpg\" alt=\"g&#xF6;r&#xFC;nt&#xFC; avantajlar&#x131;\" class=\"wp-image-57732\" style=\"width:106px;height:auto\" srcset=\"https:\/\/obera.fr\/wp-content\/uploads\/2025\/01\/image-avantages-1024x1024.jpg 1024w, https:\/\/obera.fr\/wp-content\/uploads\/2025\/01\/image-avantages-300x300.jpg 300w, https:\/\/obera.fr\/wp-content\/uploads\/2025\/01\/image-avantages-150x150.jpg 150w, https:\/\/obera.fr\/wp-content\/uploads\/2025\/01\/image-avantages-768x768.jpg 768w, https:\/\/obera.fr\/wp-content\/uploads\/2025\/01\/image-avantages-400x400.jpg 400w, https:\/\/obera.fr\/wp-content\/uploads\/2025\/01\/image-avantages-600x600.jpg 600w, https:\/\/obera.fr\/wp-content\/uploads\/2025\/01\/image-avantages.jpg 1200w\" sizes=\"(max-width: 1024px) 100vw, 1024px\" \/><\/figure>\n\n<h3 class=\"wp-block-heading\">Azalt\u0131lm\u0131\u015f enerji t\u00fcketimi ve i\u015fletme maliyetleri<\/h3>\n\n<p><strong>Hava so\u011futucu sadece<\/strong> havay\u0131 ve suyu sirk\u00fcle etmek i\u00e7in gereken <strong>elektri\u011fi t\u00fcketir<\/strong>, bu da bir klimaya k\u0131yasla elektrik faturas\u0131n\u0131 \u00f6nemli \u00f6l\u00e7\u00fcde azalt\u0131r. So\u011futucu ak\u0131\u015fkan gerektirmedi\u011finden, <strong>\u00e7evresel etkisini en aza indir<\/strong>en enerji tasarruflu bir \u015fekilde \u00e7al\u0131\u015f\u0131r ve bu da onu daha ye\u015fil, daha \u00e7evre dostu bir alternatif haline getirir. <\/p>\n\n<p>Adyabatik so\u011futucu, klimada oldu\u011fu gibi sertifikal\u0131 bir profesyonelin m\u00fcdahalesini gerektirmedi\u011finden bak\u0131m da basitle\u015ftirilmi\u015ftir. Dahas\u0131, bir hava so\u011futucunun g\u00fcnl\u00fck i\u015fletme maliyeti \u00e7ok d\u00fc\u015f\u00fckt\u00fcr, genellikle 250 m\u00b2&#8217;lik bir oda i\u00e7in sadece birka\u00e7 on senttir ve bir kliman\u0131nkinden \u00e7ok daha d\u00fc\u015f\u00fckt\u00fcr.<strong>Kurulum da daha ucuzdur<\/strong> ve bak\u0131m, tank ve filtrenin periyodik temizli\u011fi ve di\u011fer bile\u015fenlerin y\u0131ll\u0131k servisiyle s\u0131n\u0131rl\u0131d\u0131r. Bu, geleneksel klimalara g\u00f6re yakla\u015f\u0131k 10 kat daha d\u00fc\u015f\u00fck olan bak\u0131m maliyetlerini \u00f6nemli \u00f6l\u00e7\u00fcde azalt\u0131r.   <\/p>\n\n<p>K\u0131sacas\u0131, adyabatik hava so\u011futucusu d\u00fc\u015f\u00fck enerji t\u00fcketimi, ihmal edilebilir <strong>g\u00fcnl\u00fck i\u015fletme maliyetleri <\/strong>ve d\u00fc\u015f\u00fck kurulum ve bak\u0131m maliyetleri sunar. Minimum karbon ayak izi ve uygun sat\u0131n alma fiyat\u0131 ile \u00e7evre dostu, d\u00fc\u015f\u00fck enerjili bir alternatiftir. <\/p>\n\n<h3 class=\"wp-block-heading\">\u00c7al\u0131\u015fma ko\u015fullar\u0131n\u0131n ve verimlili\u011fin iyile\u015ftirilmesi<\/h3>\n\n<p>At\u00f6lyelerde s\u0131cakl\u0131\u011f\u0131 d\u00fc\u015f\u00fcrerek ve ba\u011f\u0131l nemi art\u0131rarak<strong> end\u00fcstriyel so\u011futucular<\/strong>, s\u0131cakl\u0131klar 24-26\u00b0C&#8217;nin \u00fczerine \u00e7\u0131kt\u0131\u011f\u0131nda ortaya \u00e7\u0131kan ve etkileri 33-34\u00b0C&#8217;nin \u00fczerinde daha da belirgin olan ve \u00fcretkenlikte %50&#8217;ye varan bir d\u00fc\u015f\u00fc\u015fe neden olan \u0131s\u0131 stresiyle m\u00fccadeleye yard\u0131mc\u0131 olur. Serin ve nemli havan\u0131n odaya yay\u0131lmas\u0131n\u0131 sa\u011flayan hava spreyleri daha fazla termal konfor sa\u011flar ve rahats\u0131zl\u0131k hissini azalt\u0131r. <\/p>\n\n<p>Dahas\u0131, <strong>so\u011futucular toz ve kirleticileri yakalamak i\u00e7in bir filtre ile donat\u0131lm\u0131\u015ft\u0131r ve<\/strong> odada temiz, hijyenik hava sa\u011flar. Klimalardan 10 dB daha d\u00fc\u015f\u00fck olan d\u00fc\u015f\u00fck g\u00fcr\u00fclt\u00fc seviyeleri, \u00e7al\u0131\u015fma ko\u015fullar\u0131 a\u00e7\u0131s\u0131ndan d\u00fczenleyici standartlara uygun daha keyifli bir \u00e7al\u0131\u015fma ortam\u0131na katk\u0131da bulunur. Bu artan konfor, daha az i\u015f durmas\u0131 ve daha <strong>y\u00fcksek \u00e7al\u0131\u015fan verimlili\u011fi<\/strong> anlam\u0131na gelir.  <\/p>\n\n<h3 class=\"wp-block-heading\">At\u00f6lyelerde, depolarda ve ofislerde kullan\u0131m i\u00e7in \u00e7ok y\u00f6nl\u00fc ekipman<\/h3>\n\n<p>Bir<strong> hava so\u011futucu \u00e7ok y\u00f6nl\u00fcd\u00fcr <\/strong>, bu nedenle end\u00fcstriyel at\u00f6lyeler, depolar, ofisler ve hatta ticari alanlar gibi \u00e7e\u015fitli alanlarda kullan\u0131labilir. A\u00e7\u0131k alanlardan ve belirli d\u00fczenlere sahip odalardan \u0131s\u0131n\u0131n yo\u011fun oldu\u011fu ortamlara kadar \u00e7e\u015fitli alan konfig\u00fcrasyonlar\u0131na m\u00fckemmel \u015fekilde uygundur. \u00c7e\u015fitli modelleriyle (\u00e7ift kademeli so\u011futma, do\u011frudan, tersinir vb.), mobil veya sabit, hava so\u011futucu, \u00f6l\u00e7\u00fcye g\u00f6re bir<strong> so\u011futma \u00e7\u00f6z\u00fcm\u00fc <\/strong>sunar.  <\/p>\n\n<h2 class=\"wp-block-heading\">End\u00fcstriyel bir ortamda dikkate al\u0131nmas\u0131 gereken s\u0131n\u0131rlar<\/h2>\n\n<h3 class=\"wp-block-heading\">\u0130klim ko\u015fullar\u0131na adaptasyon<\/h3>\n\n<p>Hava so\u011futucular\u0131 \u00f6zellikle s\u0131cak ve kuru ortamlarda etkilidir. Ancak y\u00fcksek nem ko\u015fullar\u0131nda performanslar\u0131 d\u00fc\u015febilir, \u00e7\u00fcnk\u00fc suya doymu\u015f hava so\u011futma i\u00e7in gereken buharla\u015fmay\u0131 s\u0131n\u0131rlar. Sonu\u00e7 olarak, y\u00fcksek nemli ortamlar i\u00e7in uygun de\u011fildirler.  <\/p>\n\n<p>Dahas\u0131,<strong> hava so\u011futucular\u0131<\/strong> hassas s\u0131cakl\u0131k kontrol\u00fc sa\u011flamaz. Tesisat\u0131n boyutuna ve d\u0131\u015f ortam ko\u015fullar\u0131na ba\u011fl\u0131 olarak hava s\u0131cakl\u0131\u011f\u0131n\u0131 5 ila 11\u00b0C aras\u0131nda d\u00fc\u015f\u00fcrebilmelerine ra\u011fmen kapal\u0131 bir alanda sabit bir s\u0131cakl\u0131k sa\u011flayamazlar. Bununla birlikte, istikrarl\u0131 ve hassas kontrol sunan klimalar\u0131n aksine, hava so\u011futucular\u0131, <strong>\u00f6zellikle<\/strong> klima kurulumunun teknik veya ekonomik olarak imkans\u0131z olabilece\u011fi <strong>b\u00fcy\u00fck hacimler ve a\u00e7\u0131k alanlar i\u00e7in<\/strong> daha uygun fiyatl\u0131 olma avantaj\u0131na sahiptir.  <\/p>\n\n<h3 class=\"wp-block-heading\">Yo\u011fun kullan\u0131mda ekipman\u0131n bak\u0131m\u0131 ve dayan\u0131kl\u0131l\u0131\u011f\u0131<\/h3>\n\n<p>End\u00fcstriyel bir ortamda, hava so\u011futucular\u0131n\u0131n bak\u0131m\u0131 <strong>klimalara<\/strong> k\u0131yasla nispeten basit ve ucuzdur. Yo\u011fun olarak kullan\u0131l\u0131yorlarsa, d\u00fczg\u00fcn \u00e7al\u0131\u015ft\u0131klar\u0131ndan emin olmak i\u00e7in, \u00f6zellikle buharla\u015ft\u0131rma sistemlerinin do\u011fru \u00e7al\u0131\u015f\u0131p \u00e7al\u0131\u015fmad\u0131\u011f\u0131n\u0131 kontrol ederek d\u00fczenli bak\u0131m gereklidir. Filtreler periyodik olarak temizlenmeli ve k\u00fcf veya tortu olu\u015fumunu \u00f6nlemek i\u00e7in su depolar\u0131 kontrol edilmelidir.<strong>Kompres\u00f6r ve so\u011futucu ak\u0131\u015fkanlar\u0131n bulunmamas\u0131<\/strong>, bu cihazlar\u0131 karma\u015f\u0131k ar\u0131zalara kar\u015f\u0131 daha az duyarl\u0131 hale getirmektedir. Bununla birlikte, yetersiz bak\u0131m \u00f6m\u00fcrlerini ve performanslar\u0131n\u0131 azaltabilir.    <\/p>\n\n<h2 class=\"wp-block-heading\">Profesyonel kullan\u0131m i\u00e7in bir evaporatif so\u011futucuyu nas\u0131l se\u00e7erim?<\/h2>\n\n<figure class=\"wp-block-image aligncenter size-large is-resized\"><img decoding=\"async\" width=\"1024\" height=\"1024\" src=\"https:\/\/obera.fr\/wp-content\/uploads\/2025\/01\/image-choix-1024x1024.jpg\" alt=\"g&#xF6;r&#xFC;nt&#xFC; se&#xE7;imi\" class=\"wp-image-57754\" style=\"width:114px;height:auto\" srcset=\"https:\/\/obera.fr\/wp-content\/uploads\/2025\/01\/image-choix-1024x1024.jpg 1024w, https:\/\/obera.fr\/wp-content\/uploads\/2025\/01\/image-choix-300x300.jpg 300w, https:\/\/obera.fr\/wp-content\/uploads\/2025\/01\/image-choix-150x150.jpg 150w, https:\/\/obera.fr\/wp-content\/uploads\/2025\/01\/image-choix-768x768.jpg 768w, https:\/\/obera.fr\/wp-content\/uploads\/2025\/01\/image-choix-400x400.jpg 400w, https:\/\/obera.fr\/wp-content\/uploads\/2025\/01\/image-choix-600x600.jpg 600w, https:\/\/obera.fr\/wp-content\/uploads\/2025\/01\/image-choix.jpg 1200w\" sizes=\"(max-width: 1024px) 100vw, 1024px\" \/><\/figure>\n\n<h3 class=\"wp-block-heading\">Ar\u0131t\u0131lacak hava hacmi ve gereken g\u00fc\u00e7<\/h3>\n\n<p><strong>Bir hava so\u011futucusunun se\u00e7imi <\/strong>her \u015feyden \u00f6nce \u00e7al\u0131\u015fma ortam\u0131n\u0131z\u0131n \u00f6zel so\u011futma gereksinimlerine ve at\u00f6lyenizin veya \u00fcretim alan\u0131n\u0131z\u0131n y\u00fczey alan\u0131na ba\u011fl\u0131d\u0131r. Ortam s\u0131cakl\u0131\u011f\u0131 ne kadar y\u00fcksek ve i\u015flenecek y\u00fczey alan\u0131 ne kadar b\u00fcy\u00fckse, hava ak\u0131\u015f h\u0131z\u0131 ve so\u011futucunun etkili olmas\u0131 i\u00e7in gereken g\u00fc\u00e7 de o kadar b\u00fcy\u00fck olur. <\/p>\n\n<p>Obera, se\u00e7ilen g\u00fcce ba\u011fl\u0131 olarak 80 ila 400 m\u00b2 aras\u0131nda de\u011fi\u015fen alanlar\u0131 tedavi edebilen \u00fcnitelerle<strong> farkl\u0131 ihtiya\u00e7 t\u00fcrlerine uyarlanm\u0131\u015f hava so\u011futucu<\/strong> modelleri sunar. Daha da b\u00fcy\u00fck alanlar\u0131 kapsayacak \u015fekilde birka\u00e7 \u00fcniteyi birle\u015ftirmek de m\u00fcmk\u00fcnd\u00fcr ve so\u011futma gereksinimleri de\u011fi\u015ftik\u00e7e y\u00fckseltilebilen esnek bir se\u00e7enek sunar. <\/p>\n\n<h3 class=\"wp-block-heading\">Hareketlilik ve end\u00fcstriyel alanlarla uyumluluk<\/h3>\n\n<p>Dikkate al\u0131nmas\u0131 gereken bir di\u011fer kriter de so\u011futucunun hareket kabiliyetidir, \u00f6zellikle de belirli \u00e7al\u0131\u015fma alanlar\u0131nda <strong>lokal so\u011futma<\/strong> gerekiyorsa. Tekerleklerle donat\u0131lm\u0131\u015f mobil modeller, cihaz\u0131n oda i\u00e7inde hareket ettirilmesini kolayla\u015ft\u0131rarak acil veya tek seferlik so\u011futma gereksinimlerine h\u0131zl\u0131 bir \u015fekilde yan\u0131t verir. Bu esneklik, bir klima kurulumunun \u00e7ok karma\u015f\u0131k veya pratik olmayaca\u011f\u0131<strong> atipik<\/strong> \u00e7al\u0131\u015fma alanlar\u0131nda veya \u00fcretim alanlar\u0131nda b\u00fcy\u00fck bir avantajd\u0131r.  <\/p>\n\n<p><strong>Adyabatik hava so\u011futucunun<\/strong> karma\u015f\u0131k bir ortamdaki<strong>etkinli\u011fini<\/strong> g\u00f6stermek i\u00e7in bir deniz konteynerinin so\u011futulmas\u0131 \u00f6rne\u011fini ele alal\u0131m. Kurdu\u011fumuz mobil sistem (Ecoclim serisinden modeller) konteynerin a\u015f\u0131r\u0131 seviyelere ula\u015fan i\u00e7 s\u0131cakl\u0131\u011f\u0131n\u0131 50\u00b0C&#8217;ye yakla\u015ft\u0131rd\u0131. Suyun buharla\u015fmas\u0131 sayesinde, \u00fcniteye yerle\u015ftirilen fan havay\u0131 etkili bir \u015fekilde 32\u00b0C&#8217;ye kadar so\u011futtu. Bu strateji, <strong>operat\u00f6r g\u00fcvenli\u011fini<\/strong> korurken \u00fcretkenli\u011fi art\u0131rd\u0131.   <\/p>\n\n<h3 class=\"wp-block-heading\">\u00c7evre ve enerji standartlar\u0131na uygunluk<\/h3>\n\n<p><strong>Hava so\u011futucular\u0131<\/strong>, iklimlendirme i\u00e7in mevcut <strong>\u00e7evre<\/strong> ve enerji <strong>standartlar\u0131n\u0131<\/strong> kar\u015f\u0131lar. Avrupa direktifleri do\u011frultusunda sera gaz\u0131 emisyonlar\u0131n\u0131n azalt\u0131lmas\u0131na yard\u0131mc\u0131 olurlar. D\u00fc\u015f\u00fck enerji t\u00fcketimleri, onlar\u0131 enerji y\u00f6netimine ili\u015fkin ISO 50001 standard\u0131n\u0131n ve EcoDesign y\u00f6netmeli\u011finin gereklilikleriyle uyumlu hale getirir. Dahas\u0131, <strong>enerji verimlili\u011fini optimize<\/strong> edecek \u015fekilde tasarland\u0131klar\u0131ndan, \u00e7evre y\u00f6netim sistemlerine m\u00fckemmel uyum sa\u011flarlar. Bu da onlar\u0131 s\u00fcrd\u00fcr\u00fclebilir ve \u00e7evre dostu bir end\u00fcstriyel so\u011futma \u00e7\u00f6z\u00fcm\u00fc haline getirir.    <\/p>\n\n<div style=\"height:20px\" aria-hidden=\"true\" class=\"wp-block-spacer\"><\/div>\n\n<div class=\"wp-block-buttons is-content-justification-center is-layout-flex wp-container-core-buttons-is-layout-a89b3969 wp-block-buttons-is-layout-flex\">\n<div class=\"wp-block-button\"><a class=\"wp-block-button__link wp-element-button\" href=\"https:\/\/obera.fr\/tr\/contact\/\">KI\u015eISELLE\u015eTIRILMI\u015e TAVSIYEYE MI IHTIYACINIZ VAR?<\/a><\/div>\n<\/div>\n","protected":false},"excerpt":{"rendered":"<p>Adyabatik so\u011futma, b\u00fcy\u00fck end\u00fcstriyel, tar\u0131msal, hizmet ve etkinlik tesislerinde \u00e7al\u0131\u015fanlara s\u0131cak havalarda konfor sa\u011flamak i\u00e7in basit bir \u00e7\u00f6z\u00fcmd\u00fcr.<\/p>\n","protected":false},"author":4,"featured_media":0,"comment_status":"closed","ping_status":"closed","sticky":false,"template":"","format":"standard","meta":{"_acf_changed":false,"_seopress_robots_primary_cat":"none","_seopress_titles_title":"Quels sont les avantages du rafra\u00eechissement adiabatique ?","_seopress_titles_desc":"Contribuant \u00e0 la qualit\u00e9 de l'air et du confort des salari\u00e9 et \u00e9tant \u00e9conomique et \u00e9cologique, le rafraichissement adiabatique domine tous ces inconv\u00e9nients.","_seopress_robots_index":"","footnotes":""},"categories":[299],"tags":[306],"class_list":["post-53561","post","type-post","status-publish","format-standard","hentry","category-bizim-tavsiyemiz","tag-entete-small-tr","generate-columns","tablet-grid-50","mobile-grid-100","grid-parent","grid-50","no-featured-image-padding"],"acf":[],"_links":{"self":[{"href":"https:\/\/obera.fr\/tr\/wp-json\/wp\/v2\/posts\/53561","targetHints":{"allow":["GET"]}}],"collection":[{"href":"https:\/\/obera.fr\/tr\/wp-json\/wp\/v2\/posts"}],"about":[{"href":"https:\/\/obera.fr\/tr\/wp-json\/wp\/v2\/types\/post"}],"author":[{"embeddable":true,"href":"https:\/\/obera.fr\/tr\/wp-json\/wp\/v2\/users\/4"}],"replies":[{"embeddable":true,"href":"https:\/\/obera.fr\/tr\/wp-json\/wp\/v2\/comments?post=53561"}],"version-history":[{"count":5,"href":"https:\/\/obera.fr\/tr\/wp-json\/wp\/v2\/posts\/53561\/revisions"}],"predecessor-version":[{"id":77930,"href":"https:\/\/obera.fr\/tr\/wp-json\/wp\/v2\/posts\/53561\/revisions\/77930"}],"wp:attachment":[{"href":"https:\/\/obera.fr\/tr\/wp-json\/wp\/v2\/media?parent=53561"}],"wp:term":[{"taxonomy":"category","embeddable":true,"href":"https:\/\/obera.fr\/tr\/wp-json\/wp\/v2\/categories?post=53561"},{"taxonomy":"post_tag","embeddable":true,"href":"https:\/\/obera.fr\/tr\/wp-json\/wp\/v2\/tags?post=53561"}],"curies":[{"name":"wp","href":"https:\/\/api.w.org\/{rel}","templated":true}]}}