{"id":53618,"date":"2023-04-26T15:38:09","date_gmt":"2023-04-26T13:38:09","guid":{"rendered":"https:\/\/obera.fr\/conseils\/toz-tlvlerinin-1-temmuz-2023-itibariyle-dusurulmesi\/"},"modified":"2025-04-25T09:48:46","modified_gmt":"2025-04-25T07:48:46","slug":"evolution-des-valeurs-limites-dexposition-des-poussieres","status":"publish","type":"post","link":"https:\/\/obera.fr\/tr\/conseils\/evolution-des-valeurs-limites-dexposition-des-poussieres\/","title":{"rendered":"Toz TLV&#8217;lerinin 1 Temmuz 2023&#8217;ten itibaren d\u00fc\u015f\u00fcr\u00fclmesi"},"content":{"rendered":"\n<p>1 Ocak 2022 tarihinde, <strong>spesifik etkileri olmad\u0131\u011f\u0131 d\u00fc\u015f\u00fcn\u00fclen tozlar<\/strong> i\u00e7in <strong>ELV <\/strong>&#8216;ler zaten de\u011fi\u015ftirilmi\u015fti. Ancak, bu maddelere maruz kalan i\u015f\u00e7ilerin sa\u011fl\u0131\u011f\u0131n\u0131 daha iyi korumak amac\u0131yla \u015fimdi bunlar bir kez daha d\u00fc\u015f\u00fcr\u00fclecektir. Bu nedenle,<strong> 1 Temmuz 2023<\/strong> tarihinden itibaren, Fransa&#8217;da spesifik etkileri olmad\u0131\u011f\u0131 d\u00fc\u015f\u00fcn\u00fclen tozlar i\u00e7in <strong>mesleki maruziyet s\u0131n\u0131r de\u011ferleri<\/strong> (OELV&#8217;ler) <strong>d\u00fc\u015f\u00fcr\u00fclecektir <\/strong>.  <\/p>\n\n<p>Belirli bir etkisi olmad\u0131\u011f\u0131 kabul edilen tozlar kanserojen, mutajen veya <a href=\"https:\/\/obera.fr\/tr\/bizim-tavsiyemiz\/cmr\/\">\u00fcreme i\u00e7in toksik (<strong>CMR<\/strong>)<\/a> olarak s\u0131n\u0131fland\u0131r\u0131lmayan tozlard\u0131r. Ancak <strong>bu<\/strong>, i\u015f\u00e7ilerin <strong>sa\u011fl\u0131\u011f\u0131<\/strong> i\u00e7in <strong>zarars\u0131z olduklar\u0131 anlam\u0131na gelmez<\/strong>. Ger\u00e7ekten de, spesifik etkisi olmad\u0131\u011f\u0131 kabul edilen tozlar <strong>solunum yolu tahri\u015fine<\/strong> ve <strong>akci\u011fer hastal\u0131\u011f\u0131<\/strong> gibi<strong> sa\u011fl\u0131k sorunlar\u0131na<\/strong> neden olabilir.  <\/p>\n\n<div class=\"wp-block-buttons is-horizontal is-content-justification-center is-layout-flex wp-container-core-buttons-is-layout-03627597 wp-block-buttons-is-layout-flex\">\n<div class=\"wp-block-button has-custom-width wp-block-button__width-100\"><a class=\"wp-block-button__link wp-element-button\" href=\"https:\/\/obera.fr\/tr\/bize-ulasin\/\">Daha fazla bilgi edin<\/a><\/div>\n<\/div>\n\n<figure class=\"wp-block-image alignright size-full is-resized\"><img decoding=\"async\" width=\"500\" height=\"500\" src=\"https:\/\/obera.fr\/wp-content\/uploads\/2024\/09\/vlep.png\" alt=\"koyu ye&#x15F;ilden k&#x131;rm&#x131;z&#x131;ya kadar de&#x11F;i&#x15F;en farkl&#x131; renklerde yar&#x131;m daire ve bir rengi i&#x15F;aret eden bir i&#x11F;ne\" class=\"wp-image-33979\" style=\"width:301px;height:auto\" srcset=\"https:\/\/obera.fr\/wp-content\/uploads\/2024\/09\/vlep.png 500w, https:\/\/obera.fr\/wp-content\/uploads\/2024\/09\/vlep-300x300.png 300w, https:\/\/obera.fr\/wp-content\/uploads\/2024\/09\/vlep-150x150.png 150w, https:\/\/obera.fr\/wp-content\/uploads\/2024\/09\/vlep-24x24.png 24w, https:\/\/obera.fr\/wp-content\/uploads\/2024\/09\/vlep-48x48.png 48w, https:\/\/obera.fr\/wp-content\/uploads\/2024\/09\/vlep-96x96.png 96w\" sizes=\"(max-width: 500px) 100vw, 500px\" \/><\/figure>\n\n<h2 class=\"wp-block-heading\">VLEP nedir?<\/h2>\n\n<p>OELV, belirli bir s\u00fcre boyunca bir i\u015f\u00e7i taraf\u0131ndan solunan havadaki bir maddenin izin verilen maksimum konsantrasyonunu tan\u0131mlayan bir <a href=\"https:\/\/obera.fr\/tr\/bizim-tavsiyemiz\/valeur-limite-exposition-professionnelle-ou-vlep\/\">mesleki maruziyet s\u0131n\u0131r<\/a> de\u011feridir. OEL&#8217;ler <strong>, \u00e7al\u0131\u015fanlar\u0131n sa\u011fl\u0131\u011f\u0131n\u0131<\/strong> belirli maddelerin zararl\u0131 etkilerine kar\u015f\u0131 korumak i\u00e7in kullan\u0131l\u0131r. <\/p>\n\n<p>\u0130ki t\u00fcr mesleki maruziyet s\u0131n\u0131r de\u011feri (OELV&#8217;ler) vard\u0131r:  <\/p>\n\n<h3 class=\"wp-block-heading\">K\u0131sa vadeli \u00c7YEP<\/h3>\n\n<p>K\u0131sa vadeli OELV, bir \u00e7al\u0131\u015fan\u0131n k\u0131sa bir s\u00fcre i\u00e7inde, genellikle 15 dakika, maruz kalabilece\u011fi <strong>maksimum madde miktar\u0131n\u0131<\/strong> belirleyen bir s\u0131n\u0131r de\u011ferdir. Bu s\u0131n\u0131r de\u011fer, \u00e7al\u0131\u015fanlar\u0131 <strong>tahri\u015f veya alerjik reaksiyonlar<\/strong> gibi bir maddeye maruz kalman\u0131n ani etkilerine kar\u015f\u0131 korumak i\u00e7in kullan\u0131l\u0131r. <\/p>\n\n<h3 class=\"wp-block-heading\">Uzun vadeli VLEP<\/h3>\n\n<p>Uzun vadeli <strong>OELV<\/strong> ise, bir i\u015f\u00e7inin daha uzun bir s\u00fcre boyunca, genellikle g\u00fcnde 8 saat ve haftada 40 saat maruz kalabilece\u011fi <strong>maksimum madde miktar\u0131n\u0131<\/strong> belirleyen bir s\u0131n\u0131r de\u011ferdir. Bu s\u0131n\u0131r de\u011fer, <strong>i\u015f\u00e7ileri <\/strong>solunum yolu hastal\u0131klar\u0131 veya kanser gibi bir maddeye maruz kalman\u0131n <strong>uzun vadeli etkilerine kar\u015f\u0131 korumak <\/strong>i\u00e7in kullan\u0131l\u0131r. <\/p>\n\n<p>VLEP&#8217;ler, kamu sa\u011fl\u0131\u011f\u0131 yetkilileri taraf\u0131ndan \u00e7al\u0131\u015fanlar\u0131n sa\u011fl\u0131\u011f\u0131n\u0131<strong> belirli maddelerin zararl\u0131 etkilerine<\/strong> kar\u015f\u0131 korumak i\u00e7in belirlenmi\u015ftir. \u0130\u015fverenlerin <a href=\"https:\/\/obera.fr\/conseils\/vlep-quels-risques-cas-de-non-respect-reglementation\/\">faaliyetleri i\u00e7in ge\u00e7erli olan TLV<\/a> &#8216;lerin fark\u0131nda olmalar\u0131 ve <strong>\u00e7al\u0131\u015fanlar\u0131n\u0131n sa\u011fl\u0131k ve g\u00fcvenli\u011fini<\/strong> sa\u011flamak i\u00e7in gerekli \u00f6nleyici tedbirleri almalar\u0131 \u00f6nemlidir. <\/p>\n\n<h2 class=\"wp-block-heading\">Bu ne anlama geliyor?<\/h2>\n\n<p>\u0130lgili \u015firketlerin, \u00e7al\u0131\u015fanlar\u0131n\u0131n bu tozlar\u0131n zararl\u0131 etkilerine kar\u015f\u0131 korunmas\u0131n\u0131 sa\u011flamak i\u00e7in <strong>1 Temmuz 2023 tarihinden \u00f6nce<\/strong> gerekli \u00f6nlemleri almas\u0131 gerekecektir. Bu \u00f6nlemler aras\u0131nda havaland\u0131rma,<strong>kaynakta<\/strong> veya ortamda<strong>ekstraksiyon<\/strong>,<strong>ki\u015fisel koruyucu ekipman<\/strong>sa\u011flanmas\u0131 veya toza maruz kalman\u0131n s\u0131n\u0131rland\u0131r\u0131lmas\u0131 gibi \u00f6nleyici tedbirlerin uygulanmas\u0131 yer alabilir. <\/p>\n\n<figure class=\"wp-block-image aligncenter size-large is-resized\"><img decoding=\"async\" width=\"1024\" height=\"293\" src=\"https:\/\/obera.fr\/wp-content\/uploads\/2023\/04\/vlep-en-mgm3-1-1024x293.png\" alt=\"VLEP'teki De&#x11F;i&#x15F;iklikler Temmuz 2023\" class=\"wp-image-22450\" style=\"width:768px;height:220px\" srcset=\"https:\/\/obera.fr\/wp-content\/uploads\/2023\/04\/vlep-en-mgm3-1-1024x293.png 1024w, https:\/\/obera.fr\/wp-content\/uploads\/2023\/04\/vlep-en-mgm3-1-300x86.png 300w, https:\/\/obera.fr\/wp-content\/uploads\/2023\/04\/vlep-en-mgm3-1-768x219.png 768w, https:\/\/obera.fr\/wp-content\/uploads\/2023\/04\/vlep-en-mgm3-1.png 1400w\" sizes=\"(max-width: 1024px) 100vw, 1024px\" \/><\/figure>\n\n<div class=\"wp-block-buttons is-horizontal is-content-justification-center is-layout-flex wp-container-core-buttons-is-layout-03627597 wp-block-buttons-is-layout-flex\">\n<div class=\"wp-block-button has-custom-width wp-block-button__width-100\"><a class=\"wp-block-button__link wp-element-button\" href=\"https:\/\/obera.fr\/tr\/bize-ulasin\/\">Daha fazla bilgi edin<\/a><\/div>\n<\/div>\n\n<h2 class=\"wp-block-heading\">VLEP&#8217;e nas\u0131l uyum sa\u011fl\u0131yorsunuz?<\/h2>\n\n<p>OberA&#8217;n\u0131n ekipmanlar\u0131, VLEP e\u015fik de\u011ferlerine uymak ve \u00e7al\u0131\u015fanlar\u0131n sa\u011fl\u0131\u011f\u0131n\u0131 korumak amac\u0131yla <strong>ortamdaki<\/strong> veya do\u011frudan kaynaktaki <strong>havay\u0131 ar\u0131tmak<\/strong> ve zararl\u0131 maddeleri ortadan kald\u0131rmak i\u00e7in tasarlanm\u0131\u015ft\u0131r. Bu cihazlar at\u00f6lyeler, fabrikalar, laboratuvarlar vb. gibi <strong>farkl\u0131 \u00e7al\u0131\u015fma ortamlar\u0131nda<\/strong> kullan\u0131labilir. <\/p>\n\n<p>OberA&#8217;n\u0131n ekipmanlar\u0131 VLEP limitlerine uyarak<strong>\u00e7al\u0131\u015fan verimlili\u011fini art\u0131rmaya<\/strong> yard\u0131mc\u0131 olur. Zararl\u0131 maddelere uzun s\u00fcre maruz kalmak yorgunluk, ba\u015f a\u011fr\u0131s\u0131, tahri\u015f veya solunum g\u00fc\u00e7l\u00fc\u011f\u00fcne neden olabilir ve bu da \u00e7al\u0131\u015fanlar\u0131n performans\u0131n\u0131 olumsuz etkileyebilir. OberA&#8217;n\u0131n cihazlar\u0131, \u00e7al\u0131\u015fanlar\u0131n sa\u011fl\u0131\u011f\u0131n\u0131 koruyarak <strong>onlar\u0131n refah\u0131n\u0131 ve i\u015fteki verimlili\u011fini art\u0131rmaya<\/strong> yard\u0131mc\u0131 olur.  <\/p>\n\n<p>Son olarak, OberA&#8217;n\u0131n ekipman\u0131 VLEP limitlerine uyarak, zararl\u0131 maddelere maruz kalman\u0131n neden<strong>oldu\u011fu sa\u011fl\u0131k sorunlar\u0131 nedeniyle i\u015f durmalar\u0131n\u0131 \u00f6nler<\/strong>. Bu, \u015firketler i\u00e7in maliyetlerin azalt\u0131lmas\u0131na ve i\u015f s\u00fcreklili\u011finin sa\u011flanmas\u0131na yard\u0131mc\u0131 olur. <\/p>\n\n<div class=\"wp-block-buttons is-content-justification-center is-layout-flex wp-container-core-buttons-is-layout-a89b3969 wp-block-buttons-is-layout-flex\">\n<div class=\"wp-block-button\"><a class=\"wp-block-button__link wp-element-button\" href=\"https:\/\/obera.fr\/tr\/produits\/\">\u00dcr\u00fcnlerimizi g\u00f6r\u00fcn<\/a><\/div>\n<\/div>\n","protected":false},"excerpt":{"rendered":"<p>1 Ocak 2022 itibariyle, spesifik etkileri olmad\u0131\u011f\u0131 d\u00fc\u015f\u00fcn\u00fclen tozlar i\u00e7in TLV&#8217;ler zaten de\u011fi\u015ftirilmi\u015ftir. Ancak bunlar, Fransa&#8217;da spesifik etkisi olmad\u0131\u011f\u0131 d\u00fc\u015f\u00fcn\u00fclen tozlar i\u00e7in TLV&#8217;lerin d\u00fc\u015f\u00fcr\u00fclece\u011fi 1 Temmuz 2023 tarihinden itibaren tekrar a\u015fa\u011f\u0131 do\u011fru revize edilecektir. <\/p>\n","protected":false},"author":4,"featured_media":89597,"comment_status":"closed","ping_status":"closed","sticky":false,"template":"","format":"standard","meta":{"_acf_changed":false,"_seopress_robots_primary_cat":"1","_seopress_titles_title":"Toz TLV'lerinin 1 Temmuz 2023'ten itibaren d\u00fc\u015f\u00fcr\u00fclmesi","_seopress_titles_desc":"1 Temmuz 2023 tarihinden itibaren, operat\u00f6rler i\u00e7in daha fazla koruma sa\u011flamak amac\u0131yla, spesifik etkileri olmad\u0131\u011f\u0131 d\u00fc\u015f\u00fcn\u00fclen tozlar i\u00e7in TLV'ler d\u00fc\u015f\u00fcr\u00fclecektir.","_seopress_robots_index":"","footnotes":""},"categories":[299],"tags":[306],"class_list":["post-53618","post","type-post","status-publish","format-standard","has-post-thumbnail","hentry","category-bizim-tavsiyemiz","tag-entete-small-tr","generate-columns","tablet-grid-50","mobile-grid-100","grid-parent","grid-50","no-featured-image-padding","resize-featured-image"],"acf":[],"_links":{"self":[{"href":"https:\/\/obera.fr\/tr\/wp-json\/wp\/v2\/posts\/53618","targetHints":{"allow":["GET"]}}],"collection":[{"href":"https:\/\/obera.fr\/tr\/wp-json\/wp\/v2\/posts"}],"about":[{"href":"https:\/\/obera.fr\/tr\/wp-json\/wp\/v2\/types\/post"}],"author":[{"embeddable":true,"href":"https:\/\/obera.fr\/tr\/wp-json\/wp\/v2\/users\/4"}],"replies":[{"embeddable":true,"href":"https:\/\/obera.fr\/tr\/wp-json\/wp\/v2\/comments?post=53618"}],"version-history":[{"count":4,"href":"https:\/\/obera.fr\/tr\/wp-json\/wp\/v2\/posts\/53618\/revisions"}],"predecessor-version":[{"id":89640,"href":"https:\/\/obera.fr\/tr\/wp-json\/wp\/v2\/posts\/53618\/revisions\/89640"}],"wp:featuredmedia":[{"embeddable":true,"href":"https:\/\/obera.fr\/tr\/wp-json\/wp\/v2\/media\/89597"}],"wp:attachment":[{"href":"https:\/\/obera.fr\/tr\/wp-json\/wp\/v2\/media?parent=53618"}],"wp:term":[{"taxonomy":"category","embeddable":true,"href":"https:\/\/obera.fr\/tr\/wp-json\/wp\/v2\/categories?post=53618"},{"taxonomy":"post_tag","embeddable":true,"href":"https:\/\/obera.fr\/tr\/wp-json\/wp\/v2\/tags?post=53618"}],"curies":[{"name":"wp","href":"https:\/\/api.w.org\/{rel}","templated":true}]}}