{"id":53656,"date":"2023-04-18T10:02:38","date_gmt":"2023-04-18T08:02:38","guid":{"rendered":"https:\/\/obera.fr\/conseils\/fransiz-is-kanunu-isyerlerinin-nasil-yenilenmesini-gerektiriyor\/"},"modified":"2025-04-23T09:11:43","modified_gmt":"2025-04-23T07:11:43","slug":"code-du-travail-et-canicule-lobligation-de-rafraichir-les-locaux","status":"publish","type":"post","link":"https:\/\/obera.fr\/tr\/bizim-tavsiyemiz\/code-du-travail-et-canicule-lobligation-de-rafraichir-les-locaux\/","title":{"rendered":"\u0130\u015f Kanunu i\u015fyerlerinin nas\u0131l yenilenmesini gerektiriyor?"},"content":{"rendered":"\n<p>\u0130klim de\u011fi\u015fikli\u011fiyle birlikte<strong> Fransa&#8217;da daha yo\u011fun ve daha s\u0131k s\u0131cak hava dalgalar\u0131 ya\u015fan\u0131yor<\/strong>. M\u00e9t\u00e9o France&#8217;a g\u00f6re, 1989&#8217;dan \u00f6nce Fransa y\u0131lda ortalama 1.7 g\u00fcn s\u0131cak hava dalgas\u0131na maruz kal\u0131yordu. Son on y\u0131lda ise bu rakam 9,4 g\u00fcne y\u00fckselmi\u015ftir. M\u00e9t\u00e9o France, s\u0131cak hava dalgalar\u0131n\u0131n 2050 y\u0131l\u0131na kadar iki kat\u0131na \u00e7\u0131kaca\u011f\u0131n\u0131 \u00f6ng\u00f6rmektedir.   <\/p>\n\n<p>Bu yo\u011fun \u0131s\u0131 d\u00f6nemleri <strong>anormal derecede y\u00fcksek s\u0131cakl\u0131klara<\/strong> neden olur ve \u00e7al\u0131\u015fanlar i\u00e7in sa\u011fl\u0131k riski olu\u015fturur. Dehidrasyon, bitkinlik, s\u0131cak \u00e7arpmas\u0131 vb. riskler vard\u0131r. Bu riskler s\u0131ca\u011f\u0131n ilk g\u00fcnlerinden itibaren belirgin hale gelebilir. <\/p>\n\n<p>Frans\u0131z <strong>\u0130\u015f Kanunu<\/strong>, i\u015fverenin s\u0131cakl\u0131k art\u0131\u015flar\u0131 ile ilgili olarak <a href=\"https:\/\/obera.fr\/tr\/bizim-tavsiyemiz\/qualite-de-lair-etablissements-de-sante\/\">i\u015f\u00e7ilerin g\u00fcvenli\u011fini sa\u011flamak ve sa\u011fl\u0131\u011f\u0131n\u0131 korumak<\/a> i\u00e7in gerekli \u00f6nlemleri almas\u0131 gerekti\u011fini belirtmektedir. Bu \u00f6nlemler \u015funlarla ilgilidir <\/p>\n\n<ul class=\"wp-block-list\">\n<li>y\u00f6netmeliklere uygun olarak <strong>havaland\u0131rma tesisat\u0131n\u0131n kurulmas\u0131<\/strong> (Frans\u0131z \u0130\u015f Kanunu Madde R4222-1).<\/li>\n\n\n\n<li><strong>\u00c7al\u0131\u015fanlara <\/strong>a\u015f\u0131r\u0131 s\u0131ca\u011fa kar\u015f\u0131 koruma <strong>sa\u011flar <\/strong>.<\/li>\n\n\n\n<li><strong>Bedava tatl\u0131 su.<\/strong><\/li>\n<\/ul>\n\n<p>\u0130\u015fveren bu \u00f6nlemleri, <strong>M\u00e9t\u00e9o France&#8217;\u0131n <\/strong>sa\u011fl\u0131k riski olu\u015fturan s\u0131cak hava dalgalar\u0131 konusunda uyar\u0131da bulunan <strong>meteorolojik teyakkuz <\/strong>sistemine at\u0131fta bulunarak uyarlamaktad\u0131r. Bu sistem, b\u00f6l\u00fcmlere g\u00f6re a\u015f\u0131lmamas\u0131 gereken s\u0131cakl\u0131k e\u015fikleri ile karakterize edilir. <\/p>\n\n<figure class=\"wp-block-image aligncenter size-full is-resized\"><img decoding=\"async\" width=\"500\" height=\"500\" src=\"https:\/\/obera.fr\/wp-content\/uploads\/2023\/06\/france_ete-1.png\" alt=\"fransa ete 1\" class=\"wp-image-23220\" style=\"width:375px;height:375px\" srcset=\"https:\/\/obera.fr\/wp-content\/uploads\/2023\/06\/france_ete-1.png 500w, https:\/\/obera.fr\/wp-content\/uploads\/2023\/06\/france_ete-1-300x300.png 300w, https:\/\/obera.fr\/wp-content\/uploads\/2023\/06\/france_ete-1-150x150.png 150w\" sizes=\"(max-width: 500px) 100vw, 500px\" \/><\/figure>\n\n<p><strong>Mavi alarm:<\/strong> 1 veya 2 g\u00fcn boyunca e\u015fik de\u011feri a\u015fan yo\u011fun <strong>\u0131s\u0131 zirvesi <\/strong>veya departman e\u015fik de\u011ferine yak\u0131n s\u0131cakl\u0131klarla <strong>kal\u0131c\u0131 \u0131s\u0131 ata\u011f\u0131<\/strong> (3 g\u00fcnden fazla). Bu olaylar boya fabrikalar\u0131, \u00e7ama\u015f\u0131rhaneler, mutfaklar, d\u00f6k\u00fcmhaneler gibi ortamlarda s\u0131ca\u011fa a\u015f\u0131r\u0131 maruz kalan \u00e7al\u0131\u015fanlar i\u00e7in sa\u011fl\u0131k riski olu\u015fturur. A\u015f\u0131r\u0131 s\u0131ca\u011fa maruz kalan \u00e7al\u0131\u015fanlar\u0131n yak\u0131n\u0131na mobil so\u011futucular yerle\u015ftirmek h\u0131zl\u0131 ve etkili bir \u00e7\u00f6z\u00fcmd\u00fcr.  <\/p>\n\n<p><strong>Turuncu alarm:<\/strong> Minimum ve maksimum e\u015fikleri a\u015fan 3 ard\u0131\u015f\u0131k g\u00fcn ve gece s\u00fcren <strong>s\u0131cak hava dalgas\u0131<\/strong>. Burada da h\u0131zl\u0131 ve uygun \u00e7\u00f6z\u00fcm, fiziksel aktiviteleri veya i\u015f yerindeki termal ortam nedeniyle \u0131s\u0131ya maruz kalan \u00e7al\u0131\u015fanlar i\u00e7in <a href=\"https:\/\/obera.fr\/tr\/bizim-tavsiyemiz-tr\/mobil-adyabatik-hava-sogutuculari-endustriyel-uygulamalar-icin-esnek-pratik-bir-cozum\/\">mobil bir adyabatik so\u011futucudur<\/a>. <\/p>\n\n<p><strong>K\u0131rm\u0131z\u0131 alarm:<\/strong> <strong>a\u015f\u0131r\u0131 s\u0131cak hava dalgas\u0131. <\/strong>S\u00fcresi ve yo\u011funlu\u011fu bak\u0131m\u0131ndan istisnai olan, her t\u00fcr \u00e7al\u0131\u015fan\u0131n sa\u011fl\u0131\u011f\u0131 \u00fczerinde b\u00fcy\u00fck etkisi olan ve i\u015f s\u00fcreklili\u011fi a\u00e7\u0131s\u0131ndan yan etkileri olabilecek a\u011f\u0131rla\u015ft\u0131r\u0131c\u0131 fakt\u00f6rlere sahip s\u0131cak hava dalgas\u0131.<\/p>\n\n<div class=\"wp-block-columns is-layout-flex wp-container-core-columns-is-layout-28f84493 wp-block-columns-is-layout-flex\">\n<div class=\"wp-block-column is-layout-flow wp-block-column-is-layout-flow\" style=\"flex-basis:50%\">\n<p>K\u0131rm\u0131z\u0131 alarm, yasal y\u00fck\u00fcml\u00fcl\u00fckleri otomatik olarak tetikler. \u0130\u015fveren her g\u00fcn, g\u00fcn i\u00e7indeki s\u0131cakl\u0131k de\u011fi\u015fimlerini, i\u015fin niteli\u011fini ve \u00e7al\u0131\u015fanlar\u0131n ya\u015f ve sa\u011fl\u0131k durumlar\u0131n\u0131 g\u00f6z \u00f6n\u00fcnde bulundurarak \u00e7al\u0131\u015fanlara y\u00f6nelik riskleri yeniden de\u011ferlendirmelidir. \u0130\u015fveren bunu yapmazsa, \u00e7al\u0131\u015fan konuyu \u0130\u015f M\u00fcfetti\u015fli\u011fi&#8217;ne veya Sosyal ve Ekonomik Komite&#8217;ye iletebilir veya cayma hakk\u0131n\u0131 kullanabilir.  <\/p>\n\n\n\n<p>K\u0131rm\u0131z\u0131 alarm durumunda<strong>i\u015fverenlerin<\/strong> h\u0131zl\u0131 tepki<strong>vermesi gerekir<\/strong>. Hava spreyleri kiralamak bu sorunun cevab\u0131d\u0131r. S\u0131cakl\u0131k ne kadar y\u00fcksek olursa, so\u011futucu da o kadar etkili olur. K\u0131rm\u0131z\u0131 alarm durumunda, so\u011futucunun rahat bir s\u0131cakl\u0131\u011f\u0131 korumak i\u00e7in yeterince y\u00fcksek bir hava ak\u0131\u015f\u0131na sahip olmas\u0131 gerekir. A\u015f\u0131r\u0131 s\u0131cak dalgas\u0131yla etkili bir \u015fekilde m\u00fccadele etmek i\u00e7in birka\u00e7 so\u011futucu kiralamak da isteyebilirsiniz.    <\/p>\n<\/div>\n\n\n\n<div class=\"wp-block-column is-layout-flow wp-block-column-is-layout-flow\" style=\"flex-basis:50%\">\n<figure class=\"wp-block-embed is-type-video is-provider-youtube wp-block-embed-youtube wp-embed-aspect-16-9 wp-has-aspect-ratio\"><div class=\"wp-block-embed__wrapper\">\n<iframe title=\"Rafraichisseur d&#039;air - Gamme IC - OberA\" width=\"1200\" height=\"675\" src=\"https:\/\/www.youtube.com\/embed\/NG-Ssy2oM70?feature=oembed\" frameborder=\"0\" allow=\"accelerometer; autoplay; clipboard-write; encrypted-media; gyroscope; picture-in-picture; web-share\" referrerpolicy=\"strict-origin-when-cross-origin\" allowfullscreen><\/iframe>\n<\/div><\/figure>\n<\/div>\n<\/div>\n\n<div style=\"height:20px\" aria-hidden=\"true\" class=\"wp-block-spacer\"><\/div>\n\n<div class=\"wp-block-buttons is-content-justification-center is-layout-flex wp-container-core-buttons-is-layout-a89b3969 wp-block-buttons-is-layout-flex\">\n<div class=\"wp-block-button\"><a class=\"wp-block-button__link wp-element-button\" href=\"https:\/\/obera.fr\/tr\/contact\/\">KI\u015eISELLE\u015eTIRILMI\u015e TAVSIYEYE MI IHTIYACINIZ VAR?<\/a><\/div>\n<\/div>\n","protected":false},"excerpt":{"rendered":"<p>\u0130klim de\u011fi\u015fikli\u011fiyle birlikte Fransa&#8217;da daha yo\u011fun ve daha s\u0131k s\u0131cak hava dalgalar\u0131 ya\u015fan\u0131yor. M\u00e9t\u00e9o France&#8217;a g\u00f6re, 1989&#8217;dan \u00f6nce Fransa y\u0131lda ortalama 1.7 g\u00fcn s\u0131cak hava dalgas\u0131na maruz kal\u0131yordu. Son on y\u0131lda ise bu rakam 9,4 g\u00fcne y\u00fckselmi\u015ftir. M\u00e9t\u00e9o France, s\u0131cak hava dalgalar\u0131n\u0131n 2050 y\u0131l\u0131na kadar iki kat\u0131na \u00e7\u0131kaca\u011f\u0131n\u0131 \u00f6ng\u00f6rmektedir.   <\/p>\n","protected":false},"author":4,"featured_media":85461,"comment_status":"closed","ping_status":"closed","sticky":false,"template":"","format":"standard","meta":{"_acf_changed":false,"_seopress_robots_primary_cat":"none","_seopress_titles_title":"\u0130\u015f Kanunu i\u015f yerinde ikramlar\u0131 zorunlu k\u0131l\u0131yor mu?","_seopress_titles_desc":"\u0130\u015f Kanunu uyar\u0131nca, i\u015fverenler s\u0131cak hava dalgalar\u0131 s\u0131ras\u0131nda tesislerinin serin tutulmas\u0131n\u0131 sa\u011flamakla y\u00fck\u00fcml\u00fcd\u00fcr. Uygulanmas\u0131 gereken \u00f6nlemler hakk\u0131nda daha fazla bilgi edinin. ","_seopress_robots_index":"","footnotes":""},"categories":[299],"tags":[306],"class_list":["post-53656","post","type-post","status-publish","format-standard","has-post-thumbnail","hentry","category-bizim-tavsiyemiz","tag-entete-small-tr","generate-columns","tablet-grid-50","mobile-grid-100","grid-parent","grid-50","no-featured-image-padding","resize-featured-image"],"acf":[],"_links":{"self":[{"href":"https:\/\/obera.fr\/tr\/wp-json\/wp\/v2\/posts\/53656","targetHints":{"allow":["GET"]}}],"collection":[{"href":"https:\/\/obera.fr\/tr\/wp-json\/wp\/v2\/posts"}],"about":[{"href":"https:\/\/obera.fr\/tr\/wp-json\/wp\/v2\/types\/post"}],"author":[{"embeddable":true,"href":"https:\/\/obera.fr\/tr\/wp-json\/wp\/v2\/users\/4"}],"replies":[{"embeddable":true,"href":"https:\/\/obera.fr\/tr\/wp-json\/wp\/v2\/comments?post=53656"}],"version-history":[{"count":3,"href":"https:\/\/obera.fr\/tr\/wp-json\/wp\/v2\/posts\/53656\/revisions"}],"predecessor-version":[{"id":86054,"href":"https:\/\/obera.fr\/tr\/wp-json\/wp\/v2\/posts\/53656\/revisions\/86054"}],"wp:featuredmedia":[{"embeddable":true,"href":"https:\/\/obera.fr\/tr\/wp-json\/wp\/v2\/media\/85461"}],"wp:attachment":[{"href":"https:\/\/obera.fr\/tr\/wp-json\/wp\/v2\/media?parent=53656"}],"wp:term":[{"taxonomy":"category","embeddable":true,"href":"https:\/\/obera.fr\/tr\/wp-json\/wp\/v2\/categories?post=53656"},{"taxonomy":"post_tag","embeddable":true,"href":"https:\/\/obera.fr\/tr\/wp-json\/wp\/v2\/tags?post=53656"}],"curies":[{"name":"wp","href":"https:\/\/api.w.org\/{rel}","templated":true}]}}