{"id":53695,"date":"2023-04-18T09:57:36","date_gmt":"2023-04-18T07:57:36","guid":{"rendered":"https:\/\/obera.fr\/conseils\/adyabatik-sogutucu-cevre-dostu-bir-biyoklimatik-cihazdir\/"},"modified":"2025-04-23T09:07:28","modified_gmt":"2025-04-23T07:07:28","slug":"le-rafraichisseur-adiabatique-represente-un-dispositif-bioclimatique-respectueux-de-lenvironnement","status":"publish","type":"post","link":"https:\/\/obera.fr\/tr\/bizim-tavsiyemiz\/le-rafraichisseur-adiabatique-represente-un-dispositif-bioclimatique-respectueux-de-lenvironnement\/","title":{"rendered":"Adyabatik so\u011futucu \u00e7evre dostu bir biyoklimatik cihazd\u0131r"},"content":{"rendered":"\n<h2 class=\"wp-block-heading\">Adyabatik so\u011futucu enerji tasarrufuna katk\u0131da bulunur<\/h2>\n\n<p><strong>Adyabatik so\u011futma<\/strong>, piyasadaki en enerji tasarruflu klima sistemi olarak tan\u0131mlanabilir.<\/p>\n\n<p><strong> Suyun do\u011fal buharla\u015fma s\u00fcreci <\/strong>so\u011futucunun so\u011futma kapasitesinin \u00e7o\u011funu sa\u011flar. Havaland\u0131rma ve su sirk\u00fclasyonu i\u00e7in enerji t\u00fcketimi, sa\u011flanan so\u011futma kapasitesinin sadece %5&#8217;ini olu\u015fturur. Hava ne kadar s\u0131cak olursa <strong>enerji verimlili\u011fi<\/strong> de o kadar artar. Bunun nedeni, <strong>daha y\u00fcksek s\u0131cakl\u0131klarda buharla\u015fma s\u00fcrecinin h\u0131zlanmas\u0131<\/strong>, dolay\u0131s\u0131yla havadan \u00e7ekilen \u0131s\u0131n\u0131n artmas\u0131d\u0131r. Cihaz\u0131n enerji t\u00fcketimi ayn\u0131 kal\u0131rken so\u011futucunun so\u011futma kapasitesi artar.    <\/p>\n\n<p>Dahas\u0131, adyabatik sistemin so\u011futma kapasitesinin %95&#8217;i suyun buharla\u015fmas\u0131na ba\u011fl\u0131 oldu\u011fundan, yal\u0131t\u0131m\u0131 \u00e7ok az olan veya hi\u00e7 olmayan binalar <strong>\u00f6nemli \u00f6l\u00e7\u00fcde daha fazla enerji t\u00fcketmez <\/strong>.<\/p>\n\n<div class=\"wp-block-columns is-layout-flex wp-container-core-columns-is-layout-28f84493 wp-block-columns-is-layout-flex\">\n<div class=\"wp-block-column is-layout-flow wp-block-column-is-layout-flow\" style=\"flex-basis:50%\">\n<p>So\u011futucunun su ve hava d\u00f6ng\u00fclerini \u00e7al\u0131\u015ft\u0131ran <strong>elektrik motorlar\u0131n\u0131n ihtiya\u00e7 duydu\u011fu<\/strong> enerji, hem ba\u015flang\u0131\u00e7ta hem de \u00e7al\u0131\u015fma s\u0131ras\u0131nda \u00e7ok az g\u00fc\u00e7 gerektirir. Havaland\u0131rma ve su sirk\u00fclasyonundaki mekanik s\u00fcrt\u00fcnmeden kaynaklanan enerji kay\u0131plar\u0131, donan\u0131m konfig\u00fcrasyonunun basitli\u011fi sayesinde<strong> enerji t\u00fcketiminin<\/strong> yaln\u0131zca %5&#8217;ini olu\u015fturmaktad\u0131r. <\/p>\n\n\n\n<p>Elbette elektrik t\u00fcketimi<strong> havaland\u0131rma ve su sirk\u00fclasyonunun<\/strong> h\u0131z\u0131na ba\u011fl\u0131d\u0131r. Modele ba\u011fl\u0131 olarak 250 m\u00b2&#8217;lik bir alan\u0131 so\u011futmak i\u00e7in 1 ila 3 kWh aras\u0131nda de\u011fi\u015febilir. Sonu\u00e7 olarak, <a href=\"https:\/\/obera.fr\/tr\/bizim-tavsiyemiz\/comment-fonctionne-un-rafraichisseur-adiabatique\/\">adyabatik so\u011futucu <\/a>, herhangi bir end\u00fcstriyel tesis i\u00e7in s\u0131cak havalarda iklimlendirmede enerji tasarrufu sa\u011flayan bir kaynakt\u0131r.  <\/p>\n<\/div>\n\n\n\n<div class=\"wp-block-column is-layout-flow wp-block-column-is-layout-flow\" style=\"flex-basis:50%\">\n<figure class=\"wp-block-embed is-type-video is-provider-youtube wp-block-embed-youtube wp-embed-aspect-16-9 wp-has-aspect-ratio\"><div class=\"wp-block-embed__wrapper\">\n<iframe title=\"Rafraichisseur d&#039;air - Gamme IC - OberA\" width=\"1200\" height=\"675\" src=\"https:\/\/www.youtube.com\/embed\/NG-Ssy2oM70?feature=oembed\" frameborder=\"0\" allow=\"accelerometer; autoplay; clipboard-write; encrypted-media; gyroscope; picture-in-picture; web-share\" referrerpolicy=\"strict-origin-when-cross-origin\" allowfullscreen><\/iframe>\n<\/div><\/figure>\n<\/div>\n<\/div>\n\n<h2 class=\"wp-block-heading\">Adyabatik so\u011futma, orta d\u00fczeyde su t\u00fcketimi ile karakterize edilir<\/h2>\n\n<p><strong> Sanayi sekt\u00f6r\u00fc<\/strong> \u00e7al\u0131\u015fan ba\u015f\u0131na g\u00fcnde ortalama 500 litre t\u00fcketmektedir. Adyabatik bir so\u011futucu <strong>250m\u00b2&#8217;lik bir oda<\/strong> i\u00e7in g\u00fcnde 120 litre buharla\u015ft\u0131r\u0131r. Bu odada 12 i\u015f istasyonu varsa, bu ortalama g\u00fcnl\u00fck t\u00fcketimin %2&#8217;sine denk gelir. <\/p>\n\n<p><strong>Adyabatik so\u011futucunun<\/strong> d\u00fc\u015f\u00fck su t\u00fcketimi, k\u00fcresel \u0131s\u0131nmayla ba\u011flant\u0131l\u0131 olarak yaz d\u00f6nemi i\u00e7in ilan edilen kullan\u0131m k\u0131s\u0131tlamalar\u0131yla \u00e7eli\u015fmez.<\/p>\n\n<p>Dahas\u0131,<strong> su buhar\u0131 \u015feklinde t\u00fcketilen su <\/strong>herhangi bir end\u00fcstriyel kirlili\u011fe maruz kalmaz; do\u011fal d\u00f6ng\u00fcs\u00fcne devam ederek atmosfere geri d\u00f6ner. Benzer \u015fekilde, tahliye edilen su \u00f6n ar\u0131tmaya tabi tutulmadan <strong>sanayi tesisinin at\u0131k su sistemine<\/strong> de\u015farj edilebilir. <\/p>\n\n<h2 class=\"wp-block-heading\">Adyabatik so\u011futma d\u00fc\u015f\u00fck ekolojik ayak izine sahiptir<\/h2>\n\n<p><strong>Adyabatik so\u011futucunun \u00e7ok d\u00fc\u015f\u00fck enerji ve su t\u00fcketimi ile \u00e7al\u0131\u015ft\u0131\u011f\u0131n\u0131<\/strong> belirttik. Orta d\u00fczeyde bir karbon ayak izine sahiptir. <\/p>\n\n<figure class=\"wp-block-image alignright size-full is-resized\"><img decoding=\"async\" width=\"613\" height=\"441\" src=\"https:\/\/obera.fr\/wp-content\/uploads\/2024\/09\/ecologie.png\" alt=\"b&#xFC;y&#xFC;yen bir bitki ile topra&#x11F;&#x131; tutan el\" class=\"wp-image-33973\" style=\"width:278px;height:auto\" srcset=\"https:\/\/obera.fr\/wp-content\/uploads\/2024\/09\/ecologie.png 613w, https:\/\/obera.fr\/wp-content\/uploads\/2024\/09\/ecologie-300x216.png 300w\" sizes=\"(max-width: 613px) 100vw, 613px\" \/><\/figure>\n\n<p>Adyabatik so\u011futucu, hava kirlili\u011fine ve ozon tabakas\u0131n\u0131n tahribat\u0131na katk\u0131da bulunan so\u011futucu ak\u0131\u015fkanlardan hi\u00e7birini kullanmaz. Tek so\u011futucu ak\u0131\u015fkan\u0131 su buhar\u0131d\u0131r. Dolay\u0131s\u0131yla <strong>adyabatik <\/strong>so\u011futucu, insan yap\u0131m\u0131 so\u011futucu emisyonlar\u0131yla ba\u011flant\u0131l\u0131 <strong>sera etkisine katk\u0131da bulun <\/strong>maz. \u00c7\u00fcnk\u00fc su buhar\u0131 yaln\u0131zca do\u011fal su d\u00f6ng\u00fcs\u00fcyle ba\u011flant\u0131l\u0131 olarak d\u00fcnyan\u0131n do\u011fal sera etkisine katk\u0131da bulunur. Dahas\u0131, adyabatik bir so\u011futucu,<strong> end\u00fcstriyel faaliyetlerin<\/strong> yayd\u0131\u011f\u0131 miktara k\u0131yasla \u00e7ok az miktarda su buhar\u0131 yayar.    <\/p>\n\n<p>Son olarak, adyabatik so\u011futucunun basit malzeme konfig\u00fcrasyonu, \u00f6mr\u00fcn\u00fcn sonunda y\u00fcksek oranda geri d\u00f6n\u00fc\u015ft\u00fcr\u00fclebilir oldu\u011fu anlam\u0131na gelir. G\u00f6vdedeki propilen, polistiren ve PVC gibi polimerlerin \u00fcretiminde kullan\u0131lan akrilik aside geri d\u00f6n\u00fc\u015ft\u00fcr\u00fclebilir. Benzer \u015fekilde,<strong>kasadaki al\u00fcminyum da y\u00fcksek oranda geri d\u00f6n\u00fc\u015ft\u00fcr\u00fclebilir<\/strong>. Fan, pompa, problar ve di\u011fer par\u00e7alar elektrikli ve elektronik at\u0131k olarak kabul edilir ve<strong> Avrupa WEEE direktifine<\/strong> uygun olarak toplanmal\u0131 ve i\u015flenmelidir. Evaporatif panel bir at\u0131k toplama merkezinde kompostlanabilir.    <\/p>\n\n<p><strong> Adyabatik so\u011futucu<\/strong>, ya\u015fam d\u00f6ng\u00fcs\u00fc boyunca<strong> d\u00fc\u015f\u00fck bir \u00e7evresel etki yarat\u0131r<\/strong>. Adyabatik so\u011futucu sat\u0131n almak, k\u00fcresel \u0131s\u0131nmaya kar\u015f\u0131 bir eylem olarak bir \u015firketin s\u00fcrd\u00fcr\u00fclebilir kalk\u0131nma politikas\u0131n\u0131n bir par\u00e7as\u0131d\u0131r.<\/p>\n\n<div style=\"height:20px\" aria-hidden=\"true\" class=\"wp-block-spacer\"><\/div>\n\n<div class=\"wp-block-buttons alignwide is-content-justification-center is-layout-flex wp-container-core-buttons-is-layout-a89b3969 wp-block-buttons-is-layout-flex\">\n<div class=\"wp-block-button\"><a class=\"wp-block-button__link wp-element-button\" href=\"https:\/\/obera.fr\/tr\/contact\/\">KI\u015eISELLE\u015eTIRILMI\u015e TAVSIYEYE MI IHTIYACINIZ VAR?<\/a><\/div>\n<\/div>\n","protected":false},"excerpt":{"rendered":"<p>Adyabatik so\u011futucu, \u00e7evre dostu bir biyoklimatik cihazd\u0131r. Enerji tasarrufuna katk\u0131da bulunur, orta d\u00fczeyde su t\u00fcketimi ile karakterize edilir ve k\u00fc\u00e7\u00fck bir ekolojik ayak izine sahiptir. <\/p>\n","protected":false},"author":4,"featured_media":85586,"comment_status":"closed","ping_status":"closed","sticky":false,"template":"","format":"standard","meta":{"_acf_changed":false,"_seopress_robots_primary_cat":"none","_seopress_titles_title":"Adyabatik so\u011futucular: biyoklimatik eko-cihazlar","_seopress_titles_desc":"\u00c7evre dostu olan adyabatik so\u011futucu, \u00e7al\u0131\u015fma alanlar\u0131n\u0131zdaki s\u0131cakl\u0131\u011f\u0131 d\u00fc\u015f\u00fcrmek i\u00e7in biyoklimatik bir cihazd\u0131r.","_seopress_robots_index":"","footnotes":""},"categories":[299],"tags":[306],"class_list":["post-53695","post","type-post","status-publish","format-standard","has-post-thumbnail","hentry","category-bizim-tavsiyemiz","tag-entete-small-tr","generate-columns","tablet-grid-50","mobile-grid-100","grid-parent","grid-50","no-featured-image-padding","resize-featured-image"],"acf":[],"_links":{"self":[{"href":"https:\/\/obera.fr\/tr\/wp-json\/wp\/v2\/posts\/53695","targetHints":{"allow":["GET"]}}],"collection":[{"href":"https:\/\/obera.fr\/tr\/wp-json\/wp\/v2\/posts"}],"about":[{"href":"https:\/\/obera.fr\/tr\/wp-json\/wp\/v2\/types\/post"}],"author":[{"embeddable":true,"href":"https:\/\/obera.fr\/tr\/wp-json\/wp\/v2\/users\/4"}],"replies":[{"embeddable":true,"href":"https:\/\/obera.fr\/tr\/wp-json\/wp\/v2\/comments?post=53695"}],"version-history":[{"count":3,"href":"https:\/\/obera.fr\/tr\/wp-json\/wp\/v2\/posts\/53695\/revisions"}],"predecessor-version":[{"id":85851,"href":"https:\/\/obera.fr\/tr\/wp-json\/wp\/v2\/posts\/53695\/revisions\/85851"}],"wp:featuredmedia":[{"embeddable":true,"href":"https:\/\/obera.fr\/tr\/wp-json\/wp\/v2\/media\/85586"}],"wp:attachment":[{"href":"https:\/\/obera.fr\/tr\/wp-json\/wp\/v2\/media?parent=53695"}],"wp:term":[{"taxonomy":"category","embeddable":true,"href":"https:\/\/obera.fr\/tr\/wp-json\/wp\/v2\/categories?post=53695"},{"taxonomy":"post_tag","embeddable":true,"href":"https:\/\/obera.fr\/tr\/wp-json\/wp\/v2\/tags?post=53695"}],"curies":[{"name":"wp","href":"https:\/\/api.w.org\/{rel}","templated":true}]}}