{"id":53844,"date":"2023-04-17T08:55:55","date_gmt":"2023-04-17T06:55:55","guid":{"rendered":"https:\/\/obera.fr\/conseils\/adyabatik-hava-sogutuculari-calismasi-ve-faydalari\/"},"modified":"2025-04-25T10:03:23","modified_gmt":"2025-04-25T08:03:23","slug":"le-principe-de-fonctionnement-du-refroidissement-adiabatique-air-eau-evaporation","status":"publish","type":"post","link":"https:\/\/obera.fr\/tr\/bizim-tavsiyemiz\/le-principe-de-fonctionnement-du-refroidissement-adiabatique-air-eau-evaporation\/","title":{"rendered":"Adyabatik hava so\u011futucular\u0131: \u00e7al\u0131\u015fmas\u0131 ve faydalar\u0131"},"content":{"rendered":"\n<div class=\"wp-block-columns is-layout-flex wp-container-core-columns-is-layout-28f84493 wp-block-columns-is-layout-flex\">\n<div class=\"wp-block-column is-vertically-aligned-center is-layout-flow wp-block-column-is-layout-flow\" style=\"flex-basis:66.66%\">\n<p>\u00c7evresel kayg\u0131lar ve artan enerji maliyetleri, \u00f6zellikle end\u00fcstriyel, ticari ve hizmet binalar\u0131ndaki <strong>havay\u0131 <\/strong>so\u011futmak i\u00e7in <strong>adyabatik hava so\u011futuculara<\/strong> olan ilginin yenilenmesine yol a\u00e7m\u0131\u015ft\u0131r.  <\/p>\n\n\n\n<p>Y\u00fczy\u0131llard\u0131r kullan\u0131lan <a href=\"https:\/\/obera.fr\/tr\/bizim-tavsiyemiz\/comment-fonctionne-un-rafraichisseur-adiabatique\/\">adyabatik so\u011futma<\/a>, ortam havas\u0131n\u0131 do\u011fal olarak temperlemek i\u00e7in buharla\u015fmaya dayan\u0131r. S\u0131v\u0131 suyun buhara d\u00f6n\u00fc\u015fmesi ortamdaki \u0131s\u0131y\u0131 emerek hava s\u0131cakl\u0131\u011f\u0131n\u0131 d\u00fc\u015f\u00fcr\u00fcr. <\/p>\n\n\n\n<p>S\u0131cak bir havada y\u00fczd\u00fckten sonra \u0131l\u0131k ve kuru r\u00fczgar\u0131n \u0131slak tenimize de\u011fmesiyle hissedilen serinlik hissi gibi g\u00fcnl\u00fck olaylarda alg\u0131lanabilen bu so\u011futma s\u00fcrecine hepimiz a\u015finay\u0131z.  <\/p>\n\n\n\n<p>Ancak <strong>adyabatik so\u011futman\u0131n<\/strong> nas\u0131l \u00e7al\u0131\u015ft\u0131\u011f\u0131n\u0131, iklimlendirmeye g\u00f6re avantajlar\u0131n\u0131 ve end\u00fcstri ile toplumdaki uygulamalar\u0131n\u0131 tam olarak anlamak i\u00e7in daha ayr\u0131nt\u0131l\u0131 bir a\u00e7\u0131klamaya ihtiya\u00e7 vard\u0131r.<\/p>\n<\/div>\n\n\n\n<div class=\"wp-block-column is-layout-flow wp-block-column-is-layout-flow\" style=\"flex-basis:33.33%\">\n<figure class=\"wp-block-image aligncenter size-full is-resized\"><img decoding=\"async\" width=\"500\" height=\"500\" src=\"https:\/\/obera.fr\/wp-content\/uploads\/2023\/06\/raf_phenomene-naturel-1.png\" alt=\"raf do&#x11F;al fenomeni&#x307; 1\" class=\"wp-image-23174\" srcset=\"https:\/\/obera.fr\/wp-content\/uploads\/2023\/06\/raf_phenomene-naturel-1.png 500w, https:\/\/obera.fr\/wp-content\/uploads\/2023\/06\/raf_phenomene-naturel-1-300x300.png 300w, https:\/\/obera.fr\/wp-content\/uploads\/2023\/06\/raf_phenomene-naturel-1-150x150.png 150w\" sizes=\"(max-width: 500px) 100vw, 500px\" \/><\/figure>\n<\/div>\n<\/div>\n\n<h2 class=\"wp-block-heading\"><strong>Adyabatik hava so\u011futucunun<\/strong> \u00e7al\u0131\u015fmas\u0131<\/h2>\n\n<h3 class=\"wp-block-heading\"><strong>Adyabatik evaporatif so\u011futma<\/strong> nas\u0131l \u00e7al\u0131\u015f\u0131r?<\/h3>\n\n<p>Havan\u0131n adyabatik so\u011futmas\u0131, buharla\u015fan su taraf\u0131ndan emilen enerji sayesinde ortam s\u0131cakl\u0131\u011f\u0131n\u0131 d\u00fc\u015f\u00fcr\u00fcr. Su s\u0131cak hava ile temas etti\u011finde bir k\u0131sm\u0131 buharla\u015f\u0131r. Bu <strong>durum de\u011fi\u015fikli\u011fi<\/strong>, buharla\u015fman\u0131n gizli \u0131s\u0131s\u0131 olarak bilinen enerji yo\u011fun bir s\u00fcre\u00e7 olan hidrojen ba\u011flar\u0131n\u0131 k\u0131rmak i\u00e7in \u0131s\u0131 enerjisinin emilmesini gerektirir. 20\u00b0C&#8217;deki bir kilogram suyun buharla\u015fmas\u0131 i\u00e7in 2454 kJ termal enerji absorbe etmesi gerekir.   <\/p>\n\n<p>Havadan suya do\u011fru olan bu \u0131s\u0131 ak\u0131\u015f\u0131 \u00e7evredeki havay\u0131 so\u011futur. Ba\u015flang\u0131\u00e7 s\u0131cakl\u0131\u011f\u0131 25\u00b0C ila 40\u00b0C aras\u0131nda olan hava, tesisin b\u00fcy\u00fckl\u00fc\u011f\u00fcne ve d\u0131\u015far\u0131daki nem ko\u015fullar\u0131na ba\u011fl\u0131 olarak 5\u00b0C ila 11\u00b0C aras\u0131nda \u0131s\u0131 kaybedebilir. \u00dcflenen ve so\u011futulan hava, \u00f6zellikle do\u011frudan<a href=\"https:\/\/obera.fr\/tr\/produits\/rafraichisseurs-air\/\"> adyabatik so\u011futucunun<\/a> \u00e7\u0131k\u0131\u015f\u0131nda daha y\u00fcksek bir nem seviyesine sahiptir.  <\/p>\n\n<p><br\/>Bu <strong>so\u011futma adyabatik olarak adland\u0131r\u0131l\u0131r<\/strong>, \u00e7\u00fcnk\u00fc enerji su\/hava sistemi i\u00e7inde d\u0131\u015far\u0131 ile de\u011fi\u015f toku\u015f edilmeden korunur: hissedilebilir \u0131s\u0131 buharla\u015fma yoluyla gizli \u0131s\u0131ya, yani neme d\u00f6n\u00fc\u015f\u00fcr.<\/p>\n\n<div class=\"wp-block-columns is-layout-flex wp-container-core-columns-is-layout-28f84493 wp-block-columns-is-layout-flex\">\n<div class=\"wp-block-column is-layout-flow wp-block-column-is-layout-flow\">\n<figure class=\"wp-block-image aligncenter size-full is-resized\"><img decoding=\"async\" width=\"600\" height=\"600\" src=\"https:\/\/obera.fr\/wp-content\/uploads\/2023\/04\/evaporation-moleculaire.png\" alt=\"molek&#xFC;ler buharla&#x15F;ma\" class=\"wp-image-20817\" style=\"width:300px;height:300px\" srcset=\"https:\/\/obera.fr\/wp-content\/uploads\/2023\/04\/evaporation-moleculaire.png 600w, https:\/\/obera.fr\/wp-content\/uploads\/2023\/04\/evaporation-moleculaire-300x300.png 300w, https:\/\/obera.fr\/wp-content\/uploads\/2023\/04\/evaporation-moleculaire-150x150.png 150w\" sizes=\"(max-width: 600px) 100vw, 600px\" \/><\/figure>\n<\/div>\n\n\n\n<div class=\"wp-block-column is-layout-flow wp-block-column-is-layout-flow\">\n<figure class=\"wp-block-image aligncenter size-full is-resized\"><img decoding=\"async\" width=\"600\" height=\"600\" src=\"https:\/\/obera.fr\/wp-content\/uploads\/2023\/04\/evaporation-moleculaire-2-1.png\" alt=\"molek&#xFC;ler buharla&#x15F;ma 2 1\" class=\"wp-image-20823\" style=\"width:300px;height:300px\" srcset=\"https:\/\/obera.fr\/wp-content\/uploads\/2023\/04\/evaporation-moleculaire-2-1.png 600w, https:\/\/obera.fr\/wp-content\/uploads\/2023\/04\/evaporation-moleculaire-2-1-300x300.png 300w, https:\/\/obera.fr\/wp-content\/uploads\/2023\/04\/evaporation-moleculaire-2-1-150x150.png 150w\" sizes=\"(max-width: 600px) 100vw, 600px\" \/><\/figure>\n<\/div>\n<\/div>\n\n<h3 class=\"wp-block-heading\"><strong>Adyabatik so\u011futucunun <\/strong> ana bile\u015fenleri  <\/h3>\n\n<h4 class=\"wp-block-heading\">1. Adyabatik ortam<\/h4>\n\n<p>Evaporatif panel <strong>adyabatik so\u011futman\u0131n en \u00f6nemli par\u00e7as\u0131d\u0131r<\/strong>. Performanslar\u0131 hava s\u0131cakl\u0131\u011f\u0131 (ve daha spesifik olarak kuru termometre ile ya\u015f termometre aras\u0131ndaki s\u0131cakl\u0131k fark\u0131), havan\u0131n ba\u011f\u0131l nemi ve atmosferik bas\u0131n\u00e7 gibi bir dizi fakt\u00f6re ba\u011fl\u0131d\u0131r. Bu fakt\u00f6rler buharla\u0122ma oran\u0131 ve dolay\u0131s\u0131yla so\u011futma sisteminin verimlili\u011fi \u00fczerinde do\u011frudan bir etkiye sahiptir. <\/p>\n\n<p>Panellerin tasar\u0131m\u0131 ve malzemeleri de bir o kadar \u00f6nemlidir. Yivli sel\u00fclozdan yap\u0131lan bu evaporatif ortamlar, <strong>hava ve su aras\u0131ndaki temas y\u00fczeyini<\/strong> en \u00fcst d\u00fczeye \u00e7\u0131karmal\u0131d\u0131r, bu da adyabatik so\u011futmay\u0131 geli\u015ftirir. <\/p>\n\n<h4 class=\"wp-block-heading\">2. Su da\u011f\u0131t\u0131m sistemi<\/h4>\n\n<p>Adyabatik ortam \u00fczerinde suyun e\u015fit ve sabit da\u011f\u0131l\u0131m\u0131n\u0131 sa\u011flamak, panellerin optimum doygunlu\u011funu korumak ve b\u00f6ylece etkili adyabatik so\u011futmay\u0131 garanti etmek i\u00e7in \u00e7ok \u00f6nemlidir. Bu, da\u011f\u0131t\u0131c\u0131lar\u0131n, nozullar\u0131n veya damlat\u0131c\u0131lar\u0131n i\u015flevidir. Pompalar, <strong>ak\u0131\u015f reg\u00fclat\u00f6rleri<\/strong> ve kontrol valfleri su ak\u0131\u015f\u0131nda sabit bir bas\u0131n\u00e7 sa\u011flar. Borular bas\u0131n\u00e7 kay\u0131plar\u0131n\u0131 en aza indirir.     <\/p>\n\n<p>Su kalitesi de<strong>buharla\u015fma s\u00fcrecinin verimlili\u011finde<\/strong> \u00f6nemli bir fakt\u00f6rd\u00fcr. Tuz ve biyolojik partik\u00fcl i\u00e7ermeyen bir s\u0131v\u0131 daha kolay buharla\u015f\u0131r. Suyun safl\u0131\u011f\u0131n\u0131 garanti etmek i\u00e7in demineralizasyon filtreleri ve dezenfeksiyon sistemleri kullan\u0131l\u0131r.  <\/p>\n\n<h4 class=\"wp-block-heading\">3. Havaland\u0131rma sistemi<\/h4>\n\n<p><strong>Adyabatik so\u011futma sisteminde<\/strong> havaland\u0131rma esast\u0131r. Fanlar, nemlendirilmi\u015f panellere s\u0131cak hava ak\u0131\u015f\u0131n\u0131n y\u00f6n\u00fcn\u00fc ve h\u0131z\u0131n\u0131 d\u00fczenleyerek petek ortam\u0131ndan ge\u00e7en hava ak\u0131\u015f\u0131n\u0131 etkin bir \u015fekilde kontrol eder ve so\u011futma i\u015fleminin verimlili\u011fini art\u0131r\u0131r.   <\/p>\n\n<p>Dahas\u0131, oda spreyleri partik\u00fclleri ve tozu yakalayan, i\u00e7 mekan hava kalitesini art\u0131ran ve <strong>adyabatik ortam\u0131<\/strong> t\u0131kanmaya kar\u015f\u0131 koruyan filtrelerle donat\u0131lm\u0131\u015ft\u0131r.<\/p>\n\n<h2 class=\"wp-block-heading\">Klimaya kar\u015f\u0131 <strong>evaporatif so\u011futma<\/strong>: enerji, ekolojik ve finansal faydalar   <\/h2>\n\n<h3 class=\"wp-block-heading\">Enerji verimlili\u011fi<\/h3>\n\n<h4 class=\"wp-block-heading\">Havay\u0131 so\u011futmak i\u00e7in \u00e7ok d\u00fc\u015f\u00fck elektrik t\u00fcketimi<\/h4>\n\n<p>Bir <strong>adyabatik so\u011futucu<\/strong> taraf\u0131ndan t\u00fcketilen elektrik yaln\u0131zca havaland\u0131rma ve su sirk\u00fclasyonundan gelir ve sa\u011flanan so\u011futma kapasitesinin yaln\u0131zca %5&#8217;ini temsil eder. Asl\u0131nda, so\u011futma kapasitesinin %95&#8217;i, so\u011fuk \u00fcretmek i\u00e7in tamamen elektri\u011fe ba\u011fl\u0131 olan kliman\u0131n aksine, suyun buharla\u015fmas\u0131n\u0131n do\u011fal s\u00fcreciyle \u00fcretilir. Sonu\u00e7 olarak, adyabatik hava so\u011futucular\u0131 geleneksel klimaya g\u00f6re 10 kat daha az elektrik t\u00fcketir!  <\/p>\n\n<p>Bilgi i\u00e7in, 250 m\u00b2&#8217;lik bir oday\u0131 so\u011futmak i\u00e7in <strong>adyabatik bir so\u011futucunun elektrik t\u00fcketimi<\/strong> 1 ila 3 kWh aras\u0131nda de\u011fi\u015fmektedir (kurulan modele ba\u011fl\u0131 olarak).<\/p>\n\n<h4 class=\"wp-block-heading\">\u00c7evreyi so\u011futmak i\u00e7in son derece d\u00fc\u015f\u00fck su kullan\u0131m\u0131<\/h4>\n\n<p>Adyabatik bir so\u011futucu 250 m\u00b2&#8217;lik bir oday\u0131 so\u011futmak i\u00e7in g\u00fcnde yakla\u015f\u0131k 120 litre su t\u00fcketmektedir. Bu miktar \u00f6nemsizdir: sanayi sekt\u00f6r\u00fc i\u015f\u00e7i ba\u015f\u0131na g\u00fcnde ortalama 500 litre su harcamaktad\u0131r. <\/p>\n\n<p>\u00d6rnek vermek gerekirse, bu odada 12 i\u015f istasyonu varsa,<strong> so\u011futucunun su<\/strong> t\u00fcketimi \u00e7al\u0131\u015fan ba\u015f\u0131na ortalama g\u00fcnl\u00fck t\u00fcketimin yaln\u0131zca %2&#8217;sini temsil eder. Dolay\u0131s\u0131yla adyabatik so\u011futucular end\u00fcstriyel bir ortamda genel su t\u00fcketimi \u00fczerinde minimum etkiye sahiptir.   <\/p>\n\n<h4 class=\"wp-block-heading\">\u00dcst\u00fcn enerji verimlili\u011fi<\/h4>\n\n<p>Evaporatif so\u011futma sistemleri, s\u0131k\u0131\u015ft\u0131rmal\u0131 so\u011futmaya dayal\u0131 <strong>klima sistemlerine<\/strong> g\u00f6re daha enerji verimlidir: COP 15-20 vs. 2-5.  <\/p>\n\n<p>Dahas\u0131, adyabatik so\u011futucunun enerji verimlili\u011fi ortam s\u0131cakl\u0131\u011f\u0131yla birlikte artar, \u00e7\u00fcnk\u00fc s\u0131cak hava suyun buharla\u015fmas\u0131n\u0131 te\u015fvik ederek enerji talebini \u00f6nemli \u00f6l\u00e7\u00fcde art\u0131rmadan so\u011futma kapasitesini geli\u015ftirir. \u00d6te yandan klima, istenen i\u00e7 ortam s\u0131cakl\u0131\u011f\u0131na ula\u015fmak i\u00e7in y\u00fcksek d\u00fczeyde enerji yo\u011funlu\u011fu gerektirir. <\/p>\n\n<p><strong>Adyabatik so\u011futman\u0131n <\/strong>y\u00fcksek enerji verimlili\u011fi bu nedenle \u00f6zellikle s\u0131cak hava dalgalar\u0131 s\u0131ras\u0131nda veya y\u00fcksek \u0131s\u0131 yay\u0131l\u0131m\u0131 olan end\u00fcstrilerde avantajl\u0131d\u0131r.<\/p>\n\n<h3 class=\"wp-block-heading\">\u00c7evre \u00fczerindeki etki<\/h3>\n\n<h4 class=\"wp-block-heading\">D\u00fc\u015f\u00fck karbon ayak izi<\/h4>\n\n<p>Adyabatik so\u011futucu, y\u00fcksek k\u00fcresel \u0131s\u0131nma potansiyeline sahip kimyasal so\u011futucu ak\u0131\u015fkanlar kullanan klimalar\u0131n aksine so\u011futucu ak\u0131\u015fkan olarak yaln\u0131zca su buhar\u0131 kullan\u0131r. Buhar kullan\u0131m\u0131 karbon ayak izini ve sera gaz\u0131 emisyonlar\u0131n\u0131 \u00f6nemli \u00f6l\u00e7\u00fcde azaltmaktad\u0131r.<strong> Klimalar<\/strong>, bina sekt\u00f6r\u00fcndeki<sub>CO2 <\/sub>emisyonlar\u0131n\u0131n yakla\u015f\u0131k %5&#8217;inden sorumludur.  <\/p>\n\n<p>Adyabatik so\u011futucu, su buhar\u0131 kullanarak hava kirlili\u011fine, ozon tabakas\u0131n\u0131n incelmesine veya <strong>k\u00fcresel \u0131s\u0131nmaya<\/strong> katk\u0131da bulunmaz. Bo\u015falt\u0131lan su, \u00f6n ar\u0131tmaya tabi tutulmadan at\u0131k su sistemine de\u015farj edilebilir ve bu da ekolojik bir fayda sa\u011flar. <\/p>\n\n<h4 class=\"wp-block-heading\">Kentsel \u0131s\u0131nmaya s\u0131f\u0131r katk\u0131<\/h4>\n\n<p>Hava de\u011fi\u015fim oran\u0131 ne kadar y\u00fcksek olursa adyabatik so\u011futma i\u015flemi o kadar verimli olur. Adyabatik so\u011futucular a\u00e7\u0131k alanlarda etkili bir \u015fekilde \u00e7al\u0131\u015fmak \u00fczere tasarlanm\u0131\u015ft\u0131r. Adyabatik <strong>so\u011futucular <\/strong>bu a\u00e7\u0131k alanlara so\u011fuk hava vererek hem binalar\u0131n i\u00e7indeki hem de bina \u00e7evresindeki s\u0131cakl\u0131\u011f\u0131 d\u00fc\u015f\u00fcr\u00fcr. Bu nedenle adyabatik so\u011futma, kondansat\u00f6rlerden d\u0131\u015f ortama s\u0131cak hava ak\u0131\u015f\u0131 sa\u011flayan kliman\u0131n aksine, kentsel \u0131s\u0131nma ve \u0131s\u0131 adalar\u0131n\u0131n olu\u015fumuyla m\u00fccadelede etkili bir \u00e7\u00f6z\u00fcmd\u00fcr.   <\/p>\n\n<h4 class=\"wp-block-heading\">Bile\u015fenlerin geri d\u00f6n\u00fc\u015ft\u00fcr\u00fclebilirli\u011fi<\/h4>\n\n<p><strong>Hava so\u011futucular\u0131<\/strong>, \u00e7evresel etkiyi azaltma \u00e7abas\u0131n\u0131n bir par\u00e7as\u0131 olarak kullan\u0131m \u00f6m\u00fcrlerinin sonunda geri d\u00f6n\u00fc\u015ft\u00fcr\u00fclebildikleri i\u00e7in s\u00fcrd\u00fcr\u00fclebilir ve \u00e7evre dostudur. Propilen ve kaplanm\u0131\u015f al\u00fcminyum gibi geri d\u00f6n\u00fc\u015ft\u00fcr\u00fclebilir malzemelerden \u00fcretildiklerinden daha d\u00f6ng\u00fcsel at\u0131k y\u00f6netimine katk\u0131da bulunurlar. <strong>Elektrikli bile\u015fenler <\/strong>Avrupa WEEE direktiflerine uygun olarak i\u015flenir. Evaporatif ortam, at\u0131k i\u015fleme tesislerinde kompostlanabilir.   <\/p>\n\n<h3 class=\"wp-block-heading\">Maliyet ve yat\u0131r\u0131m getirisi<\/h3>\n\n<h4 class=\"wp-block-heading\">Yat\u0131r\u0131m\u0131n h\u0131zl\u0131 geri d\u00f6n\u00fc\u015f\u00fc<\/h4>\n\n<p>Hava so\u011futucular\u0131, nispeten d\u00fc\u015f\u00fck ba\u015flang\u0131\u00e7 maliyetleri sayesinde \u00f6nemli bir finansal avantaj sunar.  <\/p>\n\n<p><strong>Geleneksel klimalarla<\/strong> kar\u015f\u0131la\u015ft\u0131r\u0131ld\u0131\u011f\u0131nda, adyabatik bir sistemin kurulum maliyetleri de sabit \u00e7at\u0131 veya duvara monte kurulumlar i\u00e7in bile azal\u0131r. Mobil adyabatik so\u011futucuya gelince, kurulum maliyeti yoktur; ihtiyac\u0131n\u0131z olan tek \u015fey bir elektrik prizidir.   <\/p>\n\n<p>Ekipman\u0131n 10 y\u0131l boyunca amortismana tabi tutulmas\u0131 y\u0131lda sadece birka\u00e7 y\u00fcz avroya tekab\u00fcl ediyor.<\/p>\n\n<h4 class=\"wp-block-heading\">D\u00fc\u015f\u00fck i\u015fletme maliyetleri<\/h4>\n\n<p><strong>Hava so\u011futucular\u0131<\/strong>, hem elektrik hem de suyu kapsayan uygun i\u015fletme maliyetleriyle \u00f6ne \u00e7\u0131kar. 250 m\u00b2&#8217;lik bir oda i\u00e7in g\u00fcnl\u00fck i\u015fletme maliyeti genellikle sadece birka\u00e7 on senttir.   <\/p>\n\n<p>Basit tasar\u0131mlar\u0131 ve d\u00fczenli servis gerektiren s\u0131n\u0131rl\u0131 say\u0131da bile\u015fenleri sayesinde servis ve bak\u0131m maliyetleri geleneksel klimalara g\u00f6re yakla\u015f\u0131k 10 kat daha d\u00fc\u015f\u00fckt\u00fcr. <strong>Petek ortam\u0131n\u0131n<\/strong>, filtrelerin ve su tutma tepsisinin <strong>temizlenmesi<\/strong> gibi bak\u0131m g\u00f6revleri h\u0131zl\u0131 bir \u015fekilde ger\u00e7ekle\u015ftirilir ve uzman personel gerektirmez. Evaporatif panelin her iki y\u0131lda bir de\u011fi\u015ftirilmesi ana bak\u0131m g\u00f6revidir.    <\/p>\n\n<p>T\u00fcm bu maliyetler hesaba kat\u0131ld\u0131\u011f\u0131nda, <strong>adyabatik hava so\u011futucular\u0131<\/strong> klima sistemlerine g\u00f6re \u00f6nemli \u00f6l\u00e7\u00fcde daha d\u00fc\u015f\u00fck bir genel i\u015fletme maliyeti sunarak h\u0131zl\u0131 bir yat\u0131r\u0131m geri d\u00f6n\u00fc\u015f\u00fc sa\u011flar.<\/p>\n\n<h4 class=\"wp-block-heading\">Geli\u015ftirilmi\u015f \u00e7al\u0131\u015fan konforu ve \u00fcretkenli\u011fi<\/h4>\n\n<p>S\u0131cakl\u0131klar 24-26\u00b0C&#8217;nin \u00fczerine \u00e7\u0131kt\u0131\u011f\u0131nda \u00fcretkenlik azal\u0131r ve termometreler 33-34\u00b0C&#8217;yi a\u015ft\u0131\u011f\u0131nda \u0131s\u0131 stresi olarak bilinen olgu yar\u0131ya d\u00fc\u015fer. Bu nedenle, optimum <strong>s\u0131cakl\u0131k<\/strong> ve nem <strong>ko\u015fullar\u0131n\u0131n<\/strong> korunmas\u0131 \u00e7al\u0131\u015fan verimlili\u011fi \u00fczerinde do\u011frudan bir etkiye sahiptir.   <\/p>\n\n<p>Havay\u0131 kurutan ve so\u011fu\u011fa neden olabilen kliman\u0131n aksine, <strong>adyabatik so\u011futucular<\/strong> \u00e7al\u0131\u015fma ko\u015fullar\u0131na ili\u015fkin yasal standartlara uygun konforlu bir \u00e7al\u0131\u015fma ortam\u0131 yarat\u0131r.<\/p>\n\n<p>Adyabatik hava so\u011futucular\u0131 yeterli nemi muhafaza ederek elektrostatik de\u015farjla ili\u015fkili sorunlar\u0131n \u00f6nlenmesine de yard\u0131mc\u0131 olur, ekipman g\u00fcvenli\u011fini ve \u00e7al\u0131\u015fan verimlili\u011fini art\u0131r\u0131r. Sa\u011fl\u0131k faydalar\u0131na ek olarak, klimalardan daha d\u00fc\u015f\u00fck bir g\u00fcr\u00fclt\u00fc seviyesi (-10 dB) yayarak konsantrasyona elveri\u015fli daha sessiz bir <strong>\u00e7al\u0131\u015fma ortam\u0131<\/strong> yarat\u0131rlar. <br\/><\/p>\n\n<h2 class=\"wp-block-heading\"><strong>Adyabatik evaporatif so\u011futucular\u0131n<\/strong> end\u00fcstri ve ticari binalardaki uygulamalar\u0131<\/h2>\n\n<p><a href=\"https:\/\/obera.fr\/tr\/produits\/rafraichisseurs-air\/rafraichisseurs-par-evaporation-ic\/\">Adyabatik evaporatif so\u011futma<\/a>, end\u00fcstri ve toplumlarda konforlu ve \u00fcretken bir ortam sa\u011flamak i\u00e7in etkili ve ekonomik bir \u00e7\u00f6z\u00fcmd\u00fcr.  <\/p>\n\n<h4 class=\"wp-block-heading\">End\u00fcstriyel depolar<\/h4>\n\n<p>Bu tesisler genellikle personel i\u00e7in konforlu \u00e7al\u0131\u015fma ko\u015fullar\u0131n\u0131 s\u00fcrd\u00fcrmek ve <strong>s\u0131cakl\u0131\u011fa duyarl\u0131 \u00fcr\u00fcnleri<\/strong> korumak i\u00e7in etkili bir so\u011futma sistemine ihtiya\u00e7 <strong>duyar<\/strong>. Mobil evaporatif so\u011futucular\u0131n kurulumu, hareket ettirilebilen ve binan\u0131n farkl\u0131 alanlar\u0131na uyarlanabilen esnek bir adyabatik so\u011futma \u00e7\u00f6z\u00fcm\u00fc sunar. Ama\u00e7 binan\u0131n genel s\u0131cakl\u0131\u011f\u0131n\u0131 d\u00fc\u015f\u00fcrmekse, daha y\u00fcksek debili sabit bir adyabatik sistemin kurulmas\u0131 tercih edilir.  <\/p>\n\n<h4 class=\"wp-block-heading\">\u00dcretim tesisleri<\/h4>\n\n<p>Makine ve<strong> ekipmanlar\u0131n s\u0131kl\u0131kla \u0131s\u0131 \u00fcretti\u011fi<\/strong> \u00fcretim tesislerinde adyabatik so\u011futma, Frans\u0131z \u0130\u015f Kanunu&#8217;nda belirtilen i\u00e7 ortam kriterlerine uyarken operasyonel performans\u0131 korumak i\u00e7in etkili bir \u00e7\u00f6z\u00fcmd\u00fcr. Ta\u015f\u0131nabilir adyabatik so\u011futma sistemlerini kullanarak, so\u011futma gerektiren \u00e7al\u0131\u015fma alanlar\u0131n\u0131 veya ekipman\u0131 tam olarak hedeflemek ve b\u00f6ylece s\u0131cakl\u0131\u011fa duyarl\u0131 ekipman\u0131n b\u00fct\u00fcnl\u00fc\u011f\u00fcn\u00fc korumak m\u00fcmk\u00fcnd\u00fcr. Evaporatif so\u011futucular, tesislerin yeterli havaland\u0131r\u0131lmas\u0131n\u0131 sa\u011flar ve \u00e7al\u0131\u015fanlar i\u00e7in <strong>termal konforu<\/strong> te\u015fvik eder.  <\/p>\n\n<h4 class=\"wp-block-heading\">Geni\u015f a\u00e7\u0131k alanlara sahip tesisler<\/h4>\n\n<p>Bu binalar benzersiz so\u011futma zorluklar\u0131 sunar. Y\u00fcksek tavanlar ve s\u0131k s\u0131k a\u00e7\u0131lan kap\u0131lar, geleneksel iklimlendirmeyi kullan\u0131\u015fs\u0131z ve \u00e7ok pahal\u0131 hale getirmektedir.   <\/p>\n\n<p><strong>Adyabatik so\u011futma <\/strong>, \u00f6zellikle d\u0131\u0122 hava s\u0131cakl\u0131klar\u0131n\u0131n dalgaland\u0131\u011f\u0131 durumlarda operat\u00f6rler i\u00e7in konforlu bir s\u0131cakl\u0131k ve nem sa\u011flaman\u0131n etkili ve ekonomik bir yoludur. Baz\u0131 mobil adyabatik so\u011futma sistemleri \u00f6zellikle a\u00e7\u0131k havada (stantlar, mekanik at\u00f6lyeler, vb.) \u00e7al\u0131\u015fan operat\u00f6rlere termal konfor sa\u011flamak i\u00e7in kullan\u0131\u015fl\u0131d\u0131r.   <\/p>\n\n<p>Adyabatik so\u011futma, geni\u015f a\u00e7\u0131k alanlara sahip ve b\u00f6lmesiz bu t\u00fcr alanlar i\u00e7in \u00f6zellikle uygundur.  <\/p>\n\n<h4 class=\"wp-block-heading\">Y\u00fcksek insan yo\u011funlu\u011funa sahip b\u00fcy\u00fck hacimler<\/h4>\n\n<p>Do\u011frudan adyabatik so\u011futma, \u00f6zellikle bina klimal\u0131 de\u011filse ve hafif bir yap\u0131ya sahipse, g\u00fcne\u015f kazanc\u0131n\u0131n kamusal ve dahili faaliyetlerden kaynaklanan \u0131s\u0131 kazanc\u0131yla birle\u015ferek<strong> s\u0131cakl\u0131k d\u00fczenlemesini zorla\u015ft\u0131rd\u0131\u011f\u0131<\/strong> bu b\u00fcy\u00fck, yo\u011fun alanlar i\u00e7in ideal bir \u00e7\u00f6z\u00fcm sunar. Adyabatik so\u011futucular, ho\u015f bir ortam s\u0131cakl\u0131\u011f\u0131 ve optimum nemi korurken temiz hava sa\u011flar ve bina sakinleri i\u00e7in yaz konforunu garanti eder. Evaporatif so\u011futucularda bulunan havaland\u0131rma, havan\u0131n d\u00fczg\u00fcn bir \u015fekilde sirk\u00fcle edilmesini sa\u011flar.  <\/p>\n\n<div style=\"height:20px\" aria-hidden=\"true\" class=\"wp-block-spacer\"><\/div>\n\n<div class=\"wp-block-buttons alignwide is-content-justification-center is-layout-flex wp-container-core-buttons-is-layout-a89b3969 wp-block-buttons-is-layout-flex\">\n<div class=\"wp-block-button\"><a class=\"wp-block-button__link wp-element-button\" href=\"https:\/\/obera.fr\/tr\/contact\/\">Ki\u015fiselle\u015ftirilmi\u015f tavsiyeye mi ihtiyac\u0131n\u0131z var?<\/a><\/div>\n<\/div>\n","protected":false},"excerpt":{"rendered":"<p>Yaz mevsimindeyiz. Panjurlar kapal\u0131 olmas\u0131na ra\u011fmen evinizin i\u00e7i s\u0131cak. Yak\u0131ndaki ormanda y\u00fcr\u00fcy\u00fc\u015fe \u00e7\u0131k\u0131yorsunuz; oras\u0131 daha serin ama g\u00fcne\u015f ye\u015filliklerin aras\u0131ndan parl\u0131yor. Adyabatik so\u011futman\u0131n nas\u0131l \u00e7al\u0131\u015ft\u0131\u011f\u0131n\u0131 \u00f6\u011frenin.   <\/p>\n","protected":false},"author":4,"featured_media":89911,"comment_status":"open","ping_status":"closed","sticky":false,"template":"","format":"standard","meta":{"_acf_changed":false,"_seopress_robots_primary_cat":"none","_seopress_titles_title":"Fonctionnement refroidissement adiabatique : air, eau, \u00e9vaporation","_seopress_titles_desc":"Le rafraichissement adiabatique, un principe de fonctionnement naturel bas\u00e9 sur l\u2019\u00e9vapotranspiration. D\u00e9couvrez cette technologie pour rafraichir vos espaces.","_seopress_robots_index":"","footnotes":""},"categories":[299],"tags":[306],"class_list":["post-53844","post","type-post","status-publish","format-standard","has-post-thumbnail","hentry","category-bizim-tavsiyemiz","tag-entete-small-tr","generate-columns","tablet-grid-50","mobile-grid-100","grid-parent","grid-50","no-featured-image-padding","resize-featured-image"],"acf":[],"_links":{"self":[{"href":"https:\/\/obera.fr\/tr\/wp-json\/wp\/v2\/posts\/53844","targetHints":{"allow":["GET"]}}],"collection":[{"href":"https:\/\/obera.fr\/tr\/wp-json\/wp\/v2\/posts"}],"about":[{"href":"https:\/\/obera.fr\/tr\/wp-json\/wp\/v2\/types\/post"}],"author":[{"embeddable":true,"href":"https:\/\/obera.fr\/tr\/wp-json\/wp\/v2\/users\/4"}],"replies":[{"embeddable":true,"href":"https:\/\/obera.fr\/tr\/wp-json\/wp\/v2\/comments?post=53844"}],"version-history":[{"count":3,"href":"https:\/\/obera.fr\/tr\/wp-json\/wp\/v2\/posts\/53844\/revisions"}],"predecessor-version":[{"id":89885,"href":"https:\/\/obera.fr\/tr\/wp-json\/wp\/v2\/posts\/53844\/revisions\/89885"}],"wp:featuredmedia":[{"embeddable":true,"href":"https:\/\/obera.fr\/tr\/wp-json\/wp\/v2\/media\/89911"}],"wp:attachment":[{"href":"https:\/\/obera.fr\/tr\/wp-json\/wp\/v2\/media?parent=53844"}],"wp:term":[{"taxonomy":"category","embeddable":true,"href":"https:\/\/obera.fr\/tr\/wp-json\/wp\/v2\/categories?post=53844"},{"taxonomy":"post_tag","embeddable":true,"href":"https:\/\/obera.fr\/tr\/wp-json\/wp\/v2\/tags?post=53844"}],"curies":[{"name":"wp","href":"https:\/\/api.w.org\/{rel}","templated":true}]}}