{"id":60137,"date":"2025-02-04T11:16:40","date_gmt":"2025-02-04T09:16:40","guid":{"rendered":"https:\/\/obera.fr\/conseils\/worldskills-metz-taille-pierre-marbrerie\/"},"modified":"2025-06-27T15:24:56","modified_gmt":"2025-06-27T13:24:56","slug":"worldskills-metz-taille-pierre-marbrerie","status":"publish","type":"post","link":"https:\/\/obera.fr\/tr\/bizim-tavsiyemiz\/worldskills-metz-taille-pierre-marbrerie\/","title":{"rendered":"OberA, Metz 2025&#8217;teki &#8220;WORLDSKILLS Grand-Est&#8221; b\u00f6lgesel finallerinin orta\u011f\u0131: ta\u015f i\u015f\u00e7ili\u011fi ve mermer i\u015f\u00e7ili\u011finde bir mihenk ta\u015f\u0131"},"content":{"rendered":"\n<p><strong>OberA<\/strong>&#8216;da, ta\u015f i\u015f\u00e7ili\u011fi ve mermer i\u015f ekipmanlar\u0131nda m\u00fckemmelli\u011fe olan ba\u011fl\u0131l\u0131\u011f\u0131m\u0131z artmaya devam ediyor. Ocak 2025&#8217;te, Frans\u0131z zanaatk\u00e2rlar\u0131n yeteneklerini ve uzmanl\u0131klar\u0131n\u0131 sergilemede \u00f6nemli bir etkinlik olan <strong>Metz&#8217;deki &#8220;WORLDSKILLS Grand-Est&#8221; b\u00f6lge finallerine<\/strong> kat\u0131lma ayr\u0131cal\u0131\u011f\u0131na sahip olduk.<\/p>\n\n<div class=\"wp-block-media-text has-media-on-the-right is-stacked-on-mobile\" style=\"grid-template-columns:auto 21%\"><div class=\"wp-block-media-text__content\">\n<h2 class=\"wp-block-heading\">Optimum \u00e7al\u0131\u015fma ortam\u0131 i\u00e7in yenilik\u00e7i \u00e7\u00f6z\u00fcmler<\/h2>\n\n\n\n<p>Yar\u0131\u015fmac\u0131lara optimum \u00e7al\u0131\u015fma ko\u015fullar\u0131 sa\u011flamak i\u00e7in son teknoloji \u00fcr\u00fcn\u00fc iki tesis sa\u011flad\u0131k:<\/p>\n\n\n\n<ul class=\"wp-block-list\">\n<li>\u0130ki kollu ePURbox ATEX mobil emi\u015f \u00fcnitesi, ince toz ve solventlerin hassas bir \u015fekilde yakalanmas\u0131n\u0131 sa\u011flayarak mermer i\u015f\u00e7ileri i\u00e7in ideal bir \u00e7\u00f6z\u00fcmd\u00fcr<strong>. <\/strong>Bu ekipman sadece ustalar\u0131n konforuna de\u011fil, ayn\u0131 zamanda at\u00f6lyedeki kirlili\u011fin \u00f6nemli \u00f6l\u00e7\u00fcde azalt\u0131lmas\u0131na da katk\u0131da bulunur. <\/li>\n\n\n\n<li><strong>Dustomat 16<\/strong>,<a href=\"https:\/\/obera.fr\/tr\/produits\/depoussiereurs-industriels\/mobiles\/extracteur-poussiere-pulverulente-dustomat-16m\/\"> ta\u015f kesmeye adanm\u0131\u015f end\u00fcstriyel bir toz emici<\/a>. G\u00fc\u00e7l\u00fc emi\u015f kapasitesi sayesinde, oyma ve \u015fekillendirme i\u015flerinden kaynaklanan tozlar\u0131 etkili bir \u015fekilde yakalayarak daha sa\u011fl\u0131kl\u0131 ve g\u00fcvenli bir ortam sa\u011flar. <\/li>\n<\/ul>\n<\/div><figure class=\"wp-block-media-text__media\"><img decoding=\"async\" width=\"768\" height=\"1024\" src=\"https:\/\/obera.fr\/wp-content\/uploads\/2025\/02\/metz2-768x1024.jpg\" alt=\"metz2\" class=\"wp-image-59843 size-full\" srcset=\"https:\/\/obera.fr\/wp-content\/uploads\/2025\/02\/metz2-768x1024.jpg 768w, https:\/\/obera.fr\/wp-content\/uploads\/2025\/02\/metz2-225x300.jpg 225w, https:\/\/obera.fr\/wp-content\/uploads\/2025\/02\/metz2-1152x1536.jpg 1152w, https:\/\/obera.fr\/wp-content\/uploads\/2025\/02\/metz2-1536x2048.jpg 1536w, https:\/\/obera.fr\/wp-content\/uploads\/2025\/02\/metz2-scaled.jpg 1920w\" sizes=\"(max-width: 768px) 100vw, 768px\" \/><\/figure><\/div>\n\n<div style=\"height:32px\" aria-hidden=\"true\" class=\"wp-block-spacer\"><\/div>\n\n<h2 class=\"wp-block-heading\">Bu ekipman neden gereklidir?<\/h2>\n\n<ol class=\"wp-block-list\">\n<li>Sa\u011fl\u0131\u011f\u0131n <strong>korunmas\u0131<\/strong>: Zararl\u0131 toza maruz kalmay\u0131 s\u0131n\u0131rland\u0131rarak, zanaatkarlar\u0131n ve rakiplerin sa\u011fl\u0131\u011f\u0131n\u0131n korunmas\u0131na yard\u0131mc\u0131 oluyoruz.<\/li>\n\n\n\n<li><strong>Performans\u0131 optimize etme<\/strong>: Temiz bir \u00e7al\u0131\u015fma ortam\u0131, \u00fcst d\u00fczey yar\u0131\u015fmalarda kilit unsurlar olan konsantrasyon ve hassasiyeti te\u015fvik eder.<\/li>\n\n\n\n<li><strong>\u00c7evresel taahh\u00fct<\/strong>: Partik\u00fcl emisyonlar\u0131n\u0131n kontrol alt\u0131na al\u0131nmas\u0131, \u00e7evreye ve mevcut standartlara daha sayg\u0131l\u0131 bir end\u00fcstrinin par\u00e7as\u0131d\u0131r.<\/li>\n<\/ol>\n\n<div class=\"wp-block-media-text is-stacked-on-mobile\" style=\"grid-template-columns:22% auto\"><figure class=\"wp-block-media-text__media\"><img decoding=\"async\" width=\"768\" height=\"1024\" src=\"https:\/\/obera.fr\/wp-content\/uploads\/2025\/02\/metz1-768x1024.jpg\" alt=\"metz1\" class=\"wp-image-59865 size-full\" srcset=\"https:\/\/obera.fr\/wp-content\/uploads\/2025\/02\/metz1-768x1024.jpg 768w, https:\/\/obera.fr\/wp-content\/uploads\/2025\/02\/metz1-225x300.jpg 225w, https:\/\/obera.fr\/wp-content\/uploads\/2025\/02\/metz1-1152x1536.jpg 1152w, https:\/\/obera.fr\/wp-content\/uploads\/2025\/02\/metz1-1536x2048.jpg 1536w, https:\/\/obera.fr\/wp-content\/uploads\/2025\/02\/metz1-scaled.jpg 1920w\" sizes=\"(max-width: 768px) 100vw, 768px\" \/><\/figure><div class=\"wp-block-media-text__content\">\n<h2 class=\"wp-block-heading\">Sekt\u00f6r profesyonelleri i\u00e7in g\u00fcvenilir bir ortak<\/h2>\n\n\n\n<p><strong>Metz 2025 b\u00f6lgesel finallerindeki<\/strong> varl\u0131\u011f\u0131m\u0131z, ta\u015f i\u015f\u00e7ili\u011fi ve mermer yap\u0131m\u0131 sekt\u00f6rlerindeki zanaatk\u00e2rlar\u0131 ve gelece\u011fin profesyonellerini destekleme konusundaki kararl\u0131l\u0131\u011f\u0131m\u0131z\u0131 g\u00f6stermektedir.<\/p>\n\n\n\n<p><strong>OberA<\/strong> olarak, \u00e7al\u0131\u015fma ko\u015fullar\u0131n\u0131 iyile\u015ftirmek ve profesyonellerin performans\u0131n\u0131 optimize etmek i\u00e7in yenilik\u00e7i \u00e7\u00f6z\u00fcmler geli\u015ftirmeye ve sunmaya devam edece\u011fiz. Amac\u0131m\u0131z: <strong>ta\u015f kesme ve mermer i\u015fleri i\u00e7in uzman ekipmanlarda referans noktas\u0131<\/strong> olmak. <\/p>\n<\/div><\/div>\n\n<div style=\"height:43px\" aria-hidden=\"true\" class=\"wp-block-spacer\"><\/div>\n\n<p>Ekipmanlar\u0131m\u0131z ve taahh\u00fctlerimiz hakk\u0131nda daha fazla bilgi i\u00e7in <a href=\"https:\/\/obera.fr\/tr\/contact\/\">bizimle ileti\u015fime<\/a> ge\u00e7in veya <strong>Obera.fr adresindeki<\/strong> web sitemizi ziyaret edin!<\/p>\n\n<p>Sizleri Ekim 2025&#8217;te Marsilya&#8217;da d\u00fczenlenecek ve yar\u0131\u015fmac\u0131lar\u0131 desteklemek \u00fczere bir kez daha haz\u0131r bulunaca\u011f\u0131m\u0131z ulusal finallerde g\u00f6rmeyi d\u00f6rt g\u00f6zle bekliyoruz.<\/p>\n","protected":false},"excerpt":{"rendered":"<p>OberA&#8217;da, ta\u015f i\u015f\u00e7ili\u011fi ve mermer i\u015f ekipmanlar\u0131nda m\u00fckemmelli\u011fe olan ba\u011fl\u0131l\u0131\u011f\u0131m\u0131z artmaya devam ediyor. Ocak 2025&#8217;te, Frans\u0131z zanaatk\u00e2rlar\u0131n yeteneklerini ve uzmanl\u0131klar\u0131n\u0131 sergilemede \u00f6nemli bir etkinlik olan Metz&#8217;deki &#8220;WORLDSKILLS Grand-Est&#8221; b\u00f6lge finallerine kat\u0131lma ayr\u0131cal\u0131\u011f\u0131na sahip olduk.<\/p>\n","protected":false},"author":13,"featured_media":80782,"comment_status":"open","ping_status":"closed","sticky":false,"template":"","format":"standard","meta":{"_acf_changed":false,"_seopress_robots_primary_cat":"none","_seopress_titles_title":"OberA, Metz 2025'teki \"WORLDSKILLS Grand-Est\" b\u00f6lgesel finallerinin orta\u011f\u0131.","_seopress_titles_desc":"OberA'da, ta\u015f i\u015f\u00e7ili\u011fi ve mermer i\u015f ekipmanlar\u0131nda m\u00fckemmelli\u011fe olan ba\u011fl\u0131l\u0131\u011f\u0131m\u0131z artmaya devam ediyor.","_seopress_robots_index":"","footnotes":""},"categories":[299],"tags":[],"class_list":["post-60137","post","type-post","status-publish","format-standard","has-post-thumbnail","hentry","category-bizim-tavsiyemiz","generate-columns","tablet-grid-50","mobile-grid-100","grid-parent","grid-50","no-featured-image-padding","resize-featured-image"],"acf":[],"_links":{"self":[{"href":"https:\/\/obera.fr\/tr\/wp-json\/wp\/v2\/posts\/60137","targetHints":{"allow":["GET"]}}],"collection":[{"href":"https:\/\/obera.fr\/tr\/wp-json\/wp\/v2\/posts"}],"about":[{"href":"https:\/\/obera.fr\/tr\/wp-json\/wp\/v2\/types\/post"}],"author":[{"embeddable":true,"href":"https:\/\/obera.fr\/tr\/wp-json\/wp\/v2\/users\/13"}],"replies":[{"embeddable":true,"href":"https:\/\/obera.fr\/tr\/wp-json\/wp\/v2\/comments?post=60137"}],"version-history":[{"count":5,"href":"https:\/\/obera.fr\/tr\/wp-json\/wp\/v2\/posts\/60137\/revisions"}],"predecessor-version":[{"id":117057,"href":"https:\/\/obera.fr\/tr\/wp-json\/wp\/v2\/posts\/60137\/revisions\/117057"}],"wp:featuredmedia":[{"embeddable":true,"href":"https:\/\/obera.fr\/tr\/wp-json\/wp\/v2\/media\/80782"}],"wp:attachment":[{"href":"https:\/\/obera.fr\/tr\/wp-json\/wp\/v2\/media?parent=60137"}],"wp:term":[{"taxonomy":"category","embeddable":true,"href":"https:\/\/obera.fr\/tr\/wp-json\/wp\/v2\/categories?post=60137"},{"taxonomy":"post_tag","embeddable":true,"href":"https:\/\/obera.fr\/tr\/wp-json\/wp\/v2\/tags?post=60137"}],"curies":[{"name":"wp","href":"https:\/\/api.w.org\/{rel}","templated":true}]}}