{"id":66085,"date":"2022-06-24T17:49:46","date_gmt":"2022-06-24T15:49:46","guid":{"rendered":"https:\/\/obera.fr\/conseils\/tres-grandes-surfaces-quel-purificateur-air-professionnel\/"},"modified":"2025-05-06T10:13:21","modified_gmt":"2025-05-06T08:13:21","slug":"tres-grandes-surfaces-quel-purificateur-air-professionnel","status":"publish","type":"post","link":"https:\/\/obera.fr\/tr\/bizim-tavsiyemiz\/tres-grandes-surfaces-quel-purificateur-air-professionnel\/","title":{"rendered":"\u00c7ok geni\u015f alanlar i\u00e7in hangi profesyonel hava temizleme cihaz\u0131 uygundur?"},"content":{"rendered":"\n<p>\u00d6rne\u011fin end\u00fcstriyel bir bina, bir depo veya bir spor salonu gibi \u00e7ok <strong>b\u00fcy\u00fck bir kapal\u0131 alanda<\/strong>, tehlikeli partik\u00fcllerin solunmas\u0131 sa\u011fl\u0131\u011f\u0131m\u0131z i\u00e7in s\u00fcrekli bir tehdit olu\u015fturmaktad\u0131r. Biz fark\u0131na varmadan g\u00f6z, dermatolojik veya solunum patolojilerine neden olabilir.   <\/p>\n\n<p><strong>Havay\u0131 <\/strong>d\u00fczg\u00fcn bir \u015fekilde <strong>temizlemek <\/strong>i\u00e7in, <strong>geni\u015f bir y\u00fczey alan\u0131 i\u00e7in<\/strong> do\u011fru <strong>hava temizleyici<\/strong> modelini se\u00e7mek \u00f6nemlidir. \u0130\u015fte birka\u00e7 a\u00e7\u0131klama. <\/p>\n\n<h2 class=\"wp-block-heading\">Geni\u015f bir alandaki havan\u0131n ar\u0131t\u0131lmas\u0131<\/h2>\n\n<p><strong>B\u00fcy\u00fck hacimli kirlili\u011fin temizlenmesi<\/strong> i\u00e7in \u00e7e\u015fitli \u00e7\u00f6z\u00fcmler bulunmaktad\u0131r. Kirlili\u011fin kayna\u011f\u0131 yerel ise, yerel bir yakalama sistemi veya mobil bir yakalama ve filtreleme cihaz\u0131 kullan\u0131larak kayna\u011f\u0131nda ayr\u0131\u015ft\u0131r\u0131lmas\u0131 tavsiye edilir.<\/p>\n\n<p>Bununla birlikte, kirletici partik\u00fcller bazen havada da\u011f\u0131l\u0131r ve k\u00f6kten ar\u0131t\u0131lamaz. Bu durumlarda, <strong>\u00f6zel<\/strong> bir <strong>y\u00fcksek hacimli oda hava temizleyicisine<\/strong> ihtiyac\u0131n\u0131z vard\u0131r. <\/p>\n\n<blockquote class=\"wp-block-quote is-layout-flow wp-block-quote-is-layout-flow\">\n<p>Bilmekte fayda var: <strong>B\u00fcy\u00fck bir hacmi ar\u0131tman\u0131n <\/strong>, geni\u015f bir bina i\u00e7in zaten y\u00fcksek olan enerji faturas\u0131n\u0131 art\u0131raca\u011f\u0131n\u0131 d\u00fc\u015f\u00fcnebilirsiniz. Ancak durum b\u00f6yle de\u011fildir. <strong>Profesyonel <\/strong>bir <strong>hava temizleme cihaz\u0131 <\/strong>, binan\u0131n s\u0131cakl\u0131k gradyan\u0131n\u0131 kullan\u0131r. \u00dcnitenin \u00fcst k\u0131sm\u0131ndan dikey olarak biraz daha s\u0131cak hava \u00e7eker ve bunu yatay olarak odaya geri \u00fcfler. Bu hafif s\u0131cak hava do\u011fal olarak y\u00fckselir. Bu da hava hareketi yarat\u0131r. Bu, bir klima santralinden 10 kat daha az enerji t\u00fcketirken havan\u0131n i\u015flenmesini sa\u011flar ve bir depoda veya her t\u00fcrl\u00fc end\u00fcstriyel at\u00f6lyede termostat\u0131 y\u00fckseltmeden <strong>termal konfor<\/strong> sa\u011flar. Hava temizleyici bir destratifiyer g\u00f6revi g\u00f6r\u00fcr.       <\/p>\n<\/blockquote>\n\n<h2 class=\"wp-block-heading\">Do\u011fru b\u00fcy\u00fck \u00f6l\u00e7ekli hava temizleme cihaz\u0131n\u0131 se\u00e7me<\/h2>\n\n<p>G\u00f6rd\u00fc\u011f\u00fcm\u00fcz gibi, kirletici t\u00fcr\u00fc i\u00e7in giri\u015f noktas\u0131 dikkate al\u0131nmas\u0131 gereken \u00f6nemli bir fakt\u00f6rd\u00fcr. <strong>En iyi hava temizleyiciyi <\/strong>bulmak i\u00e7in dikkate al\u0131nmas\u0131 gereken ba\u015fka parametreler de vard\u0131r. Bunlardan ba\u015fl\u0131calar\u0131n\u0131 a\u015fa\u011f\u0131da listeledik. <\/p>\n\n<h3 class=\"wp-block-heading\">Kirlili\u011fin t\u00fcr\u00fc ve yo\u011funlu\u011fu<\/h3>\n\n<p><strong> Etkili hava temizlemenin<\/strong> anahtar\u0131, kirleticinin kesin t\u00fcr\u00fcn\u00fc belirlemektir. T\u00fcr\u00fcne (gaz veya partik\u00fcl) ve partik\u00fcllerin boyutuna ba\u011fl\u0131 olarak, kullan\u0131lacak filtrasyon modeli ve filtrasyon inceli\u011fi farkl\u0131l\u0131k g\u00f6sterecektir. \u0130ki olas\u0131 sistem vard\u0131r:  <\/p>\n\n<ul class=\"wp-block-list\">\n<li>Partik\u00fcl filtreleri\n<ul class=\"wp-block-list\">\n<li>Doygunluk filtresi\n<ul class=\"wp-block-list\">\n<li>kaba filtreler (G3, G4, ISO Coarse)<\/li>\n\n\n\n<li>ince filtre (ISO PM10, ISO PM2.5, ISO PM1, vb.)<\/li>\n\n\n\n<li>Y\u00fcksek verimli EPA ve HEPA filtre<\/li>\n<\/ul>\n<\/li>\n\n\n\n<li>Rejeneratif filtre.<\/li>\n<\/ul>\n<\/li>\n\n\n\n<li>Gaz ar\u0131t\u0131m\u0131 i\u00e7in molek\u00fcler filtreler (genellikle aktif karbondan olu\u015fur)  <\/li>\n<\/ul>\n\n<p>Partik\u00fcller ne kadar ince olursa, <strong>y\u00fcksek hacimli hava temizleme<\/strong> cihaz\u0131n\u0131zdaki filtrelerin filtreleme verimlili\u011fi o kadar <strong>y\u00fcksek<\/strong> olur.  <\/p>\n\n<p>\u00d6te yandan, ar\u0131t\u0131lacak partik\u00fcller a\u00e7\u0131s\u0131ndan gerekli olmad\u0131\u011f\u0131nda bir ar\u0131t\u0131c\u0131y\u0131 y\u00fcksek verimli filtreleme (HEPA) ile donatmak bir hatad\u0131r. Filtrasyon ne kadar ince olursa, o kadar pahal\u0131 olur, daha fazla enerji t\u00fcketir ve ayn\u0131 filtre y\u00fczeyi i\u00e7in ak\u0131\u015f h\u0131z\u0131n\u0131 daha fazla azalt\u0131r. <\/p>\n\n<blockquote class=\"wp-block-quote is-layout-flow wp-block-quote-is-layout-flow\">\n<p>Ayr\u0131ca okumaya de\u011fer: <a href=\"https:\/\/obera.fr\/conseils\/changer-filtre-purificateur-dair\/\" data-type=\"post\" data-id=\"12675\">Hava temizleyicinin filtresini ne zaman de\u011fi\u015ftirmelisiniz?<\/a><\/p>\n<\/blockquote>\n\n<h3 class=\"wp-block-heading\">Alan\/kirletici oran\u0131<\/h3>\n\n<p>Sanitasyon y\u00f6nteminizi se\u00e7meden \u00f6nce, <a href=\"https:\/\/obera.fr\/conseils\/vlep-quels-risques-cas-de-non-respect-reglementation\/\" data-type=\"post\" data-id=\"1816\">mesleki maruziyet s\u0131n\u0131r de\u011ferlerinden<\/a> haberdar olmal\u0131s\u0131n\u0131z.<strong> <\/strong>(VLEP*). Odada kurulu olan faaliyete \u00f6zg\u00fcd\u00fcrler. <\/p>\n\n<p>Etkili ar\u0131tma, b\u00fcy\u00fck bir hacimde bulunan kirletici partik\u00fcllerin say\u0131s\u0131n\u0131 dikkate almal\u0131d\u0131r. <strong>Profesyonel hava temizleme cihaz\u0131n\u0131n ak\u0131\u015f h\u0131z\u0131<\/strong> buna g\u00f6re uyarlanmal\u0131d\u0131r. <\/p>\n\n<p>Y\u00fczey alan\u0131n\u0131za ba\u011fl\u0131 olarak, optimum ar\u0131tma sa\u011flamak i\u00e7in sanitasyon saatte 20 defaya kadar ger\u00e7ekle\u015ftirilebilir.  <\/p>\n\n<p>*<a href=\"https:\/\/www.inrs.fr\/media.html?refINRS=outil65\" data-type=\"URL\" data-id=\"https:\/\/www.inrs.fr\/media.html?refINRS=outil65\" target=\"_blank\" rel=\"noreferrer noopener\">INRS<\/a> web sitesindeki t\u00fcm VLEP&#8217;lerin listesine bak\u0131n.<\/p>\n\n<h2 class=\"wp-block-heading\">B\u00fcy\u00fck hacimli hava temizleme cihazlar\u0131n\u0131n farkl\u0131 serileri  <\/h2>\n\n<p>\u0130ki <strong>geni\u015f alan hava temizleyici serisi<\/strong>, <strong>200 m\u00b2 ila 400 m\u00b2 aras\u0131nda bir y\u00fczey alan\u0131na<\/strong> sahip her t\u00fcrl\u00fc binay\u0131 ar\u0131tmak i\u00e7in kullan\u0131labilir. Bunlar ePUR ve VIRBOX serileridir.   <\/p>\n\n<h3 class=\"wp-block-heading\">Y\u00fczey alan\u0131 60 m\u00b2 ile 400 m\u00b2 aras\u0131nda olanlar i\u00e7in<\/h3>\n\n<p>ePUR modelleri \u00e7ok y\u00fcksek performansl\u0131 iki filtreye sahiptir. Birincisi havadaki bakteri ve vir\u00fcsleri temizler. Cihaz\u0131n taban\u0131nda bulunan ikinci filtre ise temiz havay\u0131 odaya geri verir:  <\/p>\n\n<ul class=\"wp-block-list\">\n<li><a href=\"https:\/\/obera.fr\/tr\/produits\/endustriyel-hava-temizleyicileri\/covid-19-anti-virus-ve-anti-bakteriyel-hava-temizleyicileri\/epur05-hava-temizleme-cihazi\/\">ePUR05<\/a> ise <strong>60 m\u00b2&#8217;ye kadar<\/strong> bir alandaki t\u00fcm vir\u00fcsleri yok eden<strong> profesyonel bir hava temizleyicidir<\/strong>;<\/li>\n\n\n\n<li><a href=\"https:\/\/obera.fr\/tr\/produits\/endustriyel-hava-temizleyicileri\/covid-19-anti-virus-ve-anti-bakteriyel-hava-temizleyicileri\/#epur\">ePUR 30<\/a> muadili 400 m\u00b2&#8217;ye kadar bir oday\u0131 dezenfekte edebilir.<\/li>\n<\/ul>\n\n<p>Virbox serisi ayr\u0131ca anti-kovid temizleyicileri de i\u00e7erir. <a href=\"https:\/\/obera.fr\/tr\/produits\/endustriyel-hava-temizleyicileri\/covid-19-anti-virus-ve-anti-bakteriyel-hava-temizleyicileri\/virbox-anti-virus-hava-temizleyici\/\">Virbox hava temizleyici<\/a> 200m\u00b2 ile 400m\u00b2 aras\u0131nda de\u011fi\u015fen hacimler i\u00e7in uygundur.   <\/p>\n\n<h3 class=\"wp-block-heading\">700 m\u00b2&#8217;ye kadar bir y\u00fczey alan\u0131 i\u00e7in<\/h3>\n\n<p>ePUR 100, <strong>700 m2&#8217;ye kadar b\u00fcy\u00fck bir end\u00fcstriyel bina<\/strong> i\u00e7in m\u00fckemmel bir hava temizleyicidir. Havadaki viral veya bakteriyel partik\u00fclleri dezenfekte eder. Etkili ar\u0131tma sa\u011flamak i\u00e7in rakipsiz filtreleme \u00f6zelli\u011fine sahiptir.  <\/p>\n\n<p>B\u00fcy\u00fck hacimli bir oda i\u00e7in<strong> geni\u015f alanl\u0131 bir hava temizleyici <\/strong>gereklidir. Sizin durumunuz i\u00e7in do\u011fru tedavi \u00e7\u00f6z\u00fcm\u00fcne sahibiz. Daha fazla bilgi i\u00e7in <a href=\"https:\/\/obera.fr\/tr\/bize-ulasin\/\">bizimle ileti\u015fime ge\u00e7mekten<\/a> \u00e7ekinmeyin.  <\/p>\n","protected":false},"excerpt":{"rendered":"<p>\u00d6rne\u011fin end\u00fcstriyel bir bina, bir depo veya bir spor salonu gibi \u00e7ok b\u00fcy\u00fck bir kapal\u0131 alanda, tehlikeli partik\u00fcllerin solunmas\u0131 sa\u011fl\u0131\u011f\u0131m\u0131z i\u00e7in s\u00fcrekli bir tehdittir. Havay\u0131 d\u00fczg\u00fcn bir \u015fekilde temizlemek i\u00e7in, geni\u015f bir y\u00fczey alan\u0131 i\u00e7in do\u011fru hava temizleyici modelini se\u00e7mek \u00f6nemlidir. \u0130\u015fte birka\u00e7 a\u00e7\u0131klama.  <\/p>\n","protected":false},"author":4,"featured_media":95442,"comment_status":"open","ping_status":"closed","sticky":false,"template":"","format":"standard","meta":{"_acf_changed":false,"_seopress_robots_primary_cat":"none","_seopress_titles_title":"Choisir un purificateur d\u2019air professionnel grands volumes","_seopress_titles_desc":"Comment choisir le bon purificateur d\u2019air professionnel con\u00e7u pour une tr\u00e8s grande surface gr\u00e2ce \u00e0 notre article.","_seopress_robots_index":"","footnotes":""},"categories":[299],"tags":[306],"class_list":["post-66085","post","type-post","status-publish","format-standard","has-post-thumbnail","hentry","category-bizim-tavsiyemiz","tag-entete-small-tr","generate-columns","tablet-grid-50","mobile-grid-100","grid-parent","grid-50","no-featured-image-padding","resize-featured-image"],"acf":[],"_links":{"self":[{"href":"https:\/\/obera.fr\/tr\/wp-json\/wp\/v2\/posts\/66085","targetHints":{"allow":["GET"]}}],"collection":[{"href":"https:\/\/obera.fr\/tr\/wp-json\/wp\/v2\/posts"}],"about":[{"href":"https:\/\/obera.fr\/tr\/wp-json\/wp\/v2\/types\/post"}],"author":[{"embeddable":true,"href":"https:\/\/obera.fr\/tr\/wp-json\/wp\/v2\/users\/4"}],"replies":[{"embeddable":true,"href":"https:\/\/obera.fr\/tr\/wp-json\/wp\/v2\/comments?post=66085"}],"version-history":[{"count":2,"href":"https:\/\/obera.fr\/tr\/wp-json\/wp\/v2\/posts\/66085\/revisions"}],"predecessor-version":[{"id":95552,"href":"https:\/\/obera.fr\/tr\/wp-json\/wp\/v2\/posts\/66085\/revisions\/95552"}],"wp:featuredmedia":[{"embeddable":true,"href":"https:\/\/obera.fr\/tr\/wp-json\/wp\/v2\/media\/95442"}],"wp:attachment":[{"href":"https:\/\/obera.fr\/tr\/wp-json\/wp\/v2\/media?parent=66085"}],"wp:term":[{"taxonomy":"category","embeddable":true,"href":"https:\/\/obera.fr\/tr\/wp-json\/wp\/v2\/categories?post=66085"},{"taxonomy":"post_tag","embeddable":true,"href":"https:\/\/obera.fr\/tr\/wp-json\/wp\/v2\/tags?post=66085"}],"curies":[{"name":"wp","href":"https:\/\/api.w.org\/{rel}","templated":true}]}}