{"id":66169,"date":"2022-05-24T16:54:00","date_gmt":"2022-05-24T14:54:00","guid":{"rendered":"https:\/\/obera.fr\/conseils\/qualite-air-salle-classe\/"},"modified":"2025-05-06T10:16:33","modified_gmt":"2025-05-06T08:16:33","slug":"qualite-air-salle-classe","status":"publish","type":"post","link":"https:\/\/obera.fr\/tr\/bizim-tavsiyemiz\/qualite-air-salle-classe\/","title":{"rendered":"S\u0131n\u0131ftaki hava kalitesi nas\u0131l?"},"content":{"rendered":"\n<p><strong> Bir s\u0131n\u0131ftaki havan\u0131n kalitesi<\/strong> hem \u00f6\u011frencilerin konsantrasyonunu hem de okuldaki refahlar\u0131n\u0131 etkileyebilir. Bazen ba\u015f a\u011fr\u0131s\u0131 veya g\u00f6z tahri\u015fine neden olan bu durum, 2018&#8217;den itibaren belirli kurumlarda ge\u00e7erli olmak \u00fczere bir kararnameye konu olmu\u015ftur.   <\/p>\n\n<p>Burada bir s\u0131n\u0131f i\u00e7in <strong>y\u00f6netmeliklere<\/strong> ve <strong>kirlilik kontrol cihazlar\u0131na<\/strong> g\u00f6z at\u0131yoruz.<\/p>\n\n<h2 class=\"wp-block-heading\">S\u0131n\u0131f hava kalitesi: y\u00f6netmelikler<\/h2>\n\n<p>2013 y\u0131l\u0131nda Sa\u011fl\u0131k ve \u00c7evre Bakanl\u0131klar\u0131 kamusal alanlardaki kirlilik konusunu ele alm\u0131\u015ft\u0131r. Ulusal Sa\u011fl\u0131k ve \u00c7evre Plan\u0131na ekli bir eylem plan\u0131 ba\u015flatt\u0131lar.   <\/p>\n\n<h3 class=\"wp-block-heading\">\u0130lgili kurulu\u015flar<\/h3>\n\n<p>Frans\u0131z \u00c7evre Kanunu&#8217;nun L. 221-8 ve R. 221-30 maddeleri, <strong>i\u00e7 mekan hava kalitesinin izlenmesinin<\/strong> \u015funlar\u0131 kapsamas\u0131 gerekti\u011fini \u00f6ng\u00f6rmektedir  <\/p>\n\n<ul class=\"wp-block-list\">\n<li>Kre\u015fler ve g\u00fcnd\u00fcz bak\u0131mevleri gibi 6 ya\u015f\u0131ndan k\u00fc\u00e7\u00fck \u00e7ocuklar i\u00e7in \u00e7ocuk bak\u0131m tesisleri;<\/li>\n\n\n\n<li>T\u00fcm ilk ve orta dereceli okullar;<\/li>\n\n\n\n<li>Dinlence merkezleri.<\/li>\n<\/ul>\n\n<h3 class=\"wp-block-heading\">Uygulama tarihi<\/h3>\n\n<p>17 A\u011fustos 2015 tarihli ve 2015-1000 say\u0131l\u0131 Kararname, Ocak ay\u0131ndan itibaren <strong>s\u0131n\u0131flarda hava kalitesinin izlenmesini<\/strong> \u00f6ng\u00f6rmektedir:  <\/p>\n\n<ul class=\"wp-block-list\">\n<li>2018 t\u00fcm ilkokullar ve kre\u015fler i\u00e7in;<\/li>\n\n\n\n<li>2020 e\u011flence merkezleri, kolejler ve <a href=\"https:\/\/obera.fr\/conseils\/un-lycee-nous-fait-confiance\/\">liseler<\/a> i\u00e7in.<\/li>\n<\/ul>\n\n<p>Kamuya a\u00e7\u0131k di\u011fer kurumlar i\u00e7in uyum tarihi 1 Ocak 2023 olarak belirlenmi\u015ftir.<\/p>\n\n<h2 class=\"wp-block-heading\">Okullarda hava kalitesi: izleme<\/h2>\n\n<p>Yasaya uygun olarak, <strong>bir s\u0131n\u0131f i\u00e7in hava kalitesi izleme sisteminin<\/strong> 2 bile\u015feni vard\u0131r:  <\/p>\n\n<ul class=\"wp-block-list\">\n<li>Havaland\u0131rma sistemlerinin denetimi;<\/li>\n\n\n\n<li>Kirleticileri \u00f6l\u00e7mek i\u00e7in bir kampanya.<\/li>\n<\/ul>\n\n<p>Bu,<strong> hava sirk\u00fclasyon sisteminin<\/strong> eri\u015filebilir olup olmad\u0131\u011f\u0131n\u0131n kontrol edilmesini de i\u00e7erir.<\/p>\n\n<h3 class=\"wp-block-heading\">Havaland\u0131rman\u0131n de\u011ferlendirilmesi<\/h3>\n\n<p>Te\u015fhis b\u00f6l\u00fcm\u00fc bir s\u0131n\u0131ftaki havaland\u0131rma d\u00fczenlemelerini de\u011ferlendirir. \u00d6zellikle s\u0131n\u0131f\u0131n havaland\u0131rma menfezlerinin durumu de\u011ferlendirilir. <\/p>\n\n<p>Bu de\u011ferlendirmenin kurulu\u015fun teknik departman\u0131 taraf\u0131ndan yap\u0131labilece\u011fini unutmay\u0131n.  <\/p>\n\n<h3 class=\"wp-block-heading\">Kirletici \u00f6rnekleme  <\/h3>\n\n<p>Sahada al\u0131nan numuneler, seviyeyi do\u011fru bir \u015fekilde \u00f6l\u00e7mek i\u00e7in kullan\u0131labilir:<\/p>\n\n<ul class=\"wp-block-list\">\n<li>Formaldehit;<\/li>\n\n\n\n<li>Benzen ;<\/li>\n\n\n\n<li>Perkloretilen ;<\/li>\n\n\n\n<li>CO2 ;<\/li>\n\n\n\n<li>Ve b\u00f6yle devam eder.<\/li>\n<\/ul>\n\n<p>Daha sonra yakla\u015f\u0131k 6 ay arayla iki seri test ger\u00e7ekle\u015ftirilir.<\/p>\n\n<h2 class=\"wp-block-heading\">S\u0131n\u0131fta hava kirlili\u011finin \u00f6l\u00e7\u00fclmesi<\/h2>\n\n<p>CO2 sens\u00f6rlerinin kurulmas\u0131, <a href=\"https:\/\/obera.fr\/conseils\/qualite-l-air-interieur-critere-essentiel-industrie\/\" data-type=\"post\" data-id=\"5884\">hava kalitesini<\/a> do\u011fru bir \u015fekilde izlemenin bir yoludur. OberA, t\u00fcm okullara <strong>s\u0131n\u0131ftaki hava kalitesini \u00f6l\u00e7mek i\u00e7in cihazlar<\/strong> sa\u011flamaktad\u0131r. Etkili olduklar\u0131 kadar kullan\u0131mlar\u0131 da basittir.    <\/p>\n\n<h3 class=\"wp-block-heading\">CO2 sens\u00f6r\u00fc<\/h3>\n\n<p>Bu k\u00fc\u00e7\u00fck kutu, bir s\u0131n\u0131ftaki hava kalitesini veya daha do\u011frusu havaland\u0131rma eksikli\u011fini ger\u00e7ek zamanl\u0131 olarak kontrol eder. Bir <a href=\"https:\/\/obera.fr\/tr\/produits\/analyseurs-air\/capteur-co2-obcare\/\">CO2 sens\u00f6r\u00fc<\/a>, karbondioksit konsantrasyonunu ppm (milyonda bir par\u00e7a) cinsinden hassas bir \u015fekilde \u00f6l\u00e7er ve g\u00f6r\u00fcnt\u00fcler. Ekran k\u0131rm\u0131z\u0131 oldu\u011funda, pencereleri a\u00e7arak veya bir hava temizleyici kullanarak oday\u0131 havaland\u0131rman\u0131n zaman\u0131 gelmi\u015f demektir.    <\/p>\n\n<div class=\"wp-block-columns is-layout-flex wp-container-core-columns-is-layout-28f84493 wp-block-columns-is-layout-flex\">\n<div class=\"wp-block-column is-layout-flow wp-block-column-is-layout-flow\">\n<figure class=\"wp-block-image aligncenter size-medium\"><img decoding=\"async\" width=\"300\" height=\"225\" src=\"https:\/\/obera.fr\/wp-content\/uploads\/2022\/01\/Capteur-CO2-OberA-300x225.jpg\" alt=\"obera co2 sens&#xF6;r&#xFC;\" class=\"wp-image-8381\" srcset=\"https:\/\/obera.fr\/wp-content\/uploads\/2022\/01\/Capteur-CO2-OberA-300x225.jpg 300w, https:\/\/obera.fr\/wp-content\/uploads\/2022\/01\/Capteur-CO2-OberA-1024x768.jpg 1024w, https:\/\/obera.fr\/wp-content\/uploads\/2022\/01\/Capteur-CO2-OberA-768x576.jpg 768w, https:\/\/obera.fr\/wp-content\/uploads\/2022\/01\/Capteur-CO2-OberA-1536x1152.jpg 1536w, https:\/\/obera.fr\/wp-content\/uploads\/2022\/01\/Capteur-CO2-OberA-2048x1536.jpg 2048w\" sizes=\"(max-width: 300px) 100vw, 300px\" \/><figcaption class=\"wp-element-caption\">OBCAR CO2 sens\u00f6r\u00fc<\/figcaption><\/figure>\n<\/div>\n\n\n\n<div class=\"wp-block-column is-layout-flow wp-block-column-is-layout-flow\"><\/div>\n<\/div>\n\n<h3 class=\"wp-block-heading\">Hava analiz\u00f6r\u00fc<\/h3>\n\n<p>Hava analiz cihaz\u0131m\u0131z, <strong>bir s\u0131n\u0131fta bulunabilecek kirleticilerin<\/strong> sorunsuz bir \u015fekilde izlenmesini sa\u011flar. Bu dikkat \u00e7ekmeyen, ba\u011fl\u0131 cihaz, bir s\u0131n\u0131ftaki ince partik\u00fcl, VOC, s\u0131cakl\u0131k, nem ve CO2 seviyelerinin konsantrasyonunu do\u011fru bir \u015fekilde analiz eder. Ham veriler daha sonra al\u0131n\u0131r ve bir grafik \u00fczerinde g\u00f6r\u00fcnt\u00fclenir.    <\/p>\n\n<blockquote class=\"wp-block-quote is-layout-flow wp-block-quote-is-layout-flow\">\n<p>Bu cihaz, Sa\u011fl\u0131k Bakanl\u0131\u011f\u0131 taraf\u0131ndan \u00f6nerilen 800 ppm CO2 e\u015fi\u011fi a\u015f\u0131ld\u0131\u011f\u0131nda uyar\u0131 verir.  <\/p>\n<\/blockquote>\n\n<p>Sizin de anlayaca\u011f\u0131n\u0131z gibi, <strong>y\u00f6netmelikler<\/strong> art\u0131k s\u0131n\u0131flarda hava kalitesinin izlenmesini gerektiriyor. <a href=\"https:\/\/obera.fr\/tr\/\">OberA<\/a>&#8216;da, karbondioksit seviyeleri \u00e7ok y\u00fcksek oldu\u011funda sizi uyarabilecek basit izleme cihazlar\u0131m\u0131z var. Sa\u011fl\u0131kl\u0131 bir ortama d\u00f6nmek i\u00e7in oday\u0131 havaland\u0131rman\u0131z veya bir hava temizleyici kullanman\u0131z yeterlidir. <strong>Daha fazla bilgi i\u00e7in bizimle ileti\u015fime ge\u00e7mekten<\/strong> \u00e7ekinmeyin.   <\/p>\n\n<div class=\"wp-block-buttons is-horizontal is-content-justification-center is-layout-flex wp-container-core-buttons-is-layout-03627597 wp-block-buttons-is-layout-flex\">\n<div class=\"wp-block-button has-custom-width wp-block-button__width-100\"><a class=\"wp-block-button__link wp-element-button\" href=\"https:\/\/obera.fr\/tr\/bize-ulasin\/\">Daha fazla bilgi edin<\/a><\/div>\n<\/div>\n","protected":false},"excerpt":{"rendered":"<p>Bir s\u0131n\u0131ftaki havan\u0131n kalitesi hem \u00f6\u011frencilerin konsantrasyonunu hem de okuldaki refahlar\u0131n\u0131 etkileyebilir. Bazen ba\u015f a\u011fr\u0131s\u0131 veya g\u00f6z tahri\u015fine neden olan bu durum, 2018&#8217;den itibaren belirli kurumlarda ge\u00e7erli olmak \u00fczere bir kararnameye konu olmu\u015ftur.   <\/p>\n","protected":false},"author":4,"featured_media":95605,"comment_status":"open","ping_status":"closed","sticky":false,"template":"","format":"standard","meta":{"_acf_changed":false,"_seopress_robots_primary_cat":"none","_seopress_titles_title":"Qualit\u00e9 de l'air salle de classe: r\u00e9glementation et dispositifs","_seopress_titles_desc":"Comment doit \u00eatre la qualit\u00e9 de l\u2019air dans une salle de classe ? OberA vous dit tout sur la r\u00e9glementation et les dispositifs de contr\u00f4le.","_seopress_robots_index":"","footnotes":""},"categories":[299],"tags":[306],"class_list":["post-66169","post","type-post","status-publish","format-standard","has-post-thumbnail","hentry","category-bizim-tavsiyemiz","tag-entete-small-tr","generate-columns","tablet-grid-50","mobile-grid-100","grid-parent","grid-50","no-featured-image-padding","resize-featured-image"],"acf":[],"_links":{"self":[{"href":"https:\/\/obera.fr\/tr\/wp-json\/wp\/v2\/posts\/66169","targetHints":{"allow":["GET"]}}],"collection":[{"href":"https:\/\/obera.fr\/tr\/wp-json\/wp\/v2\/posts"}],"about":[{"href":"https:\/\/obera.fr\/tr\/wp-json\/wp\/v2\/types\/post"}],"author":[{"embeddable":true,"href":"https:\/\/obera.fr\/tr\/wp-json\/wp\/v2\/users\/4"}],"replies":[{"embeddable":true,"href":"https:\/\/obera.fr\/tr\/wp-json\/wp\/v2\/comments?post=66169"}],"version-history":[{"count":4,"href":"https:\/\/obera.fr\/tr\/wp-json\/wp\/v2\/posts\/66169\/revisions"}],"predecessor-version":[{"id":95762,"href":"https:\/\/obera.fr\/tr\/wp-json\/wp\/v2\/posts\/66169\/revisions\/95762"}],"wp:featuredmedia":[{"embeddable":true,"href":"https:\/\/obera.fr\/tr\/wp-json\/wp\/v2\/media\/95605"}],"wp:attachment":[{"href":"https:\/\/obera.fr\/tr\/wp-json\/wp\/v2\/media?parent=66169"}],"wp:term":[{"taxonomy":"category","embeddable":true,"href":"https:\/\/obera.fr\/tr\/wp-json\/wp\/v2\/categories?post=66169"},{"taxonomy":"post_tag","embeddable":true,"href":"https:\/\/obera.fr\/tr\/wp-json\/wp\/v2\/tags?post=66169"}],"curies":[{"name":"wp","href":"https:\/\/api.w.org\/{rel}","templated":true}]}}