{"id":66241,"date":"2022-04-16T16:04:00","date_gmt":"2022-04-16T14:04:00","guid":{"rendered":"https:\/\/obera.fr\/conseils\/changer-filtre-purificateur-dair\/"},"modified":"2025-05-06T14:00:21","modified_gmt":"2025-05-06T12:00:21","slug":"changer-filtre-purificateur-dair","status":"publish","type":"post","link":"https:\/\/obera.fr\/tr\/bizim-tavsiyemiz\/changer-filtre-purificateur-dair\/","title":{"rendered":"Hava temizleyici filtresi ne zaman de\u011fi\u015ftirilmelidir?"},"content":{"rendered":"\n<p>Bir hava temizleyici, partik\u00fclleri, kirleticileri, vir\u00fcsleri ve bakterileri filtreleyerek bir <strong>odadaki havay\u0131 temiz<\/strong> ler. Filtreleme kalitesini korumak i\u00e7in <a href=\"https:\/\/obera.fr\/tr\/bizim-tavsiyemiz\/entretien-purificateur-air\/\" data-type=\"post\" data-id=\"12362\">bir hava temizleyicinin bak\u0131ma ihtiyac\u0131 vard\u0131r<\/a>. Ana filtrenin veya ince filtrelerin de\u011fi\u015ftirilmesi \u00e7ok \u00f6nemlidir. Peki <strong>hava temizleyici filtrenizi ne zaman de\u011fi\u015ftirmelisiniz<\/strong>? Bunu \u00f6\u011frenmenize yard\u0131mc\u0131 olaca\u011f\u0131z.    <\/p>\n\n<h2 class=\"wp-block-heading\">Ar\u0131tma cihaz\u0131n\u0131z\u0131n filtresini ne zaman de\u011fi\u015ftirmeniz gerekti\u011fini anlaman\u0131n 3 yolu<\/h2>\n\n<p>Bir hava temizleyicideki filtrelerin d\u00fczenli olarak de\u011fi\u015ftirilmesi, cihaz\u0131n normal kullan\u0131m\u0131n\u0131n bir par\u00e7as\u0131d\u0131r. Hava temizleyicinizin <strong>d\u00fczg\u00fcn \u00e7al\u0131\u015fmaya devam etmesini ve y\u00fcksek d\u00fczeyde filtreleme sa\u011flam<\/strong>as\u0131n\u0131 sa\u011flaman\u0131n en iyi yolu budur. Hava temizleyici filtrenizi ne zaman de\u011fi\u015ftirmeniz gerekti\u011fini \u00f6\u011frenmenin 3 yolunu a\u015fa\u011f\u0131da bulabilirsiniz.  <\/p>\n\n<h3 class=\"wp-block-heading\">Cihaz bunu g\u00f6sterdi\u011finde temizleyici filtresini de\u011fi\u015ftirin<\/h3>\n\n<div class=\"wp-block-columns are-vertically-aligned-center is-layout-flex wp-container-core-columns-is-layout-28f84493 wp-block-columns-is-layout-flex\">\n<div class=\"wp-block-column is-vertically-aligned-center is-layout-flow wp-block-column-is-layout-flow\" style=\"flex-basis:33.33%\">\n<figure class=\"wp-block-image aligncenter size-full is-resized\"><img decoding=\"async\" src=\"https:\/\/obera.fr\/wp-content\/uploads\/2022\/04\/Sans-titre-2022-07-20T105225.482.png\" alt=\"Filtreleri &#x131;&#x15F;&#x131;k sinyali ile de&#x11F;i&#x15F;tirin\" class=\"wp-image-13591\" width=\"300\" height=\"150\"\/><\/figure>\n<\/div>\n\n\n\n<div class=\"wp-block-column is-vertically-aligned-center is-layout-flow wp-block-column-is-layout-flow\" style=\"flex-basis:66.66%\">\n<p><strong>End\u00fcstriyel ve profesyonel hava temizleyicilerin bir g\u00f6stergesi vard\u0131r<\/strong>. Baz\u0131lar\u0131nda hava kalitesi g\u00f6stergesi vard\u0131r. Di\u011ferlerinde bir saat \u00f6l\u00e7er veya t\u0131kanma g\u00f6stergesi bulunur. Bu cihazlar, <strong>hava temizleyicinizdeki filtre<\/strong>(ler)i ne zaman de\u011fi\u015ftirmeniz gerekti\u011fini bilmenizi sa\u011flar. Genellikle renkli bir g\u00f6rsel g\u00f6sterge (\u00f6rne\u011fin k\u0131rm\u0131z\u0131 bir LED) kullan\u0131rlar.    <\/p>\n<\/div>\n<\/div>\n\n<h3 class=\"wp-block-heading\">Ar\u0131t\u0131c\u0131 filtresinin zaman\u0131nda de\u011fi\u015ftirilmesi<\/h3>\n\n<div class=\"wp-block-columns are-vertically-aligned-center is-layout-flex wp-container-core-columns-is-layout-28f84493 wp-block-columns-is-layout-flex\">\n<div class=\"wp-block-column is-vertically-aligned-center is-layout-flow wp-block-column-is-layout-flow\" style=\"flex-basis:66.66%\">\n<p><strong>Bir program tutmak <\/strong>, hava temizleyicinizdeki filtreyi ne zaman de\u011fi\u015ftirece\u011finizi bilmeniz anlam\u0131na gelir. Bu sistem k\u0131s\u0131tlay\u0131c\u0131d\u0131r, ancak t\u0131kanmay\u0131 \u00f6l\u00e7meyen bir temizleyici ile (delta P ad\u0131 verilen filtre diferansiyel bas\u0131n\u00e7 \u00f6l\u00e7\u00fcm\u00fc) bir \u00e7\u00f6z\u00fcmd\u00fcr&#8230; Filtreler, ar\u0131t\u0131c\u0131 <strong>d\u00fc\u015f\u00fck tozlu<\/strong> veya d\u00fc\u015f\u00fck kirlilikli <strong>alanlarda<\/strong> veya anti-kovid <a href=\"https:\/\/obera.fr\/tr\/bizim-tavsiyemiz\/purificateur-d-air-tertiaire-professionnel\/\" data-type=\"post\" data-id=\"13443\">\u00fc\u00e7\u00fcnc\u00fcl<\/a> veya <a href=\"https:\/\/obera.fr\/tr\/bizim-tavsiyemiz\/qualite-de-lair-etablissements-de-sante\/\" data-type=\"post\" data-id=\"12668\">hastane<\/a> ar\u0131t\u0131c\u0131lar\u0131nda <strong>kullan\u0131ld\u0131\u011f\u0131nda<\/strong> bir programa g\u00f6re de\u011fi\u015ftirilebilir. Bu durumda, genellikle filtrenin y\u0131lda bir kez de\u011fi\u015ftirilmesi \u00f6nerilir. <\/p>\n\n\n\n<p>\u00dcretim alanlar\u0131nda veya depolarda yo\u011fun kirlili\u011fe maruz kalan ar\u0131t\u0131c\u0131lar s\u00f6z konusu oldu\u011funda, s\u00fcrekli kirlenme \u00f6l\u00e7\u00fcm\u00fc ile donat\u0131lm\u0131\u015f ar\u0131t\u0131c\u0131lar\u0131 tercih etmek gerekir.<\/p>\n<\/div>\n\n\n\n<div class=\"wp-block-column is-vertically-aligned-center is-layout-flow wp-block-column-is-layout-flow\" style=\"flex-basis:33.33%\">\n<figure class=\"wp-block-image aligncenter size-full\"><img decoding=\"async\" width=\"300\" height=\"150\" src=\"https:\/\/obera.fr\/wp-content\/uploads\/2022\/07\/Sans-titre-2022-07-20T110553.562.png\" alt=\"Filtreleri d&#xF6;neme g&#xF6;re de&#x11F;i&#x15F;tirme\" class=\"wp-image-13598\"\/><\/figure>\n<\/div>\n<\/div>\n\n<h4 class=\"wp-block-heading\">Karbon filtre ne zaman de\u011fi\u015ftirilmelidir?<\/h4>\n\n<div class=\"wp-block-columns is-layout-flex wp-container-core-columns-is-layout-28f84493 wp-block-columns-is-layout-flex\">\n<div class=\"wp-block-column is-vertically-aligned-center is-layout-flow wp-block-column-is-layout-flow\" style=\"flex-basis:33.33%\">\n<figure class=\"wp-block-image aligncenter size-full is-resized\"><img decoding=\"async\" src=\"https:\/\/obera.fr\/wp-content\/uploads\/2022\/07\/Changement-filtre-charbon-actif.png\" alt=\"aktif karbon filtre de&#x11F;i&#x15F;imi\" class=\"wp-image-13603\" width=\"131\" height=\"150\" srcset=\"https:\/\/obera.fr\/wp-content\/uploads\/2022\/07\/Changement-filtre-charbon-actif.png 467w, https:\/\/obera.fr\/wp-content\/uploads\/2022\/07\/Changement-filtre-charbon-actif-262x300.png 262w\" sizes=\"(max-width: 131px) 100vw, 131px\" \/><figcaption>Aktif karbon filtre<\/figcaption><\/figure>\n<\/div>\n\n\n\n<div class=\"wp-block-column is-vertically-aligned-center is-layout-flow wp-block-column-is-layout-flow\" style=\"flex-basis:66.66%\">\n<p>Aktif karbon filtrenin de\u011fi\u015ftirilmesini planlamak \u00e7ok zordur. Karbon, bir partik\u00fcl filtresi gibi t\u0131kanmaz ve bas\u0131n\u00e7 d\u00fc\u015f\u00fc\u015f\u00fc doygunluk seviyesiyle de\u011fi\u015fmez. Bir karbon filtrenin doygunlu\u011fu genellikle <strong>kirleticinin kokusunun geri gelmesiyle<\/strong> veya kirletici benzersiz oldu\u011funda, temizleyicinin temiz hava taraf\u0131nda tan\u0131mlanm\u0131\u015f tek bir konsantrasyondan daha y\u00fcksek bir konsantrasyonun \u00f6l\u00e7\u00fclmesiyle belirlenir. Bu son y\u00f6ntem yaln\u0131zca kirletici benzersiz oldu\u011funda kullan\u0131labilir. \u00d6rne\u011fin VOC&#8217;lerin bir kombinasyonu s\u00f6z konusu oldu\u011funda, temiz havada bir konsantrasyon \u00f6l\u00e7mek \u00e7ok zordur. Genellikle <strong>karbonun y\u0131lda en az bir kez de\u011fi\u015ftirilmesi<\/strong> tavsiye edilir.     <\/p>\n<\/div>\n<\/div>\n\n<h4 class=\"wp-block-heading\">Aktif karbon filtresi ne kadar dayan\u0131r? Aktif karbon filtresi ne s\u0131kl\u0131kla de\u011fi\u015ftirilmelidir? <\/h4>\n\n<p>Bir aktif karbon filtresinin \u00f6mr\u00fcn\u00fc tahmin etmek i\u00e7in, giri\u015f ak\u0131\u015f h\u0131z\u0131n\u0131 ve ar\u0131t\u0131lacak kirletici konsantrasyonunu bilmeniz gerekir. Aktif karbon, a\u011f\u0131rl\u0131\u011f\u0131n\u0131n %20 ila %40&#8217;\u0131na kar\u015f\u0131l\u0131k gelen kirleticileri <strong>emme kapasitesine<\/strong> sahiptir. 36 kg&#8217;l\u0131k bir karbon filtre maksimum 14 kg kirletici emme kapasitesine sahip olacakt\u0131r. Bu nedenle de\u011fi\u015ftirme s\u0131kl\u0131\u011f\u0131 a\u015fa\u011f\u0131daki form\u00fcl kullan\u0131larak hesaplanabilir:   <\/p>\n\n<ul class=\"wp-block-list\"><li>h cinsinden de\u011fi\u015ftirme aral\u0131\u011f\u0131: ( Pc x Ta ) \/ Qp<\/li><li>Pc = aktif karbon y\u00fck\u00fc kg ile<\/li><li>Ta = % cinsinden kirletici adsorpsiyon oran\u0131.<\/li><li>Qp = kg\/saat cinsinden kirletici k\u00fctle ak\u0131\u015f\u0131 (m3\/saat cinsinden hava ak\u0131\u015f\u0131 x kirletici konsantrasyonu kg\/m3)  <\/li><\/ul>\n\n<h4 class=\"wp-block-heading\">HEPA filtreler ne zaman de\u011fi\u015ftirilmelidir?<\/h4>\n\n<div class=\"wp-block-columns are-vertically-aligned-center is-layout-flex wp-container-core-columns-is-layout-28f84493 wp-block-columns-is-layout-flex\">\n<div class=\"wp-block-column is-vertically-aligned-center is-layout-flow wp-block-column-is-layout-flow\" style=\"flex-basis:33.33%\">\n<figure class=\"wp-block-image aligncenter size-full is-resized\"><img decoding=\"async\" src=\"https:\/\/obera.fr\/wp-content\/uploads\/2022\/07\/Changement-filtre-HEPA.png\" alt=\"hepa fi&#x307;ltre de&#x11F;i&#x307;&#x15F;i&#x307;mi&#x307;\" class=\"wp-image-13607\" width=\"131\" height=\"150\" srcset=\"https:\/\/obera.fr\/wp-content\/uploads\/2022\/07\/Changement-filtre-HEPA.png 467w, https:\/\/obera.fr\/wp-content\/uploads\/2022\/07\/Changement-filtre-HEPA-262x300.png 262w\" sizes=\"(max-width: 131px) 100vw, 131px\" \/><figcaption>Hepa filtre<\/figcaption><\/figure>\n<\/div>\n\n\n\n<div class=\"wp-block-column is-vertically-aligned-center is-layout-flow wp-block-column-is-layout-flow\" style=\"flex-basis:66.66%\">\n<p><a href=\"https:\/\/obera.fr\/tr\/bizim-tavsiyemiz\/filtre-hepa-et-purificateur-d-air\/\" data-type=\"post\" data-id=\"13449\">HEPA filtr<\/a> eler en ince partik\u00fclleri ve vir\u00fcsleri temizler (H13 ve H14 kalite filtreler). Bu filtrelerin <strong>d\u00fczenli olarak de\u011fi\u015ftirilmesi hava kalitesi i\u00e7in \u00e7ok \u00f6nemlidir<\/strong>. Bu filtreler ayn\u0131 zamanda en pahal\u0131 olanlard\u0131r. Bu y\u00fczden sadece gerekti\u011finde de\u011fi\u015ftirilmesi \u00f6nemlidir. HEPA filtrelerin yaln\u0131zca t\u0131kanma seviyesi ve bunun sonucunda hava ak\u0131\u015f\u0131nda meydana gelen d\u00fc\u015f\u00fc\u015f gerekli hale geldi\u011finde de\u011fi\u015ftirilmesine olanak tan\u0131yan bir t\u0131kanma g\u00f6stergesi ile donat\u0131lm\u0131\u015f temizleyicileri tercih edin. Vir\u00fcs ve bakterileri tedavi etmek i\u00e7in kullan\u0131lan filtreler s\u00f6z konusu oldu\u011funda, <strong>y\u0131ll\u0131k de\u011fi\u015fimi veya y\u0131lda iki kez de\u011fi\u015ftirmeyi<\/strong> tercih edin.     <\/p>\n<\/div>\n<\/div>\n\n<h4 class=\"wp-block-heading\">Hava temizleme cihaz\u0131m\u0131n kaba filtrelerini veya \u00f6n filtrelerini ne zaman de\u011fi\u015ftirmeliyim?<\/h4>\n\n<div class=\"wp-block-columns are-vertically-aligned-center is-layout-flex wp-container-core-columns-is-layout-28f84493 wp-block-columns-is-layout-flex\">\n<div class=\"wp-block-column is-vertically-aligned-center is-layout-flow wp-block-column-is-layout-flow\" style=\"flex-basis:33.33%\">\n<figure class=\"wp-block-image aligncenter size-full is-resized\"><img decoding=\"async\" src=\"https:\/\/obera.fr\/wp-content\/uploads\/2022\/07\/Changement-prefiltre.png\" alt=\"&#xF6;n filtreyi de&#x11F;i&#x15F;tir\" class=\"wp-image-13610\" width=\"131\" height=\"150\"\/><figcaption>\u00d6n filtre<\/figcaption><\/figure>\n<\/div>\n\n\n\n<div class=\"wp-block-column is-vertically-aligned-center is-layout-flow wp-block-column-is-layout-flow\" style=\"flex-basis:66.66%\">\n<p>Temizleyiciye \u00f6n filtreler veya kaba filtreler tak\u0131ld\u0131\u011f\u0131nda, bunlar\u0131n amac\u0131 HEPA filtreleri gibi daha ince, daha pahal\u0131 filtreleri korumakt\u0131r. T\u0131kanma g\u00f6stergesi bu durumu g\u00f6sterdi\u011finde ve \u00f6zellikle <strong>temizleyici profesyonel bir ortamda kullan\u0131l\u0131yorsa<\/strong>, y\u0131lda en az bir kez de\u011fi\u015ftirilmelidirler. Genel olarak, ana filtreyi de\u011fi\u015ftirmeden \u00f6nce \u00f6n filtreleri 4 kez de\u011fi\u015ftirmenizi \u00f6neririz. Ana filtre de\u011fi\u015ftirildi\u011finde, t\u00fcm \u00f6n filtreler ayn\u0131 anda de\u011fi\u015ftirilmelidir.   <\/p>\n<\/div>\n<\/div>\n\n<blockquote class=\"wp-block-quote is-layout-flow wp-block-quote-is-layout-flow\"><p>A\u00e7\u0131k\u00e7as\u0131, delinmi\u015f bir filtreyi her zaman de\u011fi\u015ftirmelisiniz.  <\/p><\/blockquote>\n\n<h3 class=\"wp-block-heading\">Ar\u0131t\u0131c\u0131 filtresinin zaman \u00e7izelgesi olmadan de\u011fi\u015ftirilmesi<\/h3>\n\n<p>Temizleyicinizdeki filtreyi bir programa ba\u011fl\u0131 kalmadan de\u011fi\u015ftirebilirsiniz. K\u00fcf, toprak veya nem kokusu tespit ederseniz, filtreler de\u011fi\u015ftirilmelidir. <strong>Ar\u0131tma cihaz<\/strong>\u0131n\u0131z\u0131 <strong>a\u00e7\u0131p filtrelerin g\u00f6r\u00fcn\u00fcm\u00fcn\u00fc<\/strong> de <strong>kontrol<\/strong> edebilirsiniz.  <\/p>\n\n<p><strong>Filtreleri de\u011fi\u015ftirmek iyi hava kalitesinin anahtar\u0131d\u0131r<\/strong>. Saat \u00f6l\u00e7er veya filtre t\u0131kanma sens\u00f6r\u00fc ile donat\u0131lm\u0131\u015f bir cihaz, temizleyicinizdeki filtreyi ne zaman de\u011fi\u015ftirmeniz gerekti\u011fini bilmenize yard\u0131mc\u0131 olur. Hava temizleyiciler hakk\u0131nda daha fazla bilgi edinmek i\u00e7in di\u011fer makalelerimizi okuyun.  <\/p>\n","protected":false},"excerpt":{"rendered":"<p>Bir hava temizleyici, partik\u00fclleri, kirleticileri, vir\u00fcsleri ve bakterileri filtreleyerek bir odadaki havay\u0131 temizler. Filtreleme kalitesini korumak i\u00e7in bir hava temizleyicinin bak\u0131ma ihtiyac\u0131 vard\u0131r. Ana filtrenin veya ince filtrelerin de\u011fi\u015ftirilmesi \u00e7ok \u00f6nemlidir. Peki hava temizleyici filtrenizi ne zaman de\u011fi\u015ftirmelisiniz? Bunu \u00f6\u011frenmenize yard\u0131mc\u0131 olaca\u011f\u0131z.    <\/p>\n","protected":false},"author":4,"featured_media":94670,"comment_status":"open","ping_status":"closed","sticky":false,"template":"","format":"standard","meta":{"_acf_changed":false,"_seopress_robots_primary_cat":"none","_seopress_titles_title":"Comment et quand changer le filtre de son purificateur d\u2019air ?","_seopress_titles_desc":"Quand changer le filtre de son purificateur d\u2019air ? Nous vous indiquons 3 moyens de savoir quand changer le filtre. Deux astuces simples existent.","_seopress_robots_index":"","footnotes":""},"categories":[299],"tags":[306],"class_list":["post-66241","post","type-post","status-publish","format-standard","has-post-thumbnail","hentry","category-bizim-tavsiyemiz","tag-entete-small-tr","generate-columns","tablet-grid-50","mobile-grid-100","grid-parent","grid-50","no-featured-image-padding","resize-featured-image"],"acf":[],"_links":{"self":[{"href":"https:\/\/obera.fr\/tr\/wp-json\/wp\/v2\/posts\/66241","targetHints":{"allow":["GET"]}}],"collection":[{"href":"https:\/\/obera.fr\/tr\/wp-json\/wp\/v2\/posts"}],"about":[{"href":"https:\/\/obera.fr\/tr\/wp-json\/wp\/v2\/types\/post"}],"author":[{"embeddable":true,"href":"https:\/\/obera.fr\/tr\/wp-json\/wp\/v2\/users\/4"}],"replies":[{"embeddable":true,"href":"https:\/\/obera.fr\/tr\/wp-json\/wp\/v2\/comments?post=66241"}],"version-history":[{"count":2,"href":"https:\/\/obera.fr\/tr\/wp-json\/wp\/v2\/posts\/66241\/revisions"}],"predecessor-version":[{"id":96935,"href":"https:\/\/obera.fr\/tr\/wp-json\/wp\/v2\/posts\/66241\/revisions\/96935"}],"wp:featuredmedia":[{"embeddable":true,"href":"https:\/\/obera.fr\/tr\/wp-json\/wp\/v2\/media\/94670"}],"wp:attachment":[{"href":"https:\/\/obera.fr\/tr\/wp-json\/wp\/v2\/media?parent=66241"}],"wp:term":[{"taxonomy":"category","embeddable":true,"href":"https:\/\/obera.fr\/tr\/wp-json\/wp\/v2\/categories?post=66241"},{"taxonomy":"post_tag","embeddable":true,"href":"https:\/\/obera.fr\/tr\/wp-json\/wp\/v2\/tags?post=66241"}],"curies":[{"name":"wp","href":"https:\/\/api.w.org\/{rel}","templated":true}]}}