{"id":66568,"date":"2022-03-24T16:24:27","date_gmt":"2022-03-24T14:24:27","guid":{"rendered":"https:\/\/obera.fr\/conseils\/differences-entre-rafraichisseur-climatiseur\/"},"modified":"2025-05-06T14:00:50","modified_gmt":"2025-05-06T12:00:50","slug":"differences-entre-rafraichisseur-climatiseur","status":"publish","type":"post","link":"https:\/\/obera.fr\/tr\/bizim-tavsiyemiz\/differences-entre-rafraichisseur-climatiseur\/","title":{"rendered":"So\u011futucu ile klima aras\u0131ndaki fark nedir?"},"content":{"rendered":"\n<p>Klimalar m\u0131 yoksa <a href=\"https:\/\/obera.fr\/tr\/produits\/rafraichisseurs-air\/\">end\u00fcstriyel so\u011futucular<\/a> m\u0131? Ortak so\u011futma i\u015flevlerine ra\u011fmen, <strong>ekolojik ve ekonomik<\/strong> a\u00e7\u0131dan farkl\u0131l\u0131k g\u00f6sterirler. Bir klima zehirli bir so\u011futucu ak\u0131\u015fkan kullan\u0131r; bir so\u011futucu ise su kullan\u0131r! Bir klima kapal\u0131 bir odada \u00e7al\u0131\u015f\u0131r; bir so\u011futucu ise havadar bir odada! Yine de bir so\u011futucu klimadan daha az enerji kullan\u0131r. Bu y\u00fczden so\u011futucular klimalardan daha ucuzdur! Klimalar\u0131 <strong>ve so\u011futucular\u0131<\/strong> sadece birka\u00e7 dakika i\u00e7inde <strong>kar\u015f\u0131la\u015ft\u0131r\u0131n<\/strong>.      <\/p>\n\n<h2 class=\"wp-block-heading\">So\u011futucular ve klimalar: iklimlendirme i\u015flevinin kar\u015f\u0131la\u015ft\u0131r\u0131lmas\u0131<\/h2>\n\n<div class=\"wp-block-columns are-vertically-aligned-center is-layout-flex wp-container-core-columns-is-layout-28f84493 wp-block-columns-is-layout-flex\">\n<div class=\"wp-block-column is-vertically-aligned-center is-layout-flow wp-block-column-is-layout-flow\" style=\"flex-basis:50%\">\n<figure class=\"wp-block-embed is-type-video is-provider-youtube wp-block-embed-youtube wp-embed-aspect-16-9 wp-has-aspect-ratio\"><div class=\"wp-block-embed__wrapper\">\n<iframe title=\"Rafraichisseur d&#039;air - Gamme IC - OberA\" width=\"1200\" height=\"675\" src=\"https:\/\/www.youtube.com\/embed\/NG-Ssy2oM70?feature=oembed\" frameborder=\"0\" allow=\"accelerometer; autoplay; clipboard-write; encrypted-media; gyroscope; picture-in-picture; web-share\" referrerpolicy=\"strict-origin-when-cross-origin\" allowfullscreen><\/iframe>\n<\/div><\/figure>\n\n\n\n<figure class=\"wp-block-image aligncenter size-full is-resized\"><img decoding=\"async\" width=\"1000\" height=\"1000\" src=\"https:\/\/obera.fr\/wp-content\/uploads\/2022\/03\/Rafraichisseur-dair-par-evaporation.jpg\" alt=\"evaporatif hava so&#x11F;utucu\" class=\"wp-image-13253\" style=\"width:250px;height:250px\" srcset=\"https:\/\/obera.fr\/wp-content\/uploads\/2022\/03\/Rafraichisseur-dair-par-evaporation.jpg 1000w, https:\/\/obera.fr\/wp-content\/uploads\/2022\/03\/Rafraichisseur-dair-par-evaporation-300x300.jpg 300w, https:\/\/obera.fr\/wp-content\/uploads\/2022\/03\/Rafraichisseur-dair-par-evaporation-150x150.jpg 150w, https:\/\/obera.fr\/wp-content\/uploads\/2022\/03\/Rafraichisseur-dair-par-evaporation-768x768.jpg 768w\" sizes=\"(max-width: 1000px) 100vw, 1000px\" \/><\/figure>\n<\/div>\n\n\n\n<div class=\"wp-block-column is-vertically-aligned-center is-layout-flow wp-block-column-is-layout-flow\" style=\"flex-basis:66.66%\">\n<p>Suyun buharla\u015fma enerjisi <strong>bir so\u011futucu arac\u0131l\u0131\u011f\u0131yla klima<\/strong> \u00fcretir. Havadan \u00e7ekilen \u0131s\u0131 buharla\u015fma enerjisini \u00fcretir. \u00dcnitenin fan\u0131 havay\u0131 su emdirilmi\u015f nemlendiricinin \u00fczerine iter. Nemlendirici su-\u0131s\u0131 temas\u0131n\u0131 kolayla\u015ft\u0131rarak buharla\u015fmay\u0131 ve dolay\u0131s\u0131yla so\u011futmay\u0131 te\u015fvik eder. Fan ayr\u0131ca nem y\u00fckl\u00fc havan\u0131n tahliyesini de y\u00f6nlendirir.     <\/p>\n\n\n\n<p>Bir<strong> kliman\u0131n<\/strong> so\u011futma devresi vard\u0131r. Bu devre, \u0131s\u0131y\u0131 i\u00e7 \u00fcniteden cihaz\u0131n d\u0131\u015f \u00fcnitesine (split) ta\u015f\u0131yan bir so\u011futucu ak\u0131\u015fkan i\u00e7erir. Kliman\u0131n i\u00e7 \u00fcnitesinin i\u015flevi, bir odadaki havadan \u0131s\u0131y\u0131 \u00e7ekerek so\u011futmak ve so\u011futma i\u00e7in yeniden enjekte etmektir. \u00dcnitenin fan\u0131 \u0131s\u0131y\u0131 devrenin etraf\u0131na \u00fcfleyerek<strong> so\u011futucu ak\u0131\u015fkan\u0131n \u0131s\u0131nmas\u0131na ve buharla\u015fmas\u0131na<\/strong> ve \u0131s\u0131n\u0131n cihaz\u0131n d\u0131\u015f \u00fcnitesine aktar\u0131lmas\u0131na neden olur. Bu \u00fcnitede bir fan \u0131s\u0131y\u0131 \u00e7evreye do\u011fru iterek so\u011futucu ak\u0131\u015fkan\u0131n s\u0131cakl\u0131\u011f\u0131n\u0131 d\u00fc\u015f\u00fcr\u00fcr ve so\u011futucu ak\u0131\u015fkan yo\u011funla\u015farak kliman\u0131n i\u00e7 \u00fcnitesine geri d\u00f6ner.    <\/p>\n\n\n\n<p>So\u011futucunun <strong>evaporatif so\u011futma i\u015flevi<\/strong>, so\u011futma verimlili\u011finin kayna\u011f\u0131 olan ortam havas\u0131n\u0131n s\u00fcrekli olarak tahliye edilmesini gerektirir. Bu nedenle bir <a href=\"https:\/\/obera.fr\/tr\/bizim-tavsiyemiz\/choisir-rafraichisseur-d-air-industriel-reguler-temperature\/\">so\u011futucu bir teras\u0131 veya bir oday\u0131 so\u011futmak i\u00e7in kullan\u0131labilir<\/a>. <\/p>\n\n\n\n<p>Kliman\u0131n so\u011futma i\u015flevi, bir odadan hava al\u0131nmas\u0131n\u0131 engeller. Odan\u0131n a\u00e7\u0131lmas\u0131 cihaz\u0131n verimlili\u011fini tehlikeye atacakt\u0131r. Bir teras\u0131n klima ile so\u011futulmas\u0131 enerji sa\u00e7mal\u0131\u011f\u0131 olacakt\u0131r.  <\/p>\n<\/div>\n<\/div>\n\n<h2 class=\"wp-block-heading\">Bir so\u011futucu, bir klimadan 5 kat daha az enerji t\u00fcketir<\/h2>\n\n<div class=\"wp-block-columns is-layout-flex wp-container-core-columns-is-layout-28f84493 wp-block-columns-is-layout-flex\">\n<div class=\"wp-block-column is-layout-flow wp-block-column-is-layout-flow\" style=\"flex-basis:33.33%\">\n<figure class=\"wp-block-image alignleft size-full is-resized\"><img decoding=\"async\" width=\"600\" height=\"500\" src=\"https:\/\/obera.fr\/wp-content\/uploads\/2022\/07\/Faible-consommation-energetique-des-ecoclim.jpg\" alt=\"ecoclim'in d&#xFC;&#x15F;&#xFC;k enerji t&#xFC;ketimi\" class=\"wp-image-13731\" style=\"width:300px;height:250px\" srcset=\"https:\/\/obera.fr\/wp-content\/uploads\/2022\/07\/Faible-consommation-energetique-des-ecoclim.jpg 600w, https:\/\/obera.fr\/wp-content\/uploads\/2022\/07\/Faible-consommation-energetique-des-ecoclim-300x250.jpg 300w\" sizes=\"(max-width: 600px) 100vw, 600px\" \/><\/figure>\n<\/div>\n\n\n\n<div class=\"wp-block-column is-vertically-aligned-center is-layout-flow wp-block-column-is-layout-flow\" style=\"flex-basis:66.66%\">\n<p><strong>Su buharla\u015fma enerjisi<\/strong> adyabatik bir so\u011futucu i\u00e7in so\u011futma enerjisinin \u00e7o\u011funu sa\u011flar. Elektrik enerjisi so\u011futucuya, \u00f6zellikle de mekanik bir par\u00e7a olan fana g\u00fc\u00e7 sa\u011flar. Suyu tanktan nemlendiriciye ta\u015f\u0131yan pompa \u00e7ok az elektrik gerektirir. Dolay\u0131s\u0131yla bir so\u011futucunun enerji verimlili\u011fi y\u00fcksektir.   <\/p>\n\n\n\n<p>Elektrik, <strong>klima i\u00e7in so\u011futma<\/strong> enerjisi sa\u011flar. Cihaz\u0131n \u0131s\u0131 aktaran her par\u00e7as\u0131 elektrik kullan\u0131r: fanlar, kompres\u00f6r vb. Klima, her bir \u00fcnitede birden fazla par\u00e7a gerektirir. Dolay\u0131s\u0131yla klimalar\u0131n enerji talebi so\u011futucular\u0131n 5 kat\u0131d\u0131r.   <\/p>\n<\/div>\n<\/div>\n\n<h2 class=\"wp-block-heading\">Yo\u011fun \u0131s\u0131 bir so\u011futucunun enerji verimlili\u011fini art\u0131r\u0131r, bir kliman\u0131nkini azalt\u0131r<\/h2>\n\n<div class=\"wp-block-columns are-vertically-aligned-center is-layout-flex wp-container-core-columns-is-layout-28f84493 wp-block-columns-is-layout-flex\">\n<div class=\"wp-block-column is-vertically-aligned-center is-layout-flow wp-block-column-is-layout-flow\" style=\"flex-basis:66.66%\">\n<p>Normal yaz s\u0131cakl\u0131klar\u0131nda, so\u011futucular\u0131n enerji verimlili\u011fi klimalar\u0131nkini a\u015far.  <\/p>\n\n\n\n<p>Kavurucu s\u0131cakl\u0131klarda<strong>so\u011futucunun verimlili\u011fi artar<\/strong>. Hava daha sonra buharla\u015fmay\u0131 h\u0131zland\u0131ran ve cihaz i\u00e7in so\u011futma enerjisi \u00fcreten bir \u0131s\u0131 sto\u011fu i\u00e7erir. \u00dcretilen buharla\u015fma enerjisi, fan h\u0131zlar\u0131na ba\u011fl\u0131 olarak so\u011futucuya sa\u011flanan elektrikten daha h\u0131zl\u0131 ilerler.  <\/p>\n\n\n\n<p>S\u0131cak hava dalgas\u0131 s\u0131ras\u0131nda kliman\u0131n enerji verimlili\u011fi <strong>azal\u0131r<\/strong>. S\u0131cakl\u0131k y\u00fckseldik\u00e7e, kliman\u0131n her bir par\u00e7as\u0131 so\u011futma kapasitesini art\u0131rmadan daha fazla elektrik emer.   <\/p>\n<\/div>\n<\/div>\n\n<h2 class=\"wp-block-heading\">\u00c7ok b\u00fcy\u00fck tesisler i\u00e7in bir so\u011futucu, kontroll\u00fc atmosferler i\u00e7in bir klima uygundur.<\/h2>\n\n<div class=\"wp-block-columns are-vertically-aligned-center is-layout-flex wp-container-core-columns-is-layout-28f84493 wp-block-columns-is-layout-flex\">\n<div class=\"wp-block-column is-vertically-aligned-center is-layout-flow wp-block-column-is-layout-flow\" style=\"flex-basis:33.33%\">\n<figure class=\"wp-block-image aligncenter size-full is-resized\"><img decoding=\"async\" width=\"600\" height=\"500\" src=\"https:\/\/obera.fr\/wp-content\/uploads\/2022\/03\/rafraichissement-de-grands-locaux.jpg\" alt=\"b&#xFC;y&#xFC;k tesislerin yenilenmesi\" class=\"wp-image-13734\" style=\"width:300px;height:250px\" srcset=\"https:\/\/obera.fr\/wp-content\/uploads\/2022\/03\/rafraichissement-de-grands-locaux.jpg 600w, https:\/\/obera.fr\/wp-content\/uploads\/2022\/03\/rafraichissement-de-grands-locaux-300x250.jpg 300w\" sizes=\"(max-width: 600px) 100vw, 600px\" \/><\/figure>\n<\/div>\n\n\n\n<div class=\"wp-block-column is-vertically-aligned-center is-layout-flow wp-block-column-is-layout-flow\" style=\"flex-basis:66.66%\">\n<p>So\u011futucu, b\u00fcy\u00fck, havaland\u0131r\u0131lm\u0131\u015f, yal\u0131t\u0131lmam\u0131\u015f bir hacmin s\u0131cakl\u0131\u011f\u0131n\u0131 d\u00fc\u015f\u00fcr\u00fcr. Bu parametrelerle, bir s\u0131cak hava dalgas\u0131 s\u0131ras\u0131nda, <strong>mobil veya sabit so\u011futucular<\/strong> s\u0131cakl\u0131\u011f\u0131 klimalar\u0131n eri\u015femeyece\u011fi bir seviyeye d\u00fc\u015f\u00fcr\u00fcr.   <\/p>\n\n\n\n<p>Havaland\u0131rma, bir kliman\u0131n enerji verimlili\u011fini d\u00fc\u015f\u00fcr\u00fcr. Cihaz, etkili so\u011futma i\u00e7in yal\u0131t\u0131lm\u0131\u015f, kapal\u0131 bir oda gerektirir.   <\/p>\n\n\n\n<p>So\u011futucular\u0131n do\u011fal iklimlendirme i\u015flevi, dereceye kadar s\u0131cakl\u0131k kontrol\u00fc sa\u011flar. <strong>So\u011futucular<\/strong> \u00e7o\u011fu iklimlendirme ihtiyac\u0131 i\u00e7in <strong>iyi performans g\u00f6sterir<\/strong>. <\/p>\n\n\n\n<p>Klimalar sabit bir s\u0131cakl\u0131k sa\u011flar; so\u011futma i\u015flevleri yapayd\u0131r. S\u0131cakl\u0131k de\u011fi\u015fmezli\u011fi bir klima \u00fcnitesi sat\u0131n alman\u0131z gerekti\u011fi anlam\u0131na geliyorsa, klima bariz bir se\u00e7im olacakt\u0131r. <\/p>\n<\/div>\n<\/div>\n\n<h2 class=\"wp-block-heading\">So\u011futucunun kurulumu klimadan daha kolayd\u0131r<\/h2>\n\n<p><strong>Bir i\u00e7 \u00fcnitenin<\/strong> ve kimyasal bir \u00fcr\u00fcn\u00fcn dola\u015ft\u0131\u011f\u0131 bir d\u0131\u015f \u00fcnitenin kurulumu, klimalar\u0131n kurulumunu zorla\u015ft\u0131r\u0131r.  <\/p>\n\n<p>Monoblok so\u011futucular\u0131n \u00e7at\u0131ya montaj\u0131 kolayd\u0131r. Mobil bir so\u011futucunun kurulumu daha da kolayd\u0131r! Sadece su tank\u0131n\u0131 doldurun ve cihaz\u0131 fi\u015fe tak\u0131n.  <\/p>\n\n<div class=\"wp-block-columns is-layout-flex wp-container-core-columns-is-layout-28f84493 wp-block-columns-is-layout-flex\">\n<div class=\"wp-block-column is-layout-flow wp-block-column-is-layout-flow\"><\/div>\n\n\n\n<div class=\"wp-block-column is-layout-flow wp-block-column-is-layout-flow\">\n<figure class=\"wp-block-gallery has-nested-images columns-default is-cropped wp-block-gallery-1 is-layout-flex wp-block-gallery-is-layout-flex\">\n<figure class=\"wp-block-image size-large\"><img decoding=\"async\" width=\"447\" height=\"531\" data-id=\"29321\" src=\"https:\/\/obera.fr\/wp-content\/uploads\/2024\/04\/6be05381-5e36-49ab-a7c5-933cf98160f9-3.png\" alt=\"6be05381 5e36 49ab a7c5 933cf98160f9 3\" class=\"wp-image-29321\" srcset=\"https:\/\/obera.fr\/wp-content\/uploads\/2024\/04\/6be05381-5e36-49ab-a7c5-933cf98160f9-3.png 447w, https:\/\/obera.fr\/wp-content\/uploads\/2024\/04\/6be05381-5e36-49ab-a7c5-933cf98160f9-3-253x300.png 253w\" sizes=\"(max-width: 447px) 100vw, 447px\" \/><\/figure>\n<\/figure>\n\n\n\n<h6 class=\"wp-block-heading has-text-align-center\">IC aral\u0131\u011f\u0131<\/h6>\n<\/div>\n\n\n\n<div class=\"wp-block-column is-layout-flow wp-block-column-is-layout-flow\"><\/div>\n<\/div>\n\n<h2 class=\"wp-block-heading\">Bir so\u011futucunun bak\u0131m\u0131 klimadan daha az zaman al\u0131r<\/h2>\n\n<p><strong>Tazeleyici bak\u0131m\u0131<\/strong> temizlemeyi i\u00e7erir:  <\/p>\n\n<ul class=\"wp-block-list\">\n<li>Periyodik: hava filtresi, yak\u0131t deposu  <\/li>\n\n\n\n<li>Y\u0131ll\u0131k: nemlendirici, fan.  <\/li>\n<\/ul>\n\n<p><strong>Klima bak\u0131m\u0131<\/strong> \u015funlar\u0131 i\u00e7erir :  <\/p>\n\n<ul class=\"wp-block-list\">\n<li>d\u00fczenli temizlik: her \u00fcnitedeki filtreler, harici fan vb.<\/li>\n\n\n\n<li>So\u011futma devresi par\u00e7alar\u0131n\u0131n so\u011futucu ak\u0131\u015fkan kullanma sertifikas\u0131na sahip bir profesyonel taraf\u0131ndan y\u0131ll\u0131k kontrol\u00fc.<\/li>\n<\/ul>\n\n<h2 class=\"wp-block-heading\">Bir so\u011futucu sa\u011fl\u0131\u011f\u0131n\u0131z i\u00e7in bir klimadan daha iyidir<\/h2>\n\n<p><strong>So\u011futucudan buharla\u015fan su<\/strong>, odadaki nemi %5 oran\u0131nda art\u0131r\u0131r. Bu, insanlar i\u00e7in do\u011fal bir nem de\u011fi\u015fimidir.   <\/p>\n\n<p>Bir klima, hem \u0131s\u0131y\u0131 hem de nemi serbest b\u0131rakarak bir oday\u0131 so\u011futur. 40 nemin alt\u0131nda oda sa\u011fl\u0131ks\u0131z hale gelir ve dehidrasyona, migrene vb. yol a\u00e7ar. <\/p>\n\n<p>So\u011futucu taraf\u0131ndan suyun buharla\u015ft\u0131r\u0131lmas\u0131, odada d\u0131\u015f \u0131s\u0131 ile dengelenmi\u015f bir s\u0131cakl\u0131k yayar.<\/p>\n\n<p><strong> Klimalar yapay bir s\u0131cakl\u0131k ayarlar<\/strong>. D\u0131\u015far\u0131s\u0131 ile a\u015f\u0131r\u0131 bir fark termal \u015foka neden olacakt\u0131r. <\/p>\n\n<p>Bir so\u011futucu, odadaki atmosferi s\u00fcrekli olarak yeniler. Cihaz, patojenleri s\u00fcrekli olarak uzakla\u015ft\u0131rarak hava kalitesini yeniden olu\u015fturur. <\/p>\n\n<p>Bir klima odadaki havay\u0131 s\u00fcrekli olarak geri d\u00f6n\u00fc\u015ft\u00fcr\u00fcr. Filtrelerin bak\u0131m\u0131 d\u00fczg\u00fcn yap\u0131lmazsa cihaz solunum sorunlar\u0131na neden olabilir. <\/p>\n\n<p><strong> So\u011futucular <\/strong>klimalardan daha sessizdir. Bir so\u011futucunun g\u00fcr\u00fclt\u00fc seviyesi 66dB, bir kliman\u0131nki ise 76dB&#8217;dir. 10dB&#8217;lik amplifikasyon, iki kat daha y\u00fcksek bir g\u00fcr\u00fclt\u00fc hissi verir.  <\/p>\n\n<figure class=\"wp-block-image aligncenter size-full is-resized\"><img decoding=\"async\" width=\"1984\" height=\"897\" src=\"https:\/\/obera.fr\/wp-content\/uploads\/2021\/05\/Optimiser-un-rafraichisseur-air-adiabatique-1.jpg\" alt=\"adyabati&#x307;k hava so&#x11F;utucunun opti&#x307;mi&#x307;ze edi&#x307;lmesi&#x307; 1\" class=\"wp-image-6006\" style=\"width:713px;height:323px\" srcset=\"https:\/\/obera.fr\/wp-content\/uploads\/2021\/05\/Optimiser-un-rafraichisseur-air-adiabatique-1.jpg 1984w, https:\/\/obera.fr\/wp-content\/uploads\/2021\/05\/Optimiser-un-rafraichisseur-air-adiabatique-1-300x136.jpg 300w, https:\/\/obera.fr\/wp-content\/uploads\/2021\/05\/Optimiser-un-rafraichisseur-air-adiabatique-1-1024x463.jpg 1024w, https:\/\/obera.fr\/wp-content\/uploads\/2021\/05\/Optimiser-un-rafraichisseur-air-adiabatique-1-768x347.jpg 768w, https:\/\/obera.fr\/wp-content\/uploads\/2021\/05\/Optimiser-un-rafraichisseur-air-adiabatique-1-1536x694.jpg 1536w\" sizes=\"(max-width: 1984px) 100vw, 1984px\" \/><\/figure>\n\n<h2 class=\"wp-block-heading\">Bir so\u011futucunun \u00e7evre \u00fczerindeki etkisi bir klimadan daha azd\u0131r<\/h2>\n\n<p>Kullan\u0131lan her enerjinin gezegen \u00fczerinde bir etkisi vard\u0131r.<strong> Bir so\u011futucu, bir klimadan daha az enerji kullan\u0131r <\/strong>: <\/p>\n\n<ul class=\"wp-block-list\">\n<li>So\u011futucunun fan ve pompa i\u00e7in enerji t\u00fcketimi.<\/li>\n\n\n\n<li>Kliman\u0131n kompres\u00f6r, fanlar vb. kaynakl\u0131 enerji t\u00fcketimi.  <\/li>\n<\/ul>\n\n<p>Bir so\u011futucu ortama temiz hava verir. Bina \u00e7evresindeki \u0131s\u0131y\u0131 azalt\u0131r. Bir klima s\u0131cak havay\u0131 d\u0131\u015far\u0131 atarak \u0131s\u0131 adas\u0131 etkisine (bina \u00e7evresinin \u0131s\u0131nmas\u0131) katk\u0131da bulunur.  <\/p>\n\n<p>Bir<strong> so\u011futucu <\/strong>, bir oday\u0131 so\u011futmak i\u00e7in \u00fcr\u00fcn olarak<strong> su kullan\u0131r <\/strong>. Bir klima, k\u00fcresel \u0131s\u0131nmay\u0131 destekleyen kimyasal bir so\u011futucu ak\u0131\u015fkan kullan\u0131r. Cihaz ka\u00e7\u0131n\u0131lmaz olarak bunun bir k\u0131sm\u0131n\u0131 yayar: hi\u00e7bir so\u011futma devresi %100 su ge\u00e7irmez de\u011fildir.  <\/p>\n\n<p>Bir so\u011futucu, bir klimadan daha fazla su t\u00fcketir. So\u011futucu, buharla\u015fma yoluyla suyu serinletici neme d\u00f6n\u00fc\u015ft\u00fcr\u00fcr. D\u0131\u015far\u0131 at\u0131lan nem do\u011fal su d\u00f6ng\u00fcs\u00fcne geri d\u00f6ner. Klimalar havadaki nemi \u00e7eker.   <\/p>\n\n<h2 class=\"wp-block-heading\">So\u011futucular\u0131n maliyet fiyat\u0131 daha cazip<\/h2>\n\n<p>Ayn\u0131 iklimlendirme hedefi i\u00e7in, bir kliman\u0131n <strong>sat\u0131n alma fiyat\u0131 <\/strong>bir so\u011futucununkinden daha y\u00fcksektir ve ayn\u0131 \u015fey kurulum maliyeti i\u00e7in de ge\u00e7erlidir.<\/p>\n\n<p>Bir so\u011futucunun \u00e7al\u0131\u015fmas\u0131 i\u00e7in daha az enerji, bak\u0131m\u0131 i\u00e7in daha az zaman ve daha az beceri gerekir, bu da y\u0131ll\u0131k maliyetlerin bir kliman\u0131nkinden on kat daha d\u00fc\u015f\u00fck olmas\u0131n\u0131 sa\u011flar.<\/p>\n\n<p>OBERA evaporatif so\u011futucular\u0131n farkl\u0131 modellerini ke\u015ffetmek i\u00e7in end\u00fcstriyel hava so\u011futucular\u0131 sayfam\u0131z\u0131 ziyaret edin.<\/p>\n\n<div style=\"height:30px\" aria-hidden=\"true\" class=\"wp-block-spacer\"><\/div>\n\n<div class=\"wp-block-buttons is-horizontal is-content-justification-center is-layout-flex wp-container-core-buttons-is-layout-03627597 wp-block-buttons-is-layout-flex\">\n<div class=\"wp-block-button has-custom-width wp-block-button__width-100\"><a class=\"wp-block-button__link wp-element-button\" href=\"https:\/\/obera.fr\/tr\/bize-ulasin\/\">Daha fazla bilgi edin<\/a><\/div>\n<\/div>\n","protected":false},"excerpt":{"rendered":"<p>Bir klima ile end\u00fcstriyel bir so\u011futucu aras\u0131nda birka\u00e7 fark vard\u0131r. Bir klima so\u011futucu gaz kullan\u0131r ve bir so\u011futucuya g\u00f6re %80 daha fazla elektrik t\u00fcketir. Bir so\u011futucuyu \u00e7al\u0131\u015ft\u0131rmak bir klimadan daha ucuzdur. Bir klima ile so\u011futucu aras\u0131ndaki bir\u00e7ok fark\u0131 3 dakikada ke\u015ffedin.   <\/p>\n","protected":false},"author":4,"featured_media":85038,"comment_status":"closed","ping_status":"closed","sticky":false,"template":"","format":"standard","meta":{"_acf_changed":false,"_seopress_robots_primary_cat":"none","_seopress_titles_title":"Comment choisir entre un climatiseur et un rafra\u00eechisseur ?","_seopress_titles_desc":"La principale diff\u00e9rence entre un climatiseur et un rafra\u00eechisseur est technique. Le rafra\u00eechisseur n'utilise pas de fluide frigorig\u00e8ne mais de l'eau.","_seopress_robots_index":"","footnotes":""},"categories":[299],"tags":[306],"class_list":["post-66568","post","type-post","status-publish","format-standard","has-post-thumbnail","hentry","category-bizim-tavsiyemiz","tag-entete-small-tr","generate-columns","tablet-grid-50","mobile-grid-100","grid-parent","grid-50","no-featured-image-padding","resize-featured-image"],"acf":[],"_links":{"self":[{"href":"https:\/\/obera.fr\/tr\/wp-json\/wp\/v2\/posts\/66568","targetHints":{"allow":["GET"]}}],"collection":[{"href":"https:\/\/obera.fr\/tr\/wp-json\/wp\/v2\/posts"}],"about":[{"href":"https:\/\/obera.fr\/tr\/wp-json\/wp\/v2\/types\/post"}],"author":[{"embeddable":true,"href":"https:\/\/obera.fr\/tr\/wp-json\/wp\/v2\/users\/4"}],"replies":[{"embeddable":true,"href":"https:\/\/obera.fr\/tr\/wp-json\/wp\/v2\/comments?post=66568"}],"version-history":[{"count":2,"href":"https:\/\/obera.fr\/tr\/wp-json\/wp\/v2\/posts\/66568\/revisions"}],"predecessor-version":[{"id":96943,"href":"https:\/\/obera.fr\/tr\/wp-json\/wp\/v2\/posts\/66568\/revisions\/96943"}],"wp:featuredmedia":[{"embeddable":true,"href":"https:\/\/obera.fr\/tr\/wp-json\/wp\/v2\/media\/85038"}],"wp:attachment":[{"href":"https:\/\/obera.fr\/tr\/wp-json\/wp\/v2\/media?parent=66568"}],"wp:term":[{"taxonomy":"category","embeddable":true,"href":"https:\/\/obera.fr\/tr\/wp-json\/wp\/v2\/categories?post=66568"},{"taxonomy":"post_tag","embeddable":true,"href":"https:\/\/obera.fr\/tr\/wp-json\/wp\/v2\/tags?post=66568"}],"curies":[{"name":"wp","href":"https:\/\/api.w.org\/{rel}","templated":true}]}}