{"id":67516,"date":"2021-09-04T19:00:00","date_gmt":"2021-09-04T17:00:00","guid":{"rendered":"https:\/\/obera.fr\/conseils\/purificateurs-air-efficaces-coronavirus\/"},"modified":"2025-05-07T08:59:06","modified_gmt":"2025-05-07T06:59:06","slug":"purificateurs-air-efficaces-coronavirus","status":"publish","type":"post","link":"https:\/\/obera.fr\/tr\/bizim-tavsiyemiz\/purificateurs-air-efficaces-coronavirus\/","title":{"rendered":"Hava temizleyicilerin vir\u00fcslere, COVID-19&#8217;a, koronavir\u00fcslere ve bakterilere kar\u015f\u0131 etkinli\u011fine ili\u015fkin bir k\u0131lavuz"},"content":{"rendered":"\n<p><strong> COVID-19 vir\u00fcs\u00fc <\/strong>2019&#8217;un sonunda<strong> Fransa <\/strong>&#8216;da ortaya \u00e7\u0131kt\u0131 ve yok olmaya haz\u0131r g\u00f6r\u00fcnm\u00fcyor. SARS-CoV-2&#8217;nin Omicron gibi varyantlar\u0131 da ortaya \u00e7\u0131kmaktad\u0131r. Bu vir\u00fcs\u00fcn, SARS-CoV-2&#8217;nin yay\u0131lmas\u0131na yan\u0131t olarak, her ne pahas\u0131na olursa olsun bula\u015fma zincirlerini k\u0131rmak zorunludur. Herkesin sa\u011fl\u0131\u011f\u0131 ve hatta a\u015f\u0131r\u0131 durumlarda baz\u0131 insanlar\u0131n hayat\u0131 tehlikededir. \u0130\u015fyerlerinde, okullarda, kamu binalar\u0131nda ve genel olarak halka a\u00e7\u0131k t\u00fcm yerlerde enfeksiyon riski olduk\u00e7a y\u00fcksektir.      <\/p>\n\n<p>Rehberimiz,<strong> OBERA&#8217;n\u0131n hava kontrol\u00fc ve ar\u0131tma \u00e7\u00f6z\u00fcmlerine<\/strong> bir g\u00f6z at\u0131yor. COVID-19&#8217;a kar\u015f\u0131 etkili bir hava temizleyici ile m\u00fc\u015fterilerinize ve personelinize ar\u0131t\u0131lm\u0131\u015f hava sunarak tesisinizin sa\u011fl\u0131\u011f\u0131n\u0131 ve g\u00fcvenli\u011fini sa\u011flay\u0131n. <\/p>\n\n\n<h2 class=\"wp-block-heading\">\u0130\u015f yerlerindeki ve ortak kullan\u0131m alanlar\u0131ndaki havay\u0131 vir\u00fcs ve bakterilerden nas\u0131l ar\u0131nd\u0131rabilirsiniz?<\/h2>\n\n<div class=\"wp-block-columns is-layout-flex wp-container-core-columns-is-layout-28f84493 wp-block-columns-is-layout-flex\">\n<div class=\"wp-block-column is-layout-flow wp-block-column-is-layout-flow\" style=\"flex-basis:45%\">\n<p>Etkili hava de\u011fi\u015fimi, odalardaki aerosol konsantrasyonunu azalt\u0131r. <strong>Uzmanlar <\/strong>, oda i\u00e7inde vir\u00fcs ve bakteri bula\u015fma riskini azaltmak i\u00e7in <strong>d\u00fczenli ve g\u00fc\u00e7l\u00fc havaland\u0131rma yap\u0131lmas\u0131n\u0131 \u00f6nermektedir <\/strong>.  <\/p>\n\n\n\n<p>Ancak, t\u00fcm kapal\u0131 alanlar yeterli havaland\u0131rmaya sahip de\u011fildir. Bu durum baz\u0131 ofislerde, konferans salonlar\u0131nda, s\u0131n\u0131flarda, ma\u011fazalarda, at\u00f6lyelerde ve depolarda ge\u00e7erlidir. <\/p>\n\n\n\n<p><a href=\"https:\/\/obera.fr\/conseils\/purifier-air-contre-covid-locaux-entreprise-tertiaires\/\" data-type=\"post\" data-id=\"6745\">OBERA hava temizleyicileri, <strong>kapal\u0131 veya yetersiz havaland\u0131r\u0131lan alanlar i\u00e7in ideal i\u00e7 mekan hava i\u015fleme \u00e7\u00f6z\u00fcm\u00fcd\u00fcr<\/strong><\/a>.<\/p>\n\n\n\n<p>Bununla birlikte, pencereli odalarda bir COVID-19 hava temizleme cihaz\u0131n\u0131n kullan\u0131lmas\u0131 \u00e7ok yararl\u0131d\u0131r. Pencereleri a\u00e7mak sadece k\u0131smi havaland\u0131rma sa\u011flar. Dahas\u0131, k\u0131\u015f aylar\u0131nda bu, oda s\u0131cakl\u0131\u011f\u0131nda h\u0131zl\u0131 bir d\u00fc\u015f\u00fc\u015fe neden olur.    <\/p>\n\n\n\n<p><strong>Sadece bir COVID-19 hava temizleme cihaz\u0131 ile yap\u0131lan cebri havaland\u0131rma<\/strong>, ortam havas\u0131n\u0131n etkili bir \u015fekilde dekontaminasyonunu garanti eder. Bu \u015fekilde filtrelenen hava \u00e7o\u011fu vir\u00fcs ve bakteriden ar\u0131nd\u0131r\u0131l\u0131r. <\/p>\n<\/div>\n\n\n\n<div class=\"wp-block-column is-layout-flow wp-block-column-is-layout-flow\" style=\"flex-basis:55%\">\n<figure class=\"wp-block-embed is-type-video is-provider-youtube wp-block-embed-youtube wp-embed-aspect-4-3 wp-has-aspect-ratio\"><div class=\"wp-block-embed__wrapper\">\nhttps:\/\/www.youtube.com\/watch?v=A6eb1_zlk6g\n<\/div><\/figure>\n<\/div>\n<\/div>\n\n<h2 class=\"wp-block-heading\">CO2 sens\u00f6r\u00fc kullanarak CO2 seviyelerini \u00f6l\u00e7mek COVID-19&#8217;un bula\u015fmas\u0131n\u0131 \u00f6nlemeye yard\u0131mc\u0131 olabilir mi?<\/h2>\n\n<figure class=\"wp-block-image alignright size-full\"><img decoding=\"async\" width=\"300\" height=\"212\" src=\"https:\/\/obera.fr\/wp-content\/uploads\/2021\/11\/Capteur_CO2_OBCARE.png\" alt=\"obcare co2 sens&#xF6;r&#xFC;\" class=\"wp-image-7611\"\/><figcaption class=\"wp-element-caption\">OBCARE CO2 Sens\u00f6r\u00fc<\/figcaption><\/figure>\n\n<p>Ortam havas\u0131ndaki y\u00fcksek CO2 (karbondioksit) seviyesi, vir\u00fcs ve bakteri bula\u015fma riskinin y\u00fcksek oldu\u011funu g\u00f6sterir. <strong>Nefes ald\u0131\u011f\u0131m\u0131zda CO2 t\u00fck\u00fcr\u00fcr\u00fcz ve akci\u011ferlerimiz taraf\u0131ndan d\u0131\u015far\u0131 at\u0131lan hava aerosollerle y\u00fckl\u00fcd\u00fcr<\/strong>. Bu aerosoller solunum yollar\u0131m\u0131zdaki vir\u00fcs ve bakteriler taraf\u0131ndan enfekte edilebilir. Ortam havas\u0131nda as\u0131l\u0131 kald\u0131klar\u0131 i\u00e7in COVID-19&#8217;un bula\u015fma riski \u00f6nemlidir.  <\/p>\n\n<p>Ortam havas\u0131ndaki CO2 seviyesinin \u00f6l\u00e7\u00fclmesi, t\u00fcketilen ve dolay\u0131s\u0131yla potansiyel olarak kirlenmi\u015f hava miktar\u0131n\u0131n iyi bir g\u00f6stergesidir. <a href=\"https:\/\/obera.fr\/conseils\/mesure-capteur-co2-lutter-contre-transmission-virus-covid-19\/\">Dikkatlice yerle\u015ftirilmi\u015f bir CO2 sens\u00f6r\u00fc<\/a>, solunum yoluyla patojenlerin bula\u015fma riskinin seviyesini g\u00f6sterecektir.<strong> Bu nedenle, bir odan\u0131n i\u00e7indeki CO2 seviyesini izlemek sa\u011fl\u0131\u011f\u0131n\u0131z i\u00e7in \u00f6nemlidir.<\/strong><\/p>\n\n<h2 class=\"wp-block-heading\">COVID-19&#8217;un bula\u015fmas\u0131na kar\u015f\u0131 m\u00fccadelede hava \u00e7al\u0131\u015fmalar\u0131ndan ne \u00f6\u011frenebiliriz?<\/h2>\n\n<p>G\u00fcn\u00fcm\u00fczde havadaki COVID-19 seviyesini kolay ve do\u011fru bir \u015fekilde \u00f6l\u00e7mek m\u00fcmk\u00fcn de\u011fildir. \u00d6te yandan CO2 seviyelerinin \u00f6l\u00e7\u00fclmesi, ortam havas\u0131ndaki solunan havan\u0131n y\u00fczdesini g\u00f6sterir. <strong>CO2 konsantrasyonunun 1.200 ppm (milyonda bir par\u00e7a) olmas\u0131, odadaki havan\u0131n neredeyse %2&#8217;sinin d\u0131\u015far\u0131ya verildi\u011fini g\u00f6sterir<\/strong>. Bir odadaki CO2 seviyesi ne kadar y\u00fcksekse, o kadar fazla hava &#8220;solunmu\u015f&#8221; ve potansiyel olarak vir\u00fcs ve bakterilerle kirlenmi\u015f demektir.  <\/p>\n\n<p>Buna ek olarak, Frans\u0131z-\u0130talyan bilim ekibi <strong>SARS-CoV-2 ile kirlilik partik\u00fclleri aras\u0131nda g\u00fc\u00e7l\u00fc bir yak\u0131nl\u0131k<\/strong> tespit etmi\u015ftir. COVID vir\u00fcs\u00fc bu partik\u00fcllerde m\u00fckemmel bir konak\u00e7\u0131 bulmaktad\u0131r. Onu ta\u015f\u0131yor ve UV \u0131\u015f\u0131nlar\u0131ndan koruyarak \u00f6mr\u00fcn\u00fc uzat\u0131yorlar.    <a href=\"https:\/\/obera.fr\/conseils\/etude-de-l-air-lutte-contre-le-covid\/\">Bu nedenle, k\u00f6t\u00fc hava kalitesi ile COVID-19&#8217;un bula\u015fmas\u0131 aras\u0131nda ba\u011flant\u0131 kurulmu\u015ftur.<\/a><\/p>\n\n<h2 class=\"wp-block-heading\">Hava temizleyicilerimiz COVID-19&#8217;a kar\u015f\u0131 %99,5 etkilidir. Sat\u0131n almadan \u00f6nce kar\u015f\u0131la\u015ft\u0131r\u0131n! <\/h2>\n\n<div class=\"wp-block-columns is-layout-flex wp-container-core-columns-is-layout-28f84493 wp-block-columns-is-layout-flex\">\n<div class=\"wp-block-column is-layout-flow wp-block-column-is-layout-flow\" style=\"flex-basis:50%\">\n<p><strong>OBERA hava temizleyicileri havay\u0131 etkili<\/strong> bir \u015fekilde ar\u0131t\u0131r ve vir\u00fcsleri ve bakterileri yakalar. Y\u00fcksek verimli HEPA filtreler kullanarak 10 ila 1000 m\u00b2 aras\u0131ndaki odalar\u0131 ar\u0131nd\u0131r\u0131r. Bir hava temizleyici, saatte bir odada \u00f6nerilen 4 ila 6 hava de\u011fi\u015fimine e\u015fde\u011fer bir i\u015flem yapar.  <\/p>\n<\/div>\n\n\n\n<div class=\"wp-block-column is-layout-flow wp-block-column-is-layout-flow\" style=\"flex-basis:50%\">\n<p><strong>COVID-19 hava temizleyicileri<\/strong>, EN 1822 (yap\u0131land\u0131rmaya ba\u011fl\u0131 olarak EPA E11 ila HEPA 14 Medical) sertifikal\u0131 y\u00fcksek verimli bir HEPA filtre kullanarak bayat havay\u0131 ar\u0131t\u0131r. Mobil hava temizleyici, havadaki aerosol vir\u00fcslerin %99,995&#8217;ine kadar\u0131n\u0131 etkili bir \u015fekilde filtreler.   <\/p>\n<\/div>\n<\/div>\n\n<div class=\"wp-block-buttons is-horizontal is-content-justification-center is-layout-flex wp-container-core-buttons-is-layout-03627597 wp-block-buttons-is-layout-flex\">\n<div class=\"wp-block-button\"><a class=\"wp-block-button__link wp-element-button\" href=\"https:\/\/obera.fr\/conseils\/comparer-prix-achat-purificateurs-air-anti-virus-covid-19\/\">Sat\u0131n almadan \u00f6nce modellerimizi COVID ile kar\u015f\u0131la\u015ft\u0131r\u0131n<\/a><\/div>\n<\/div>\n\n<hr class=\"wp-block-separator has-css-opacity\"\/>\n\n<h3 class=\"wp-block-heading\">COVID-19 hava temizleyici serimizi ke\u015ffedin<\/h3>\n\n<p>HCSP (Haut Conseil de la Sant\u00e9 Publique) tavsiyelerine uygun olarak i\u00e7 mekan havas\u0131n\u0131n saatte 5 kez yenilenmesi sa\u011fl\u0131kl\u0131 bir oday\u0131 garanti eder. <strong>Bu nedenle SARS-CoV-2 vir\u00fcs\u00fc ve t\u00fcrevlerinin dola\u015f\u0131m\u0131na ra\u011fmen tesisiniz kullan\u0131labilir<\/strong>. Tedavi edilecek alana uygun performans seviyelerine sahip<a href=\"https:\/\/obera.fr\/tr\/produits\/purificateurs-air\/covid-19-anti-virus-ve-anti-bakteriyel-hava-temizleyicileri\/\"> COVID-19 hava temizleyici modelini <\/a>se\u00e7in: <\/p>\n\n<div class=\"wp-block-columns are-vertically-aligned-top is-layout-flex wp-container-core-columns-is-layout-28f84493 wp-block-columns-is-layout-flex\">\n<div class=\"wp-block-column is-vertically-aligned-top is-layout-flow wp-block-column-is-layout-flow\" style=\"flex-basis:33.33%\">\n<figure class=\"wp-block-image aligncenter size-thumbnail\"><a href=\"https:\/\/obera.fr\/tr\/produits\/purificateurs-air\/industriel-epur\/\"><img decoding=\"async\" width=\"150\" height=\"150\" src=\"https:\/\/obera.fr\/wp-content\/uploads\/2020\/09\/gamme-epur-150x150.jpg\" alt=\"ePUR oberA aral&#x131;&#x11F;&#x131;\" class=\"wp-image-1016\" srcset=\"https:\/\/obera.fr\/wp-content\/uploads\/2020\/09\/gamme-epur-150x150.jpg 150w, https:\/\/obera.fr\/wp-content\/uploads\/2020\/09\/gamme-epur-300x300.jpg 300w, https:\/\/obera.fr\/wp-content\/uploads\/2020\/09\/gamme-epur.jpg 350w\" sizes=\"(max-width: 150px) 100vw, 150px\" \/><\/a><figcaption class=\"wp-element-caption\">ePUR oberA aral\u0131\u011f\u0131<\/figcaption><\/figure>\n\n\n\n<p>0 ila %100 aras\u0131nda ayarlanabilen ak\u0131\u015f h\u0131z\u0131yla 60 m\u00b2&#8217;ye kadar olan alanlardaki havay\u0131 filtreleyen ePUR05. ePUR 30, 400m\u00b2&#8217;ye kadar odalar\u0131 ar\u0131tabilir ve ak\u0131\u015f h\u0131z\u0131 %0 ila %100 aras\u0131nda ayarlanabilir. Son olarak, ePUR 100, 700m\u00b2&#8217;ye kadar odalar\u0131 ar\u0131tabilir ve ak\u0131\u015f h\u0131z\u0131 %0 ila %100 aras\u0131nda ayarlanabilir; <\/p>\n<\/div>\n\n\n\n<div class=\"wp-block-column is-vertically-aligned-top is-layout-flow wp-block-column-is-layout-flow\" style=\"flex-basis:33.33%\">\n<figure class=\"wp-block-image aligncenter size-large\"><a href=\"https:\/\/obera.fr\/tr\/produits\/purificateurs-air\/epur-b01-ecoprime-toz-hava-temizleyici\/\"><img decoding=\"async\" width=\"150\" height=\"150\" src=\"https:\/\/obera.fr\/wp-content\/uploads\/2020\/09\/epur-b01-ecoprime-150x150-1.png\" alt=\"Toz toplay&#x131;c&#x131; - hava\" class=\"wp-image-1007\"\/><\/a><figcaption class=\"wp-element-caption\">Epur B01 Ecoprime<\/figcaption><\/figure>\n\n\n\n<p class=\"has-text-align-center\">EcoPrime, 20m\u00b2&#8217;ye kadar odalar i\u00e7in, ak\u0131\u015f h\u0131z\u0131 %0 ila %100 aras\u0131nda ayarlanabilir.<\/p>\n<\/div>\n\n\n\n<div class=\"wp-block-column is-vertically-aligned-top is-layout-flow wp-block-column-is-layout-flow\" style=\"flex-basis:33.33%\">\n<figure class=\"wp-block-image aligncenter size-thumbnail\"><a href=\"https:\/\/obera.fr\/tr\/produits\/purificateurs-air\/covid-19-anti-virus-ve-anti-bakteriyel-hava-temizleyicileri\/virbox-anti-virus-hava-temizleyici\/\"><img decoding=\"async\" width=\"150\" height=\"150\" src=\"https:\/\/obera.fr\/wp-content\/uploads\/2021\/04\/Virbox_2021-removebg-preview-150x150.png\" alt=\"virbox 2021 removebg &#xF6;nizleme\" class=\"wp-image-5383\" srcset=\"https:\/\/obera.fr\/wp-content\/uploads\/2021\/04\/Virbox_2021-removebg-preview-150x150.png 150w, https:\/\/obera.fr\/wp-content\/uploads\/2021\/04\/Virbox_2021-removebg-preview.png 300w\" sizes=\"(max-width: 150px) 100vw, 150px\" \/><\/a><figcaption class=\"wp-element-caption\">VIRBOX<\/figcaption><\/figure>\n\n\n\n<p class=\"has-text-align-center\">Virbox 750 ve 1500, 200 ila 400m\u00b2 aras\u0131 alanlar i\u00e7in uygundur, iste\u011fe ba\u011fl\u0131<sub>CO2<\/sub> sens\u00f6r\u00fc, ak\u0131\u015f h\u0131z\u0131 %0 ila %100 aras\u0131nda ayarlanabilir.<\/p>\n<\/div>\n<\/div>\n\n<p><strong>\u00dcniteler<\/strong>, a\u011f\u0131r kurulum veya boru <strong>tesisat\u0131na<\/strong> ihtiya\u00e7 duymadan <strong>tesisinize kolayca monte edilebilir<\/strong>. COVID-19 hava temizleyicinizi hizmete al\u0131r almaz, vir\u00fcs ve bakterilerden ar\u0131nd\u0131r\u0131lm\u0131\u015f ve filtrelenmi\u015f kaliteli hava soluyacaks\u0131n\u0131z. <\/p>\n\n<h3 class=\"wp-block-heading\">OBERA COVID-19 hava temizleyici sistemi nas\u0131l \u00e7al\u0131\u015f\u0131r?<\/h3>\n\n<p>Hava temizleme cihazlar\u0131, ortam havas\u0131n\u0131 filtrelemek i\u00e7in bir sisteme sahiptir. As\u0131l\u0131 partik\u00fcller ve aerosoller, vir\u00fcsler ve bakteriler uzun saatler boyunca havada as\u0131l\u0131 kal\u0131r. Sonunda bir araya toplan\u0131r, yere d\u00fc\u015fer veya mobilyalar\u0131n \u00fczerine yerle\u015firler. <strong>Hava temizleyicileri kirli havay\u0131 \u00fczerlerinde<\/strong> tutar. \u0130\u00e7eri \u00e7ekilen hava daha sonra cihaza ba\u011fl\u0131 olarak y\u00fcksek verimli partik\u00fcl filtreleri kullan\u0131larak filtrelenir. Hava, ar\u0131nd\u0131r\u0131ld\u0131ktan sonra vir\u00fcs veya bakteri ta\u015f\u0131yabilecek partik\u00fcllerden ar\u0131nd\u0131r\u0131lm\u0131\u015f olarak odaya geri g\u00f6nderilir. Odan\u0131z, s\u00fcrekli oda havas\u0131 yenilemenin verimlili\u011finden yararlan\u0131r.     <\/p>\n\n<h2 class=\"wp-block-heading\">H14 VIRBOX hava temizleyici, OBERA&#8217;n\u0131n koronavir\u00fcse kar\u015f\u0131 nihai silah\u0131<\/h2>\n\n<p><a href=\"https:\/\/obera.fr\/tr\/produits\/purificateurs-air\/covid-19-anti-virus-ve-anti-bakteriyel-hava-temizleyicileri\/virbox-anti-virus-hava-temizleyici\/\">Virbox, vir\u00fcsleri tedavi etmek i\u00e7in \u00f6zel olarak tasarlanm\u0131\u015f bir COVID-19 hava temizleyicidir<\/a>. Performans a\u00e7\u0131s\u0131ndan, <strong>ortam havas\u0131ndaki vir\u00fcslerin ve bakterilerin en az %99,995&#8217;ini filtreler<\/strong>. Kap\u0131lar da dahil olmak \u00fczere odadan odaya kolayca hareket eder. \u00c7ok i\u015flevlidir, ayn\u0131 zamanda bir ileti\u015fim arac\u0131 olarak da kullan\u0131labilir.   <\/p>\n\n<h3 class=\"wp-block-heading\">Ar\u0131t\u0131c\u0131l\u0131 veya ar\u0131t\u0131c\u0131s\u0131z havaland\u0131rma konsepti<\/h3>\n\n<figure class=\"wp-block-gallery has-nested-images columns-default is-cropped wp-block-gallery-1 is-layout-flex wp-block-gallery-is-layout-flex\">\n<figure class=\"wp-block-image size-large\"><img decoding=\"async\" width=\"480\" height=\"270\" data-id=\"2081\" src=\"https:\/\/obera.fr\/wp-content\/uploads\/2020\/11\/obera-covid-0001.jpg\" alt=\"Ar&#x131;t&#x131;c&#x131;l&#x131; veya ar&#x131;t&#x131;c&#x131;s&#x131;z havaland&#x131;rma konsepti\" class=\"wp-image-2081\" srcset=\"https:\/\/obera.fr\/wp-content\/uploads\/2020\/11\/obera-covid-0001.jpg 480w, https:\/\/obera.fr\/wp-content\/uploads\/2020\/11\/obera-covid-0001-300x169.jpg 300w\" sizes=\"(max-width: 480px) 100vw, 480px\" \/><figcaption class=\"wp-element-caption\">Ar\u0131t\u0131c\u0131l\u0131 havaland\u0131rma konsepti<\/figcaption><\/figure>\n\n\n\n<figure class=\"wp-block-image size-large\"><img decoding=\"async\" width=\"480\" height=\"271\" data-id=\"2080\" src=\"https:\/\/obera.fr\/wp-content\/uploads\/2020\/11\/obera-covid-0002.jpg\" alt=\"Ar&#x131;t&#x131;c&#x131;l&#x131; veya ar&#x131;t&#x131;c&#x131;s&#x131;z havaland&#x131;rma konsepti\" class=\"wp-image-2080\" srcset=\"https:\/\/obera.fr\/wp-content\/uploads\/2020\/11\/obera-covid-0002.jpg 480w, https:\/\/obera.fr\/wp-content\/uploads\/2020\/11\/obera-covid-0002-300x169.jpg 300w\" sizes=\"(max-width: 480px) 100vw, 480px\" \/><figcaption class=\"wp-element-caption\">Ar\u0131t\u0131c\u0131s\u0131z havaland\u0131rma konsepti  <\/figcaption><\/figure>\n<\/figure>\n\n<p>Bir OBERA ar\u0131tma cihaz\u0131 kullan\u0131larak, aerosoller \u00fcretildikleri yere \u00e7ok daha yak\u0131n bir yerde yakalanabilir ve filtrelenebilir. Bunu yapmak i\u00e7in, cihaz\u0131n \u00fcst k\u0131sm\u0131 aerosolleri tam olarak insanlar\u0131n yayd\u0131\u011f\u0131 y\u00fckseklikten emer. <\/p>\n\n<h2 class=\"wp-block-heading\">Kre\u015flerde, anaokullar\u0131nda, okullarda ve kolejlerde koronavir\u00fcse kar\u015f\u0131 g\u00fcvenli\u011fi nas\u0131l sa\u011flayabiliriz?<\/h2>\n\n<div class=\"wp-block-columns is-layout-flex wp-container-core-columns-is-layout-28f84493 wp-block-columns-is-layout-flex\">\n<div class=\"wp-block-column is-layout-flow wp-block-column-is-layout-flow\" style=\"flex-basis:50%\">\n<p>\u00c7ocuklar ve gen\u00e7ler COVID-19&#8217;a kar\u015f\u0131 daha diren\u00e7lidir, ancak bir bula\u015fma vekt\u00f6r\u00fcd\u00fcrler. Her g\u00fcn, her \u00e7ocuk veya gen\u00e7 eve gitmeden \u00f6nce d\u00fczinelerce arkada\u015f\u0131yla temas etmektedir. Okullarda, \u00f6zellikle de \u00e7ok gen\u00e7lerde <strong>bariyer \u00f6nlemlerini uygulamakta ger\u00e7ek bir zorluk vard\u0131r<\/strong>. Bula\u015fma okulda ger\u00e7ekle\u015fti\u011finde, ilgili \u00e7ocu\u011fun ebeveynlerine, karde\u015flerine ve b\u00fcy\u00fckanne ve b\u00fcy\u00fckbabas\u0131na bula\u015fma riski olu\u015fturur. Bu \u015fekilde temizlenen havan\u0131n kalitesi \u00f6\u011frencilerin sa\u011fl\u0131\u011f\u0131n\u0131 koruyacakt\u0131r.   <\/p>\n<\/div>\n\n\n\n<div class=\"wp-block-column is-layout-flow wp-block-column-is-layout-flow\" style=\"flex-basis:50%\">\n<p><a href=\"https:\/\/obera.fr\/conseils\/purificateurs-d-air-contre-covid-19-creches-maternelles-ecoles-colleges-lycees\/\">COVID-19 hava temizleyicilerinin bir s\u0131n\u0131fa veya yemekhaneye kurulmas\u0131<\/a>, bula\u015fma zincirlerini k\u0131rmak i\u00e7in ger\u00e7ek bir f\u0131rsat sunar. Esasen bunlar, havaland\u0131rman\u0131n her zaman yeterli olmad\u0131\u011f\u0131 kapal\u0131 alanlard\u0131r.<strong> Bu nedenle havadaki SARS-CoV-2 konsantrasyon seviyesi y\u00fcksek olabilir<\/strong>. Bir COVID-19 hava temizleyici, ortam havas\u0131n\u0131 filtrelemenin etkili bir yoludur.  <\/p>\n<\/div>\n<\/div>\n\n<figure class=\"wp-block-image aligncenter size-large\"><img decoding=\"async\" width=\"1024\" height=\"768\" src=\"https:\/\/obera.fr\/wp-content\/uploads\/2021\/05\/image_ecole-covid-1024x768.jpg\" alt=\"havalandirma covid okulu\" class=\"wp-image-5610\" srcset=\"https:\/\/obera.fr\/wp-content\/uploads\/2021\/05\/image_ecole-covid-1024x768.jpg 1024w, https:\/\/obera.fr\/wp-content\/uploads\/2021\/05\/image_ecole-covid-300x225.jpg 300w, https:\/\/obera.fr\/wp-content\/uploads\/2021\/05\/image_ecole-covid-768x576.jpg 768w, https:\/\/obera.fr\/wp-content\/uploads\/2021\/05\/image_ecole-covid-1536x1152.jpg 1536w, https:\/\/obera.fr\/wp-content\/uploads\/2021\/05\/image_ecole-covid.jpg 2016w\" sizes=\"(max-width: 1024px) 100vw, 1024px\" \/><figcaption class=\"wp-element-caption\">Bir s\u0131n\u0131fta havaland\u0131rma<\/figcaption><\/figure>\n\n<h2 class=\"wp-block-heading\">Koronovir\u00fcs ve CHR: Kafe, otel ve restoranlarda COVID-19 nas\u0131l tedavi ediliyor?<\/h2>\n\n<p>Fransa&#8217;da kafe ve restoranlar\u0131n yeniden a\u00e7\u0131lmas\u0131 bir\u00e7ok ki\u015fiyi sevindirdi. Ancak buralar, <strong>aerosoller yoluyla koronavir\u00fcs bula\u015fma riski y\u00fcksek olan yerlerdir<\/strong>. Havaland\u0131rma kolay de\u011fildir ve oturan m\u00fc\u015fteriler maske takmamaktad\u0131r. Buralar esasen sohbetlerin serbest\u00e7e akt\u0131\u011f\u0131 ve fiziksel mesafenin etkisiz oldu\u011fu keyifli yerlerdir. SARS-Cov-2 vir\u00fcs\u00fc ta\u015f\u0131yan bir ki\u015fi \u00f6ks\u00fcrerek ya da sadece konu\u015farak t\u00fck\u00fcr\u00fck damlac\u0131klar\u0131 yayar. Bu kontamine aerosoller uzun saatler boyunca odan\u0131n ortam havas\u0131nda serbest\u00e7e y\u00fczer.     <\/p>\n\n<p><a href=\"https:\/\/obera.fr\/tr\/bizim-tavsiyemiz\/le-covid-19-et-la-restauration\/\">Odada yaln\u0131zca bir COVID-19 hava temizleme cihaz\u0131<\/a> <strong>etkili bir dekontaminasyon<\/strong> sa\u011flayabilir ve ortam havas\u0131ndaki <strong>koronavir\u00fcs seviyesini b\u00fcy\u00fck \u00f6l\u00e7\u00fcde azaltabilir<\/strong>. Havan\u0131n ne zaman de\u011fi\u015ftirilmesi gerekti\u011fini g\u00f6stermek i\u00e7in bir CO2 sens\u00f6r\u00fc tak\u0131labilir. Y\u00fcksek performansl\u0131 filtreleme, do\u011fal havaland\u0131rma ve mesafeyi birle\u015ftirerek vir\u00fcs ve bakteri bula\u015fma riskini b\u00fcy\u00fck \u00f6l\u00e7\u00fcde en aza indirirsiniz. COVID-19 hava temizleyici ile m\u00fc\u015fterilerinizin ve personelinizin sa\u011fl\u0131\u011f\u0131n\u0131 koruyun.   <\/p>\n\n<div class=\"wp-block-buttons is-horizontal is-content-justification-center is-layout-flex wp-container-core-buttons-is-layout-03627597 wp-block-buttons-is-layout-flex\">\n<div class=\"wp-block-button\"><a class=\"wp-block-button__link wp-element-button\" href=\"https:\/\/obera.fr\/tr\/contact\/\">Daha fazla bilgi i\u00e7in bize ula\u015f\u0131n<\/a><\/div>\n<\/div>\n\n<p>Bas\u0131nda \u00e7\u0131kan makaleler ve TV programlar\u0131m\u0131z\u0131n videolar\u0131 i\u00e7in<a href=\"https:\/\/obera.fr\/tr\/ils-parlent-de-nous-presse-media\/\" data-type=\"page\" data-id=\"8386\">&#8220;Bizden bahsediyorlar<\/a>&#8221; sayfas\u0131na da bak\u0131n\u0131z.<\/p>\n","protected":false},"excerpt":{"rendered":"<p>Rehberimiz, OberA&#8217;n\u0131n hava kontrol\u00fc ve ar\u0131tmaya y\u00f6nelik \u00e7\u00f6z\u00fcmlerini inceliyor. COVID-19&#8217;a kar\u015f\u0131 etkili bir hava temizleyici ile m\u00fc\u015fterilerinize ve personelinize ar\u0131nd\u0131r\u0131lm\u0131\u015f hava sunarak tesisinizin sa\u011fl\u0131\u011f\u0131n\u0131 ve g\u00fcvenli\u011fini sa\u011flay\u0131n. <\/p>\n","protected":false},"author":4,"featured_media":97567,"comment_status":"open","ping_status":"closed","sticky":false,"template":"","format":"standard","meta":{"_acf_changed":false,"_seopress_robots_primary_cat":"none","_seopress_titles_title":"Guide des meilleurs purificateurs d'air contre le Covid-19","_seopress_titles_desc":"Le guide pour assurer la s\u00e9curit\u00e9 sanitaire de vos locaux, professionnels ou \u00e0 l'\u00e9cole, avec un purificateur d\u2019air efficace contre le COVID-19","_seopress_robots_index":"","footnotes":""},"categories":[299],"tags":[306],"class_list":["post-67516","post","type-post","status-publish","format-standard","has-post-thumbnail","hentry","category-bizim-tavsiyemiz","tag-entete-small-tr","generate-columns","tablet-grid-50","mobile-grid-100","grid-parent","grid-50","no-featured-image-padding","resize-featured-image"],"acf":[],"_links":{"self":[{"href":"https:\/\/obera.fr\/tr\/wp-json\/wp\/v2\/posts\/67516","targetHints":{"allow":["GET"]}}],"collection":[{"href":"https:\/\/obera.fr\/tr\/wp-json\/wp\/v2\/posts"}],"about":[{"href":"https:\/\/obera.fr\/tr\/wp-json\/wp\/v2\/types\/post"}],"author":[{"embeddable":true,"href":"https:\/\/obera.fr\/tr\/wp-json\/wp\/v2\/users\/4"}],"replies":[{"embeddable":true,"href":"https:\/\/obera.fr\/tr\/wp-json\/wp\/v2\/comments?post=67516"}],"version-history":[{"count":2,"href":"https:\/\/obera.fr\/tr\/wp-json\/wp\/v2\/posts\/67516\/revisions"}],"predecessor-version":[{"id":97673,"href":"https:\/\/obera.fr\/tr\/wp-json\/wp\/v2\/posts\/67516\/revisions\/97673"}],"wp:featuredmedia":[{"embeddable":true,"href":"https:\/\/obera.fr\/tr\/wp-json\/wp\/v2\/media\/97567"}],"wp:attachment":[{"href":"https:\/\/obera.fr\/tr\/wp-json\/wp\/v2\/media?parent=67516"}],"wp:term":[{"taxonomy":"category","embeddable":true,"href":"https:\/\/obera.fr\/tr\/wp-json\/wp\/v2\/categories?post=67516"},{"taxonomy":"post_tag","embeddable":true,"href":"https:\/\/obera.fr\/tr\/wp-json\/wp\/v2\/tags?post=67516"}],"curies":[{"name":"wp","href":"https:\/\/api.w.org\/{rel}","templated":true}]}}