{"id":67582,"date":"2021-05-03T08:52:11","date_gmt":"2021-05-03T06:52:11","guid":{"rendered":"https:\/\/obera.fr\/conseils\/cadr-purificateur-d-air-explication\/"},"modified":"2025-05-07T10:22:30","modified_gmt":"2025-05-07T08:22:30","slug":"cadr-purificateur-d-air-explication","status":"publish","type":"post","link":"https:\/\/obera.fr\/tr\/bizim-tavsiyemiz\/cadr-purificateur-d-air-explication\/","title":{"rendered":"CADR nedir ve nas\u0131l \u00e7al\u0131\u015f\u0131r?"},"content":{"rendered":"\n<h2 class=\"wp-block-heading\"><strong>CADR nedir?<\/strong><\/h2>\n\n<p><strong>CADR<\/strong> veya <strong>Temiz Hava Da\u011f\u0131t\u0131m Oran\u0131<\/strong>, hava temizleyicilerin i\u00e7 mekan havas\u0131ndaki kirleticileri ve alerjenleri gidermedeki etkinli\u011fini de\u011ferlendiren standart bir \u00f6l\u00e7\u00fcmd\u00fcr. Bir hava temizleyicinin duman, polen ve toz gibi havada bulunan belirli partik\u00fclleri ortadan kald\u0131rma h\u0131z\u0131n\u0131 g\u00f6sterir. Basit bir ifadeyle, cihaz\u0131n ak\u0131\u015f h\u0131z\u0131 ile referans bir partik\u00fcl boyutundaki verimlilik oran\u0131n\u0131n \u00e7arp\u0131m\u0131d\u0131r.  <\/p>\n\n<p>CADR, bir hava temizleyicinin performans\u0131n\u0131 ve i\u00e7 mekan hava kalitesi \u00fczerindeki etkisini anlamak i\u00e7in \u00e7ok \u00f6nemlidir. Cihaz\u0131n birim zamanda sa\u011flayabildi\u011fi ar\u0131t\u0131lm\u0131\u015f hava miktar\u0131n\u0131 \u00f6l\u00e7er ve genellikle (m3\/h) cinsinden ifade edilir. Daha y\u00fcksek bir CADR, hava kirleticilerini h\u0131zl\u0131 bir \u015fekilde ortadan kald\u0131rmak i\u00e7in daha b\u00fcy\u00fck bir kapasiteye i\u015faret eder.  <\/p>\n\n<p><em>1\u03bcm = mikrometre = 1\/1000 mm)<\/em><\/p>\n\n<h2 class=\"wp-block-heading\"><strong>CADR&#8217;nin ana \u00f6nlemleri nelerdir?<\/strong><\/h2>\n\n<p>CADR de\u011feri, farkl\u0131 hava temizleyicileri do\u011frudan kar\u015f\u0131la\u015ft\u0131rmay\u0131 m\u00fcmk\u00fcn k\u0131lar. Bu, kullan\u0131c\u0131lara farkl\u0131 cihazlar\u0131 objektif olarak kar\u015f\u0131la\u015ft\u0131rmak i\u00e7in bir ara\u00e7 sunar. Prensip olarak, de\u011fer ne kadar y\u00fcksekse o kadar iyidir.  <\/p>\n\n<p>CADR \u00fc\u00e7 ana \u00f6l\u00e7\u00fcmden olu\u015fur: duman partik\u00fclleri i\u00e7in CADR, polen partik\u00fclleri i\u00e7in CADR ve toz partik\u00fclleri i\u00e7in CADR. Her bir \u00f6l\u00e7\u00fcm, bir hava temizleme cihaz\u0131n\u0131n bu t\u00fcr partik\u00fclleri \u00f6zellikle havadan uzakla\u015ft\u0131rma yetene\u011fini g\u00f6sterir. <\/p>\n\n<div class=\"wp-block-columns is-layout-flex wp-container-core-columns-is-layout-28f84493 wp-block-columns-is-layout-flex\">\n<div class=\"wp-block-column is-layout-flow wp-block-column-is-layout-flow\">\n<figure class=\"wp-block-image aligncenter size-full is-resized\"><img decoding=\"async\" width=\"411\" height=\"441\" src=\"https:\/\/obera.fr\/wp-content\/uploads\/2023\/12\/particules-fumees-edited.jpg\" alt=\"t&#xFC;ts&#xFC;lenmi&#x15F; par&#xE7;ac&#x131;klar\" class=\"wp-image-26573\" style=\"width:218px;height:auto\" srcset=\"https:\/\/obera.fr\/wp-content\/uploads\/2023\/12\/particules-fumees-edited.jpg 411w, https:\/\/obera.fr\/wp-content\/uploads\/2023\/12\/particules-fumees-edited-280x300.jpg 280w\" sizes=\"(max-width: 411px) 100vw, 411px\" \/><\/figure>\n<\/div>\n\n\n\n<div class=\"wp-block-column is-layout-flow wp-block-column-is-layout-flow\">\n<figure class=\"wp-block-image size-large\"><img decoding=\"async\" width=\"1024\" height=\"683\" src=\"https:\/\/obera.fr\/wp-content\/uploads\/2023\/12\/particules-pollen-1024x683.jpg\" alt=\"sevimli bir karahindiba &#xE7;i&#xE7;ekli bitkinin yak&#x131;n plan se&#xE7;ici odak &#xE7;ekimi\" class=\"wp-image-26567\" srcset=\"https:\/\/obera.fr\/wp-content\/uploads\/2023\/12\/particules-pollen-1024x683.jpg 1024w, https:\/\/obera.fr\/wp-content\/uploads\/2023\/12\/particules-pollen-300x200.jpg 300w, https:\/\/obera.fr\/wp-content\/uploads\/2023\/12\/particules-pollen-768x512.jpg 768w, https:\/\/obera.fr\/wp-content\/uploads\/2023\/12\/particules-pollen-1536x1024.jpg 1536w, https:\/\/obera.fr\/wp-content\/uploads\/2023\/12\/particules-pollen-2048x1365.jpg 2048w\" sizes=\"(max-width: 1024px) 100vw, 1024px\" \/><\/figure>\n<\/div>\n\n\n\n<div class=\"wp-block-column is-layout-flow wp-block-column-is-layout-flow\">\n<figure class=\"wp-block-image size-full\"><img decoding=\"async\" width=\"474\" height=\"315\" src=\"https:\/\/obera.fr\/wp-content\/uploads\/2023\/12\/particules-poussieres.jpg\" alt=\"toz par&#xE7;ac&#x131;klar&#x131;\" class=\"wp-image-26570\" srcset=\"https:\/\/obera.fr\/wp-content\/uploads\/2023\/12\/particules-poussieres.jpg 474w, https:\/\/obera.fr\/wp-content\/uploads\/2023\/12\/particules-poussieres-300x199.jpg 300w\" sizes=\"(max-width: 474px) 100vw, 474px\" \/><\/figure>\n<\/div>\n<\/div>\n\n<div class=\"wp-block-columns is-layout-flex wp-container-core-columns-is-layout-28f84493 wp-block-columns-is-layout-flex\">\n<div class=\"wp-block-column is-layout-flow wp-block-column-is-layout-flow\">\n<p class=\"has-text-align-center\"><strong>Duman partik\u00fclleri<\/strong> i\u00e7in CADR, hava temizleme cihaz\u0131n\u0131n sigara duman\u0131 veya mutfak duman\u0131 gibi yanma sonucu olu\u015fan ince partik\u00fclleri ortadan kald\u0131rmadaki etkinli\u011fini \u00f6l\u00e7er. Duman partik\u00fclleri i\u00e7in y\u00fcksek bir CADR, bu kirleticileri ortadan kald\u0131rma konusunda daha iyi bir yetene\u011fe sahip oldu\u011funu g\u00f6sterir. <\/p>\n<\/div>\n\n\n\n<div class=\"wp-block-column is-layout-flow wp-block-column-is-layout-flow\">\n<p class=\"has-text-align-center\"><strong>Polen part<\/strong> ik\u00fclleri i\u00e7in CADR, hava temizleme cihaz\u0131n\u0131n polen partik\u00fcllerini havadan uzakla\u015ft\u0131rmadaki etkinli\u011fini \u00f6l\u00e7er. Polen partik\u00fclleri i\u00e7in y\u00fcksek bir CADR alerji semptomlar\u0131n\u0131 azaltmaya yard\u0131mc\u0131 oldu\u011fundan, bu \u00f6l\u00e7\u00fcm polen alerjisi olan ki\u015filer i\u00e7in \u00f6nemlidir. <\/p>\n<\/div>\n\n\n\n<div class=\"wp-block-column is-layout-flow wp-block-column-is-layout-flow\">\n<p><strong>Toz partik\u00fclleri<\/strong> i\u00e7in CADR, hava temizleyicinin toz ve kir partik\u00fcllerini ortadan kald\u0131rmadaki etkinli\u011fini \u00f6l\u00e7er. Y\u00fcksek bir okuma, bu partik\u00fclleri giderme konusunda daha b\u00fcy\u00fck bir yetene\u011fe i\u015faret eder ve i\u00e7 mekan havas\u0131n\u0131n genel temizli\u011fini iyile\u015ftirir. <\/p>\n<\/div>\n<\/div>\n\n<p>Bu \u00fc\u00e7 CADR \u00f6l\u00e7\u00fcm\u00fc, farkl\u0131 kirletici t\u00fcrleri i\u00e7in bir hava temizleyicinin genel etkinli\u011fini belirlemek i\u00e7in kullan\u0131labilir ve \u00f6zel i\u00e7 mekan hava kalitesi ihtiya\u00e7lar\u0131n\u0131za uygun bir cihaz\u0131n nas\u0131l se\u00e7ilece\u011fine dair de\u011ferli bir g\u00f6sterge sa\u011flar.<\/p>\n\n<h2 class=\"wp-block-heading\"><strong>CADR i\u00e7 mekan hava kalitesi i\u00e7in ne kadar \u00f6nemlidir?<\/strong><\/h2>\n\n<ul class=\"wp-block-list\">\n<li>CADR, kapal\u0131 bir alan\u0131n \u00f6zel ihtiya\u00e7lar\u0131na g\u00f6re uyarlanm\u0131\u015f bir hava temizleyici se\u00e7menize olanak tan\u0131d\u0131\u011f\u0131ndan, i\u00e7 mekan hava kalitesinin \u00f6nemli bir g\u00f6stergesidir. Do\u011fru CADR, oda sakinlerinin sa\u011fl\u0131\u011f\u0131n\u0131 ve refah\u0131n\u0131 iyile\u015ftirmeye yard\u0131mc\u0131 olur. <\/li>\n\n\n\n<li>Duman, polen ve toz partik\u00fclleri i\u00e7in y\u00fcksek bir CADR, i\u00e7 mekan havas\u0131ndaki alerjenleri ve kirleticileri azaltmaya yard\u0131mc\u0131 olur, bu da alerjisi veya solunum problemleri olan ki\u015filer i\u00e7in faydal\u0131d\u0131r.<\/li>\n\n\n\n<li>Optimum CADR, zararl\u0131 partik\u00fclleri ortadan kald\u0131rarak ve daha sa\u011fl\u0131kl\u0131, daha temiz bir atmosferi te\u015fvik ederek kapal\u0131 bir alandaki genel hava kalitesini de iyile\u015ftirir.<\/li>\n<\/ul>\n\n<h2 class=\"wp-block-heading\"><strong>Do\u011fru CADR&#8217;ye sahip bir cihaz\u0131 nas\u0131l se\u00e7erim?<\/strong><\/h2>\n\n<p>Bir hava temizleme cihaz\u0131 se\u00e7erken, hangi CADR&#8217;nin ihtiya\u00e7lar\u0131n\u0131za en uygun oldu\u011funu g\u00f6z \u00f6n\u00fcnde bulundurman\u0131z \u00f6nemlidir. \u0130\u015fte bilin\u00e7li bir se\u00e7im yapman\u0131za yard\u0131mc\u0131 olacak birka\u00e7 ipucu: <\/p>\n\n<h3 class=\"wp-block-heading\"><strong>Gerekli CADR&#8217;nin hesaplanmas\u0131<\/strong><\/h3>\n\n<p>Odan\u0131n b\u00fcy\u00fckl\u00fc\u011f\u00fcne ve \u00f6zel ihtiya\u00e7lar\u0131n\u0131za g\u00f6re gereken CADR de\u011ferini belirleyin. Bir hava temizleme cihaz\u0131, odan\u0131n y\u00fczey alan\u0131n\u0131 etkili bir \u015fekilde kaplayacak kadar y\u00fcksek bir CADR&#8217;ye sahip olmal\u0131d\u0131r. <\/p>\n\n<h3 class=\"wp-block-heading\"><strong>Cihaz kar\u015f\u0131la\u015ft\u0131rmas\u0131<\/strong><\/h3>\n\n<p>Mevcut farkl\u0131 hava temizleyici modelleri hakk\u0131nda bilgi edinin ve duman, polen ve toz partik\u00fclleri i\u00e7in ilgili CADR&#8217;lerini kar\u015f\u0131la\u015ft\u0131r\u0131n. \u0130htiya\u00e7lar\u0131n\u0131z\u0131 en iyi kar\u015f\u0131layan\u0131 se\u00e7in. <\/p>\n\n<h3 class=\"wp-block-heading\"><strong>Ek hususlar<\/strong><\/h3>\n\n<p>CADR&#8217;ye ek olarak, dikkate al\u0131nmas\u0131 gereken di\u011fer \u00f6nemli fakt\u00f6rler aras\u0131nda cihaz\u0131n g\u00fcr\u00fclt\u00fc seviyesi, enerji t\u00fcketimi, ek \u00f6zellikler (HEPA filtreler gibi) ve hava kalitesi sertifikalar\u0131 yer al\u0131r.<\/p>\n\n<h2 class=\"wp-block-heading\"><strong>Detayl\u0131 a\u00e7\u0131klama ve temel bilgi<\/strong><\/h2>\n\n<p>Testte <strong>tam olarak 28,5 m\u00b3&#8217;l\u00fck bir alan<\/strong> kullan\u0131l\u0131r ve bu <strong>alan<\/strong> her \u00e7al\u0131\u015ft\u0131rmadan \u00f6nce dikkatlice temizlenir ve belirli y\u00fczey gereksinimlerine g\u00f6re standartla\u015ft\u0131r\u0131l\u0131r. Bir cihaz\u0131n filtre performans\u0131n\u0131 test etmek i\u00e7in odaya belirli miktarda toz, polen veya duman partik\u00fclleri yerle\u015ftirilir. Bir dakikal\u0131k bekleme s\u00fcresinin ard\u0131ndan filtreleme testi ba\u015flar. Bir dakikal\u0131k aral\u0131klarla, odadaki partik\u00fcllere maruz kalma s\u00fcresi 20 saniye boyunca \u00f6l\u00e7\u00fcl\u00fcr.   <\/p>\n\n<p>Test, <strong>toz ve duman partik\u00fclleri<\/strong> i\u00e7in 20 dakika sonra, en b\u00fcy\u00fck polen partik\u00fclleri i\u00e7in ise 10 dakika sonra sona erer. Polen \u00f6l\u00e7\u00fcm s\u00fcresinin daha k\u0131sa olmas\u0131n\u0131n nedeni, polen partik\u00fcllerinin a\u00e7\u0131k ara en kaba partik\u00fcller olmas\u0131 ve bu nedenle en h\u0131zl\u0131 \u015fekilde filtrelenmesidir. \u00d6l\u00e7\u00fcmler, bir hava temizleme cihaz\u0131n\u0131n pratikte i\u015fledi\u011fi partik\u00fcl say\u0131s\u0131 hakk\u0131nda \u00e7ok kesin bilgiler sa\u011flar. Partik\u00fcllerin <strong>uzayda<\/strong> %100 tam olarak <strong>e\u015fit da\u011f\u0131lmamas\u0131ndan<\/strong> kaynaklanan k\u00fc\u00e7\u00fck varyasyonlar, testin uzunlu\u011fu ile ihmal edilebilir.   <\/p>\n\n<p>Her bir kirletici boyutu i\u00e7in par\u00e7ac\u0131k boyutu verilmi\u015f ve ortalama boyut a\u015fa\u011f\u0131daki gibi belirtilmi\u015ftir.<\/p>\n\n<ul class=\"wp-block-list\">\n<li>Duman (\u00d8 0.09\u03bcm &#8211; 1.0\u03bcm)<\/li>\n\n\n\n<li>Toz (\u00d8 0,5\u03bcm &#8211; 3,0\u03bcm)<\/li>\n\n\n\n<li>Polen (\u00d8 5.0\u03bcm &#8211; 11.0\u03bcm)<\/li>\n<\/ul>\n\n<p>Hastaneler ve ara\u015ft\u0131rma enstit\u00fcleri i\u00e7in Minimum Verimlilik Raporlama De\u011feri (MERV) de kullan\u0131l\u0131r. Bu, boyutu 0,3\u03bcm ile 10\u03bcm aras\u0131ndaki partik\u00fcller i\u00e7in m\u00fcmk\u00fcn olan en d\u00fc\u015f\u00fck filtreleme de\u011ferini hesaplar. <\/p>\n\n<p>Sonu\u00e7 olarak CADR, hava temizleyicilerin performans\u0131n\u0131n ve i\u00e7 mekan hava kalitesini iyile\u015ftirme kabiliyetlerinin \u00f6nemli bir g\u00f6stergesidir. CADR \u00f6l\u00e7\u00fcmlerini anlamak ve do\u011fru CADR de\u011ferine sahip bir cihaz se\u00e7mek, i\u00e7 ortam\u0131n\u0131zda temiz ve sa\u011fl\u0131kl\u0131 hava sa\u011flamak i\u00e7in \u00f6nemli ad\u0131mlard\u0131r. <\/p>\n","protected":false},"excerpt":{"rendered":"<p>CADR, Temiz Hava Da\u011f\u0131t\u0131m Oran\u0131 anlam\u0131na gelir. Terc\u00fcme edildi\u011finde, bu temiz hava da\u011f\u0131t\u0131m oran\u0131d\u0131r. Basit bir ifadeyle, cihaz\u0131n maksimum ak\u0131\u015f h\u0131z\u0131 ile referans partik\u00fcl boyutundaki verimlilik oran\u0131n\u0131n \u00e7arp\u0131m\u0131d\u0131r.  <\/p>\n","protected":false},"author":4,"featured_media":93629,"comment_status":"open","ping_status":"closed","sticky":false,"template":"","format":"standard","meta":{"_acf_changed":false,"_seopress_robots_primary_cat":"none","_seopress_titles_title":"Qu'est-ce que CADR d\u2019un purificateur d\u2019air ?","_seopress_titles_desc":"L'abr\u00e9viation CADR vient de l'anglais et signifie Clean Air Delivery Rate. Traduit, il s'agit du taux de d\u00e9livrance d\u2019air pur. A quoi ca sert ? dans quel but ?","_seopress_robots_index":"","footnotes":""},"categories":[299],"tags":[306],"class_list":["post-67582","post","type-post","status-publish","format-standard","has-post-thumbnail","hentry","category-bizim-tavsiyemiz","tag-entete-small-tr","generate-columns","tablet-grid-50","mobile-grid-100","grid-parent","grid-50","no-featured-image-padding","resize-featured-image"],"acf":[],"_links":{"self":[{"href":"https:\/\/obera.fr\/tr\/wp-json\/wp\/v2\/posts\/67582","targetHints":{"allow":["GET"]}}],"collection":[{"href":"https:\/\/obera.fr\/tr\/wp-json\/wp\/v2\/posts"}],"about":[{"href":"https:\/\/obera.fr\/tr\/wp-json\/wp\/v2\/types\/post"}],"author":[{"embeddable":true,"href":"https:\/\/obera.fr\/tr\/wp-json\/wp\/v2\/users\/4"}],"replies":[{"embeddable":true,"href":"https:\/\/obera.fr\/tr\/wp-json\/wp\/v2\/comments?post=67582"}],"version-history":[{"count":1,"href":"https:\/\/obera.fr\/tr\/wp-json\/wp\/v2\/posts\/67582\/revisions"}],"predecessor-version":[{"id":67607,"href":"https:\/\/obera.fr\/tr\/wp-json\/wp\/v2\/posts\/67582\/revisions\/67607"}],"wp:featuredmedia":[{"embeddable":true,"href":"https:\/\/obera.fr\/tr\/wp-json\/wp\/v2\/media\/93629"}],"wp:attachment":[{"href":"https:\/\/obera.fr\/tr\/wp-json\/wp\/v2\/media?parent=67582"}],"wp:term":[{"taxonomy":"category","embeddable":true,"href":"https:\/\/obera.fr\/tr\/wp-json\/wp\/v2\/categories?post=67582"},{"taxonomy":"post_tag","embeddable":true,"href":"https:\/\/obera.fr\/tr\/wp-json\/wp\/v2\/tags?post=67582"}],"curies":[{"name":"wp","href":"https:\/\/api.w.org\/{rel}","templated":true}]}}