{"id":67586,"date":"2021-05-06T11:22:12","date_gmt":"2021-05-06T09:22:12","guid":{"rendered":"https:\/\/obera.fr\/conseils\/aeration-covid-salles-classes-cantines-refectoire-lycees\/"},"modified":"2025-05-07T09:56:56","modified_gmt":"2025-05-07T07:56:56","slug":"aeration-covid-salles-classes-cantines-refectoire-lycees","status":"publish","type":"post","link":"https:\/\/obera.fr\/tr\/bizim-tavsiyemiz\/aeration-covid-salles-classes-cantines-refectoire-lycees\/","title":{"rendered":"Havaland\u0131rma ve COVID-19: OberA, bir\u00e7ok Frans\u0131z okulunun ve lisesinin s\u0131n\u0131flar\u0131n\u0131, kantinlerini ve yemekhanelerini donat\u0131yor!"},"content":{"rendered":"\n<h2 class=\"wp-block-heading\">E\u011fitimde anti-bakteriyel havaland\u0131rma \u00e7\u00f6z\u00fcmleri<\/h2>\n\n<p>Birlikte \u00f6\u011frenmek \u00e7ocuklar ve gen\u00e7ler i\u00e7in \u00e7ok \u00f6nemlidir. Ve en iyisi, hava temiz oldu\u011fu ve s\u0131hhi ko\u015fullara uyuldu\u011fu s\u00fcrece bunun s\u0131n\u0131fta her zaman m\u00fcmk\u00fcn olmas\u0131d\u0131r. <\/p>\n\n<figure class=\"wp-block-image alignright size-large is-resized\"><img decoding=\"async\" src=\"https:\/\/obera.fr\/wp-content\/uploads\/2021\/05\/image_ecole-covid-1024x768.jpg\" alt=\"havalandirma covid okulu\" class=\"wp-image-5610\" width=\"527\" height=\"395\" srcset=\"https:\/\/obera.fr\/wp-content\/uploads\/2021\/05\/image_ecole-covid-1024x768.jpg 1024w, https:\/\/obera.fr\/wp-content\/uploads\/2021\/05\/image_ecole-covid-300x225.jpg 300w, https:\/\/obera.fr\/wp-content\/uploads\/2021\/05\/image_ecole-covid-768x576.jpg 768w, https:\/\/obera.fr\/wp-content\/uploads\/2021\/05\/image_ecole-covid-1536x1152.jpg 1536w, https:\/\/obera.fr\/wp-content\/uploads\/2021\/05\/image_ecole-covid.jpg 2016w\" sizes=\"(max-width: 527px) 100vw, 527px\" \/><figcaption class=\"wp-element-caption\">OBERA ile bir s\u0131n\u0131f\u0131n havaland\u0131r\u0131lmas\u0131<\/figcaption><\/figure>\n\n<p>Baz\u0131 Frans\u0131z b\u00f6lgeleri, <a href=\"https:\/\/obera.fr\/tr\/produits\/purificateurs-air\/covid-19-anti-virus-ve-anti-bakteriyel-hava-temizleyicileri\/\" data-type=\"page\" data-id=\"5161\">hava temizleyicilerin<\/a> maliyetinin tamam\u0131n\u0131 veya bir k\u0131sm\u0131n\u0131 finanse etmeye ve e\u011fitim kurumlar\u0131n\u0131n bunlar\u0131 edinmesine yard\u0131mc\u0131 olmaya karar vermi\u015ftir:<\/p>\n\n<ul class=\"wp-block-list\">\n<li>Auvergne-Rh\u00f4ne-Alpes b\u00f6lgesi, b\u00f6lgedeki ortaokul ve kolejlerin <a href=\"https:\/\/obera.fr\/tr\/produits\/purificateurs-air\/\" data-type=\"page\">havas\u0131n\u0131 temizlemek<\/a> i\u00e7in 10 milyon Avroluk b\u00f6lgesel yat\u0131r\u0131m plan\u0131 lehinde oy kulland\u0131.  <\/li>\n\n\n\n<li>Ile-de-France b\u00f6lgesi, hava temizleyicileri gibi sa\u011fl\u0131kla ilgili ekipmanlar\u0131n sat\u0131n al\u0131nmas\u0131 i\u00e7in ortaokullara ve yerel y\u00f6netimlere 10.000 Euro&#8217;ya kadar fon sa\u011flamaktad\u0131r.<\/li>\n<\/ul>\n\n<p>Y\u00fcz y\u00fcze e\u011fitimin geri d\u00f6nmesi ve kantin ve yemekhanelerin kullan\u0131lmaya ba\u015flanmas\u0131yla birlikte, <strong>insanlar\u0131n yo\u011fun<\/strong> olarak bulundu\u011fu ve\/veya \u00e7ok say\u0131da \u00f6\u011frencinin ayn\u0131 anda bulundu\u011fu alanlar\u0131n havas\u0131n\u0131n temizlenmesi <strong>i\u00e7in hava temizleyicilere ihtiya\u00e7 duyulmaktad\u0131r<\/strong>. Hava temizleyicileri bu alanlardaki havay\u0131 saatte yakla\u015f\u0131k d\u00f6rt ila on oda hacmi de\u011fi\u015fimine e\u015fde\u011fer \u015fekilde ar\u0131tabilir.   <\/p>\n\n<blockquote class=\"wp-block-quote is-layout-flow wp-block-quote-is-layout-flow\">\n<p>Bu, <strong>s\u00fcspansiyon halindeki partik\u00fcl ve vir\u00fcslerin say\u0131s\u0131n\u0131 \u00f6nemli \u00f6l\u00e7\u00fcde azalt\u0131r<\/strong> (ortalama -%85) ve odadaki havay\u0131 \u00f6nemli \u00f6l\u00e7\u00fcde temizler.<\/p>\n<\/blockquote>\n\n<div class=\"wp-block-buttons is-horizontal is-content-justification-center is-layout-flex wp-container-core-buttons-is-layout-03627597 wp-block-buttons-is-layout-flex\">\n<div class=\"wp-block-button\"><a class=\"wp-block-button__link wp-element-button\" href=\"https:\/\/obera.fr\/tr\/contact\/\">Daha fazlas\u0131n\u0131 \u00f6\u011frenmek istiyorum<\/a><\/div>\n<\/div>\n\n<h2 class=\"wp-block-heading\">Koronavir\u00fcs\u00fcn havaland\u0131r\u0131lmas\u0131<\/h2>\n\n<div class=\"wp-block-columns is-layout-flex wp-container-core-columns-is-layout-28f84493 wp-block-columns-is-layout-flex\">\n<div class=\"wp-block-column is-vertically-aligned-center is-layout-flow wp-block-column-is-layout-flow\" style=\"flex-basis:66.66%\">\n<p><strong>\u0130\u00e7 mekanlarda bula\u015fma riskini \u00f6nemli \u00f6l\u00e7\u00fcde azaltmak<\/strong> i\u00e7in yine de d\u00fczenli havaland\u0131rma gereklidir. Ancak bu her zaman m\u00fcmk\u00fcn de\u011fildir (odalarda pencere olmad\u0131\u011f\u0131nda veya hava \u00e7ok so\u011fuk oldu\u011funda). Bu gibi durumlarda, hava kalitesi parametrelerini s\u00fcrekli olarak<strong>\u00f6l\u00e7mek i\u00e7in<\/strong> bir hava temizleyici ve<strong>sens\u00f6rler<\/strong> kurmak \u00e7\u00f6z\u00fcm olabilir.  <\/p>\n\n\n\n<h3 class=\"wp-block-heading\">Hava temizleyicilere ra\u011fmen: yine de havaland\u0131rman\u0131z gerekir!<\/h3>\n\n\n\n<p>Baz\u0131 kurulu\u015flar ayr\u0131ca CO2 konsantrasyonunu s\u00fcrekli olarak \u00f6l\u00e7mek ve \u00f6nerilen e\u015fik a\u015f\u0131ld\u0131\u011f\u0131nda havaland\u0131rmay\u0131 tetiklemek i\u00e7in <a href=\"https:\/\/obera.fr\/tr\/produits\/purificateurs-air\/covid-19-anti-virus-ve-anti-bakteriyel-hava-temizleyicileri\/virbox-anti-virus-hava-temizleyici\/\" data-type=\"page\" data-id=\"4902\">CO2 sens\u00f6rleri<\/a> takmay\u0131 se\u00e7mi\u015ftir.<\/p>\n<\/div>\n\n\n\n<div class=\"wp-block-column is-vertically-aligned-center is-layout-flow wp-block-column-is-layout-flow\" style=\"flex-basis:33.33%\">\n<figure class=\"wp-block-image aligncenter size-full is-resized\"><img decoding=\"async\" src=\"https:\/\/obera.fr\/wp-content\/uploads\/2021\/05\/Sans-titre-20.jpg\" alt=\"Odalar&#x131;n pencerelerden havaland&#x131;r&#x131;lmas&#x131;\" class=\"wp-image-5607\" width=\"250\" height=\"250\" srcset=\"https:\/\/obera.fr\/wp-content\/uploads\/2021\/05\/Sans-titre-20.jpg 500w, https:\/\/obera.fr\/wp-content\/uploads\/2021\/05\/Sans-titre-20-300x300.jpg 300w, https:\/\/obera.fr\/wp-content\/uploads\/2021\/05\/Sans-titre-20-150x150.jpg 150w\" sizes=\"(max-width: 250px) 100vw, 250px\" \/><\/figure>\n<\/div>\n<\/div>\n\n<h2 class=\"wp-block-heading\">E\u011flenceli bir ara\u00e7: mavi LED: her \u015fey yolunda; k\u0131rm\u0131z\u0131 LED: havaland\u0131rman\u0131z gerekiyor<\/h2>\n\n<p>Bir dizi \u00f6\u011fretmen sendikas\u0131, hava kalitesinin s\u00fcrekli olarak izlenmesi i\u00e7in <strong>CO2 sens\u00f6rlerinin<\/strong> yerle\u015ftirilmesi \u00e7a\u011fr\u0131s\u0131nda bulunuyor.<\/p>\n\n<p><strong>Bir\u00e7ok \u00e7al\u0131\u015fma CO2 sens\u00f6rlerinin i\u00e7 mekanlarda kullan\u0131lmas\u0131n\u0131 \u00f6nermektedir<\/strong>. Bu ba\u011flamda, \u00f6zellikle t\u00fcm s\u0131n\u0131flarda uygulanmas\u0131 ak\u0131ll\u0131ca olacakt\u0131r. Bu \u00f6l\u00e7\u00fcm cihazlar\u0131, i\u00e7 mekanlar\u0131n havaland\u0131r\u0131lmas\u0131 gerekti\u011finde alarm verir. Bu sens\u00f6rler, s\u0131n\u0131flardaki hava kalitesini g\u00f6r\u00fcn\u00fcr k\u0131lmak i\u00e7in iyi bir ara\u00e7t\u0131r:     <\/p>\n\n<blockquote class=\"wp-block-quote is-layout-flow wp-block-quote-is-layout-flow\">\n<p>&#8220;Odalarda, s\u0131n\u0131rlara ne zaman ula\u015f\u0131ld\u0131\u011f\u0131n\u0131 ve pencerelerin a\u00e7\u0131lmas\u0131 gerekti\u011fini g\u00f6steriyorlar.&#8221;  <\/p>\n<\/blockquote>\n","protected":false},"excerpt":{"rendered":"<p>Covid-19 vir\u00fcs\u00fcn\u00fcn bula\u015fma riskini azaltmak i\u00e7in OberA, bir\u00e7ok Frans\u0131z okulunun ve lisesinin s\u0131n\u0131flar\u0131n\u0131, kantinlerini ve yemekhanelerini donatt\u0131!<\/p>\n","protected":false},"author":4,"featured_media":98844,"comment_status":"open","ping_status":"closed","sticky":false,"template":"","format":"standard","meta":{"_acf_changed":false,"_seopress_robots_primary_cat":"none","_seopress_titles_title":"A\u00e9ration et COVID-19 : OBERA \u00e9quipe lyc\u00e9es fran\u00e7ais !","_seopress_titles_desc":"OberA met en place dans les \u00e9coles, des syst\u00e8mes de purification d'air efficace contre les virus et bact\u00e9ries pour prot\u00e9ger les \u00e9l\u00e8ves et le corps enseignant.","_seopress_robots_index":"","footnotes":""},"categories":[299],"tags":[306],"class_list":["post-67586","post","type-post","status-publish","format-standard","has-post-thumbnail","hentry","category-bizim-tavsiyemiz","tag-entete-small-tr","generate-columns","tablet-grid-50","mobile-grid-100","grid-parent","grid-50","no-featured-image-padding","resize-featured-image"],"acf":[],"_links":{"self":[{"href":"https:\/\/obera.fr\/tr\/wp-json\/wp\/v2\/posts\/67586","targetHints":{"allow":["GET"]}}],"collection":[{"href":"https:\/\/obera.fr\/tr\/wp-json\/wp\/v2\/posts"}],"about":[{"href":"https:\/\/obera.fr\/tr\/wp-json\/wp\/v2\/types\/post"}],"author":[{"embeddable":true,"href":"https:\/\/obera.fr\/tr\/wp-json\/wp\/v2\/users\/4"}],"replies":[{"embeddable":true,"href":"https:\/\/obera.fr\/tr\/wp-json\/wp\/v2\/comments?post=67586"}],"version-history":[{"count":2,"href":"https:\/\/obera.fr\/tr\/wp-json\/wp\/v2\/posts\/67586\/revisions"}],"predecessor-version":[{"id":98869,"href":"https:\/\/obera.fr\/tr\/wp-json\/wp\/v2\/posts\/67586\/revisions\/98869"}],"wp:featuredmedia":[{"embeddable":true,"href":"https:\/\/obera.fr\/tr\/wp-json\/wp\/v2\/media\/98844"}],"wp:attachment":[{"href":"https:\/\/obera.fr\/tr\/wp-json\/wp\/v2\/media?parent=67586"}],"wp:term":[{"taxonomy":"category","embeddable":true,"href":"https:\/\/obera.fr\/tr\/wp-json\/wp\/v2\/categories?post=67586"},{"taxonomy":"post_tag","embeddable":true,"href":"https:\/\/obera.fr\/tr\/wp-json\/wp\/v2\/tags?post=67586"}],"curies":[{"name":"wp","href":"https:\/\/api.w.org\/{rel}","templated":true}]}}