{"id":67638,"date":"2021-05-17T19:28:45","date_gmt":"2021-05-17T17:28:45","guid":{"rendered":"https:\/\/obera.fr\/conseils\/qai-diagnostic-qualite-de-l-air-interieur-batiments-industriels\/"},"modified":"2025-05-06T13:25:12","modified_gmt":"2025-05-06T11:25:12","slug":"qai-diagnostic-qualite-de-l-air-interieur-batiments-industriels","status":"publish","type":"post","link":"https:\/\/obera.fr\/tr\/bizim-tavsiyemiz\/qai-diagnostic-qualite-de-l-air-interieur-batiments-industriels\/","title":{"rendered":"End\u00fcstriyel binalar i\u00e7in i\u00e7 hava kalitesi te\u015fhisi"},"content":{"rendered":"\n<p>\u0130\u00e7 mekan hava kalitesi \u00f6nemli bir sa\u011fl\u0131k ve \u00e7evre sorunudur. Evde veya ofiste, <strong>i\u00e7 mekan kirlili\u011fi<\/strong> d\u0131\u015far\u0131dakinden 5 ila 10 kat daha y\u00fcksektir! Bunun nedenleri: a\u015f\u0131r\u0131 nem, temizlik \u00fcr\u00fcnleri ve yap\u0131 malzemeleri taraf\u0131ndan sal\u0131nan kirleticiler, yetersiz havaland\u0131rma vb.    <\/p>\n\n<p><strong>\u0130\u00e7 mekan hava kalitesi (IAQ) te\u015fhisi<\/strong>, halka a\u00e7\u0131k t\u00fcm kurulu\u015flar i\u00e7in zorunludur ve uygun bir eylem plan\u0131 olu\u015fturulabilmesi i\u00e7in mevcut duruma genel bir bak\u0131\u015f sa\u011flar. IAQ te\u015fhisinde hangi kirleticiler aran\u0131r?<strong> End\u00fcstriyel binalarda i\u00e7 hava kalitesi<\/strong> neden ve nas\u0131l<strong> izlenmelidir<\/strong>?    <\/p>\n\n<p>IAQ diyagnosti\u011fi hakk\u0131nda bilmeniz gereken her \u015fey i\u00e7in k\u0131lavuzumuzu takip edin.<\/p>\n\n<h2 class=\"wp-block-heading\">\u0130\u00e7 hava kalitesi te\u015fhisi nedir?<\/h2>\n\n<p><a href=\"https:\/\/obera.fr\/conseils\/qualite-l-air-interieur-critere-essentiel-industrie\/\" data-type=\"URL\" data-id=\"https:\/\/obera.fr\/conseils\/qualite-l-air-interieur-critere-essentiel-industrie\/\">\u0130\u00e7<\/a> <strong>mekan<\/strong> hava kalitesi (IAQ) te\u015fhisi, <strong>kapal\u0131 alanlardaki<\/strong> (evler, i\u015f yerleri, halka a\u00e7\u0131k kurulu\u015flar vb.) <strong>kirlilik seviyesinin \u00f6l\u00e7\u00fclmesini<\/strong> i\u00e7erir. Bu de\u011ferlendirme, bina i\u00e7inde bulunan <strong>kirleticilerin konsantrasyonunu ve kayna\u011f\u0131n\u0131<\/strong> tan\u0131mlar. <\/p>\n\n<h3 class=\"wp-block-heading\">IAQ te\u015fhisi s\u0131ras\u0131nda hangi kirleticiler \u00f6l\u00e7\u00fcl\u00fcr?<\/h3>\n\n<p>\u0130\u00e7 mekan hava kalitesi te\u015fhisi \u00e7e\u015fitli \u00f6l\u00e7\u00fcmlere dayan\u0131r:<\/p>\n\n<ul class=\"wp-block-list\"><li><strong>Gaz halindeki kirleticilerin analizi<\/strong>: karbondioksit (CO2) ve formaldehit gibi u\u00e7ucu organik bile\u015fikler (VOC&#8217;ler);<\/li><li><strong>partik\u00fclleri aray\u0131n<\/strong>: toz, asbest lifleri, vb;<\/li><li><strong>fiziksel de\u011ferlerin \u00f6l\u00e7\u00fcm\u00fc<\/strong>: <a href=\"https:\/\/obera.fr\/tr\/bizim-tavsiyemiz\/choisir-rafraichisseur-d-air-industriel-reguler-temperature\/\" data-type=\"URL\" data-id=\"https:\/\/obera.fr\/conseils\/choisir-rafraichisseur-d-air-industriel-reguler-temperature\/\">s\u0131cakl\u0131k<\/a> ve ba\u011f\u0131l nem.<\/li><\/ul>\n\n<p>Bu \u00fcr\u00fcnler <strong>insan sa\u011fl\u0131\u011f\u0131 ve \u00e7evre i\u00e7in risk<\/strong>olu\u015fturmaktad\u0131r. Baz\u0131lar\u0131 kansere neden olabilir. Bu durum \u00f6zellikle formaldehit ve asbest i\u00e7in ge\u00e7erlidir. Hava kirlili\u011fi Fransa&#8217;da y\u0131lda yakla\u015f\u0131k 50.000 ki\u015finin \u00f6l\u00fcm\u00fcne neden olmaktad\u0131r.   <\/p>\n\n<h3 class=\"wp-block-heading\">End\u00fcstriyel binalardaki hava kirlili\u011finin kaynaklar\u0131 nelerdir?<\/h3>\n\n<p>End\u00fcstriyel tesisler bir\u00e7ok kirlilik kayna\u011f\u0131na ev sahipli\u011fi yapmaktad\u0131r:<\/p>\n\n<ul class=\"wp-block-list\"><li>\u00dcretim s\u00fcre\u00e7lerinde kullan\u0131lan <strong>kimyasallar ve malzemeler<\/strong> havaya kirletici maddeler salmaktad\u0131r.<\/li><li><strong>Malzemelerin ve bitmi\u015f \u00fcr\u00fcnlerin ta\u015f\u0131nmas\u0131<\/strong> toz, partik\u00fcl, hidrokarbon buhar\u0131 vb. \u00fcretir.<\/li><li><strong>D\u0131\u015f ortamdan gelen kirleticiler<\/strong> binalar\u0131n i\u00e7inde hapsolabilir.<\/li><\/ul>\n\n<blockquote class=\"wp-block-quote is-layout-flow wp-block-quote-is-layout-flow\"><p><strong>Havaland\u0131rman\u0131n ve uygun bir havaland\u0131rma sisteminin olmamas\u0131<\/strong>, kirleticileri yo\u011funla\u015ft\u0131r\u0131r ve ayr\u0131ca kurulu\u015f i\u00e7indeki s\u0131cakl\u0131k ve nem seviyelerini etkiler.<\/p><\/blockquote>\n\n<h2 class=\"wp-block-heading\">\u0130\u00e7 mekan hava kalitesi neden \u00f6l\u00e7\u00fcl\u00fcr?<\/h2>\n\n<p><a href=\"https:\/\/obera.fr\/tr\/bizim-tavsiyemiz\/analyse-qualite-l-air-interieur\/\" data-type=\"URL\" data-id=\"https:\/\/obera.fr\/conseils\/analyse-qualite-l-air-interieur\/\">\u0130\u00e7 mekan hava kalitesinin de\u011ferlendirilmesi<\/a><strong> i\u015fverenler i\u00e7in yasal bir zorunluluktur<\/strong>. Ayn\u0131 zamanda i\u015fletmelerin<strong>verimlili\u011fini art\u0131rmaya<\/strong> da yard\u0131mc\u0131 olur. <\/p>\n\n<h3 class=\"wp-block-heading\">\u0130\u00e7 hava kalitesi te\u015fhisi zorunlu mu?<\/h3>\n\n<p>Fransa&#8217;da 2015-1000 say\u0131l\u0131 kararname, \u00e7ocuklar\u0131n bulundu\u011fu yerlerde (kre\u015fler ve ilkokullar, e\u011flence merkezleri ve ortaokullar) i\u00e7 mekan hava kalitesi testi yap\u0131lmas\u0131n\u0131 gerektirmektedir. <strong>2023&#8217;ten itibaren<\/strong><strong>, IAQ testi halka a\u00e7\u0131k t\u00fcm kurulu\u015flar (ERP)<\/strong>, yani d\u0131\u015far\u0131dan gelenlere (\u00e7al\u0131\u015fanlar d\u0131\u015f\u0131nda) a\u00e7\u0131k tesisler<strong> i\u00e7in zorunlu olacakt\u0131r.<\/strong><br\/><br\/>\u015eirketiniz bir ERP olsun ya da olmas\u0131n, <strong>Frans\u0131z \u0130\u015f Kanunu taraf\u0131ndan dayat\u0131lan Mesleki Maruziyet S\u0131n\u0131r De\u011ferlerine (OELV&#8217;ler) uyman\u0131z<\/strong> gerekir. IAQ te\u015fhisi, kirletici konsantrasyonlar\u0131n\u0131n kanunla belirlenen de\u011ferlerin \u00e7ok alt\u0131nda olup olmad\u0131\u011f\u0131n\u0131 kontrol etmenizi ve gerekti\u011finde d\u00fczeltici eylemleri de\u011ferlendirmenizi sa\u011flar. <\/p>\n\n<h3 class=\"wp-block-heading\">End\u00fcstriyel bir binada sa\u011fl\u0131kl\u0131 havan\u0131n faydalar\u0131 nelerdir?<\/h3>\n\n<p>D\u00fczenleyici y\u00f6n\u00fcne ek olarak, iyi bir i\u00e7 mekan hava kalitesinin korunmas\u0131, <a href=\"https:\/\/obera.fr\/tr\/bizim-tavsiyemiz\/comment-rafraichissement-evaporation-ameliorer-production-industrielle\/\" data-type=\"URL\" data-id=\"https:\/\/obera.fr\/conseils\/comment-rafraichissement-evaporation-ameliorer-production-industrielle\/\">kurulu\u015funuzun \u00fcretkenli\u011fi i\u00e7in bir dizi fayda sa\u011flar<\/a>:<\/p>\n\n<ul class=\"wp-block-list\"><li><strong>\u00c7al\u0131\u015fan sa\u011fl\u0131\u011f\u0131n\u0131n iyile\u015ftirilmesi<\/strong>: sa\u011fl\u0131kl\u0131 bir i\u015fg\u00fcc\u00fc devams\u0131zl\u0131\u011f\u0131n ve hastal\u0131k izinlerinin azalt\u0131lmas\u0131na yard\u0131mc\u0131 olur;<\/li><li>daha <strong>d\u00fc\u015f\u00fck bak\u0131m maliyetleri<\/strong>: tesisler daha uzun s\u00fcre temiz kal\u0131r ve makineler daha az bozulur;<\/li><li><strong>Bitmi\u015f \u00fcr\u00fcnlerin kalitesinin art\u0131r\u0131lmas\u0131<\/strong>: kirleticilerin, s\u0131cakl\u0131k ve nem seviyelerinin izlenmesi malzemelerin optimum \u015fekilde korunmas\u0131n\u0131 sa\u011flar.<\/li><\/ul>\n\n<h2 class=\"wp-block-heading\">\u0130\u00e7 mekan hava kalitesi te\u015fhisini nas\u0131l yapars\u0131n\u0131z?<\/h2>\n\n<p>IAQ te\u015fhisleri <strong>\u00f6zel \u00f6l\u00e7\u00fcm cihazlar\u0131<\/strong> gerektirir ve bir <strong>hava kalitesi uzman\u0131<\/strong> taraf\u0131ndan ger\u00e7ekle\u015ftirilmelidir.<\/p>\n\n<h3 class=\"wp-block-heading\">\u0130\u00e7 mekan hava kalitesi nas\u0131l \u00f6l\u00e7\u00fcl\u00fcr?<\/h3>\n\n<p>End\u00fcstriyel hava \u015fartland\u0131rma konusunda uzman olan OBERA, bir dizi partik\u00fcl sayac\u0131 ve hava analiz\u00f6r\u00fc sunmaktad\u0131r. Bu t\u00fcr bir cihaz<strong> <a href=\"https:\/\/obera.fr\/conseils\/mesure-de-la-qualite-de-l-air-interieur-interet-principe\/\" data-type=\"URL\" data-id=\"https:\/\/obera.fr\/conseils\/mesure-de-la-qualite-de-l-air-interieur-interet-principe\/\">i\u00e7 mekan hava kalitesi parametrelerini s\u00fcrekli olarak \u00f6l\u00e7er<\/a><\/strong> birka\u00e7 sens\u00f6r kullanarak: <\/p>\n\n<ul class=\"wp-block-list\"><li>bir <strong>VOC<\/strong> (u\u00e7ucu organik bile\u015fikler) <strong>sens\u00f6r\u00fc<\/strong>;<\/li><li>bir <strong>CO2 sens\u00f6r\u00fc<\/strong>;<\/li><li>bir<strong>toz ve partik\u00fcl sens\u00f6r\u00fc<\/strong> (PM 0,3 ila PM 10)<\/li><li>bir <strong>s\u0131cakl\u0131k sens\u00f6r\u00fc<\/strong>;<\/li><li>bir <strong>nem sens\u00f6r\u00fc<\/strong>.<\/li><\/ul>\n\n<p><strong>Ger\u00e7ek zamanl\u0131 analiz<\/strong>, \u00f6l\u00e7\u00fcmlerin Mesleki Maruziyet Limitlerini a\u015fmas\u0131 durumunda h\u0131zl\u0131 bir \u015fekilde harekete ge\u00e7ilebilece\u011fi anlam\u0131na gelir.<\/p>\n\n<h3 class=\"wp-block-heading\">Kurulu\u015funuzun IAQ te\u015fhisi i\u00e7in kimi aramal\u0131s\u0131n\u0131z?<\/h3>\n\n<p><strong>2015-1000 say\u0131l\u0131 kararname kapsam\u0131ndaki ERP binalar\u0131 i\u00e7in, i\u00e7 hava kalitesi te\u015fhisi Devlet taraf\u0131ndan akredite edilmi\u015f bir profesyonel taraf\u0131ndan yap\u0131lmal\u0131d\u0131r<\/strong>. OBERA size a\u015fa\u011f\u0131dakileri i\u00e7eren te\u015fhisler sunar: <\/p>\n\n<ul class=\"wp-block-list\"><li>Kurulu\u015funuzdaki hava kirlili\u011fi kaynaklar\u0131n\u0131n belirlenmesi;<\/li><li>kirletici maddelerin (formaldehit, CO2, vb.) konsantrasyonunun incelenmesi;<\/li><li>s\u0131cakl\u0131k ve ba\u011f\u0131l nem \u00f6l\u00e7\u00fcm\u00fc.<\/li><\/ul>\n\n<p><strong>Teklif<\/strong> almak veya <strong>end\u00fcstriyel hava \u015fartland\u0131rma \u00e7\u00f6z\u00fcmlerinin uygulanmas\u0131n\u0131<\/strong> g\u00f6r\u00fc\u015fmek i\u00e7in l\u00fctfen bizimle ileti\u015fime ge\u00e7mekten \u00e7ekinmeyin.<\/p>\n\n<p>Daha fazla bilgi: <a href=\"https:\/\/obera.fr\/conseils\/traitement-air-industriel-guide-complet\/\" data-type=\"post\" data-id=\"1420\">End\u00fcstriyel hava \u015fartland\u0131rma i\u00e7in eksiksiz k\u0131lavuz<\/a>.<\/p>\n","protected":false},"excerpt":{"rendered":"<p>\u0130\u00e7 mekan hava kalitesi (IAQ) te\u015fhisi, halka a\u00e7\u0131k t\u00fcm kurulu\u015flar i\u00e7in zorunludur ve uygun bir eylem plan\u0131 olu\u015fturulabilmesi i\u00e7in mevcut duruma genel bir bak\u0131\u015f sa\u011flar. IAQ te\u015fhisinde hangi kirleticiler aran\u0131r? End\u00fcstriyel binalarda i\u00e7 hava kalitesi neden ve nas\u0131l izlenmelidir?    <\/p>\n","protected":false},"author":4,"featured_media":96588,"comment_status":"open","ping_status":"closed","sticky":false,"template":"","format":"standard","meta":{"_acf_changed":false,"_seopress_robots_primary_cat":"none","_seopress_titles_title":"Diagnostic qualit\u00e9 de l'air int\u00e9rieur pour les industriels","_seopress_titles_desc":"Obligatoire pour les \u00e9tablissements recevant du public, le diagnostic qualit\u00e9 de l'air int\u00e9rieur (QAI) dresse un \u00e9tat des lieux afin d'envisager un plan d'action appropri\u00e9.","_seopress_robots_index":"","footnotes":""},"categories":[299],"tags":[],"class_list":["post-67638","post","type-post","status-publish","format-standard","has-post-thumbnail","hentry","category-bizim-tavsiyemiz","generate-columns","tablet-grid-50","mobile-grid-100","grid-parent","grid-50","no-featured-image-padding","resize-featured-image"],"acf":[],"_links":{"self":[{"href":"https:\/\/obera.fr\/tr\/wp-json\/wp\/v2\/posts\/67638","targetHints":{"allow":["GET"]}}],"collection":[{"href":"https:\/\/obera.fr\/tr\/wp-json\/wp\/v2\/posts"}],"about":[{"href":"https:\/\/obera.fr\/tr\/wp-json\/wp\/v2\/types\/post"}],"author":[{"embeddable":true,"href":"https:\/\/obera.fr\/tr\/wp-json\/wp\/v2\/users\/4"}],"replies":[{"embeddable":true,"href":"https:\/\/obera.fr\/tr\/wp-json\/wp\/v2\/comments?post=67638"}],"version-history":[{"count":2,"href":"https:\/\/obera.fr\/tr\/wp-json\/wp\/v2\/posts\/67638\/revisions"}],"predecessor-version":[{"id":96595,"href":"https:\/\/obera.fr\/tr\/wp-json\/wp\/v2\/posts\/67638\/revisions\/96595"}],"wp:featuredmedia":[{"embeddable":true,"href":"https:\/\/obera.fr\/tr\/wp-json\/wp\/v2\/media\/96588"}],"wp:attachment":[{"href":"https:\/\/obera.fr\/tr\/wp-json\/wp\/v2\/media?parent=67638"}],"wp:term":[{"taxonomy":"category","embeddable":true,"href":"https:\/\/obera.fr\/tr\/wp-json\/wp\/v2\/categories?post=67638"},{"taxonomy":"post_tag","embeddable":true,"href":"https:\/\/obera.fr\/tr\/wp-json\/wp\/v2\/tags?post=67638"}],"curies":[{"name":"wp","href":"https:\/\/api.w.org\/{rel}","templated":true}]}}