{"id":67639,"date":"2021-05-18T19:28:45","date_gmt":"2021-05-18T17:28:45","guid":{"rendered":"https:\/\/obera.fr\/conseils\/analyse-qualite-l-air-interieur\/"},"modified":"2025-05-07T09:39:58","modified_gmt":"2025-05-07T07:39:58","slug":"analyse-qualite-l-air-interieur","status":"publish","type":"post","link":"https:\/\/obera.fr\/tr\/bizim-tavsiyemiz\/analyse-qualite-l-air-interieur\/","title":{"rendered":"\u0130\u00e7 mekan hava kalitesi analizi: tavsiyelerimiz"},"content":{"rendered":"\n<p>D\u00fcnya Sa\u011fl\u0131k \u00d6rg\u00fct\u00fc&#8217;ne g\u00f6re, hava kirlili\u011fi Fransa&#8217;da her y\u0131l yakla\u015f\u0131k 50.000 ki\u015finin \u00f6l\u00fcm\u00fcne neden olmaktad\u0131r. Ve san\u0131lan\u0131n aksine, bir evin veya end\u00fcstriyel binan\u0131n i\u00e7indeki hava, d\u0131\u015far\u0131daki havadan 10 kat daha kirli olabilir!   <\/p>\n\n<p>Bu nedenle, i\u015fyerinde <a href=\"https:\/\/obera.fr\/tr\/bizim-tavsiyemiz\/qualite-l-air-interieur-critere-essentiel-industrie\/\" data-type=\"URL\" data-id=\"https:\/\/obera.fr\/conseils\/qualite-l-air-interieur-critere-essentiel-industrie\/\">i\u00e7 mekan hava kalitesinin<\/a> analiz edilmesi, \u00e7al\u0131\u015fan sa\u011fl\u0131\u011f\u0131 i\u00e7in b\u00fcy\u00fck bir zorluktur.  <\/p>\n\n<p>\u0130\u00e7 ortam kirlili\u011finin kaynaklar\u0131 nelerdir? <strong>\u0130\u00e7 mekan hava kalitesinin izlenmesi<\/strong> zorunlu mudur? <strong>\u0130\u00e7 mekan hava kalitesi<\/strong> nas\u0131l <strong>\u00f6l\u00e7\u00fcl\u00fcr<\/strong>? Mevzuata uygun sa\u011fl\u0131kl\u0131 bir \u00e7al\u0131\u015fma ortam\u0131 i\u00e7in tavsiyelerimizi ke\u015ffedin.   <\/p>\n\n<h2 class=\"wp-block-heading\" id=\"quelles-sont-les-sources-de-pollution-de-l-air-interieur\">\u0130\u00e7 mekan hava kirlili\u011finin kaynaklar\u0131 nelerdir?<\/h2>\n\n<p>Kapal\u0131 bir alanda (ev, end\u00fcstriyel bina, halka a\u00e7\u0131k kurulu\u015f)<strong>i\u00e7 mekan hava kalitesinin analizi<\/strong>, <strong>kirleticilerin aranmas\u0131na ve fiziksel b\u00fcy\u00fckl\u00fcklerin<\/strong> (s\u0131cakl\u0131k, nem, bas\u0131n\u00e7 vb.) <strong>\u00f6l\u00e7\u00fclmesine<\/strong> dayan\u0131r.<\/p>\n\n<h3 class=\"wp-block-heading\" id=\"les-particules-et-composes-organiques-volatils-cov\">Partik\u00fcller ve u\u00e7ucu organik bile\u015fikler (VOC&#8217;ler)<\/h3>\n\n<p>\u0130n\u015faat malzemeleri, temizlik \u00fcr\u00fcnleri ve binalardaki havaland\u0131rma eksikli\u011fi, i\u015fyerindeki kirlilik kaynaklar\u0131d\u0131r. <strong>\u0130\u00e7 Ortam Hava Kalitesi (IAQ) te\u015fhisi<\/strong>, iki t\u00fcr kirletici konsantrasyonunun de\u011ferlendirilmesine dayan\u0131r: <\/p>\n\n<ul class=\"wp-block-list\">\n<li><strong>U\u00e7ucu organik bile\u015fikler (VOC<\/strong> &#8216;ler): kokular, formaldehit gibi kimyasal \u00fcr\u00fcnlerden \u00e7\u0131kan buharlar;<\/li>\n\n\n\n<li><strong>kat\u0131 veya s\u0131v\u0131 partik\u00fcller<\/strong>: toz, aerosoller ve biyolojik bile\u015fikler (mikroplar, k\u00fcf vb.).<\/li>\n<\/ul>\n\n<blockquote class=\"wp-block-quote is-layout-flow wp-block-quote-is-layout-flow\">\n<p>\u0130\u00e7 mekan hava kirlili\u011fi, <strong>\u00e7al\u0131\u015fanlar\u0131n ve \u00e7evrenin sa\u011fl\u0131\u011f\u0131 i\u00e7in bir tehdittir<\/strong>. Formaldehit kanserojen bir maddedir ve VOC&#8217;ler sera etkisine katk\u0131da bulunur. <\/p>\n<\/blockquote>\n\n<h3 class=\"wp-block-heading\" id=\"des-valeurs-de-temperature-et-d-humidite-excessives\">A\u015f\u0131r\u0131 s\u0131cakl\u0131k ve nem seviyeleri<\/h3>\n\n<p>\u0130\u00e7 mekan hava kalitesi analizi ayr\u0131ca <strong>s\u0131cakl\u0131k ve ba\u011f\u0131l nem \u00f6l\u00e7\u00fcmlerini<\/strong> de gerektirir. A\u015f\u0131r\u0131 \u0131s\u0131 veya nem, <strong>malzemelere ve bitmi\u015f \u00fcr\u00fcnlere zarar veren<\/strong> biyolojik kirleticilerin (k\u00fcf, bakteri) geli\u015fimini te\u015fvik eder. Ayr\u0131ca a\u015f\u0131r\u0131 s\u0131cakl\u0131k ve nem, VOC&#8217;lerin zararl\u0131 etkisini art\u0131r\u0131r ve <strong>\u00e7al\u0131\u015fma ortam\u0131n\u0131n bozulmas\u0131na katk\u0131da<\/strong> bulunur.  <\/p>\n\n<h2 class=\"wp-block-heading\" id=\"que-dit-la-loi-sur-la-surveillance-de-la-qualite-de-l-air-interieur\">\u0130\u00e7 mekan hava kalitesinin izlenmesi konusunda yasa ne diyor?<\/h2>\n\n<p>\u0130\u015fverenler, <strong>Mesleki Maruziyet S\u0131n\u0131r De\u011ferlerine (OEL&#8217;ler) uyarak<\/strong> ve i\u00e7 mekan hava kalitesi te\u015fhisi ger\u00e7ekle\u015ftirerek i\u00e7 mekan hava kalitesini analiz etmek i\u00e7in yasal bir y\u00fck\u00fcml\u00fcl\u00fc\u011fe sahiptir. <strong><a href=\"https:\/\/obera.fr\/tr\/bizim-tavsiyemiz\/qai-diagnostic-qualite-de-l-air-interieur-batiments-industriels\/\" data-type=\"URL\" data-id=\"https:\/\/obera.fr\/conseils\/qai-diagnostic-qualite-de-l-air-interieur-batiments-industriels\/\">i\u0307\u00e7 mekan hava kali\u0307tesi\u0307 te\u015fhi\u0307si\u0307ni\u0307n kurulmasi<\/a><\/strong>.<\/p>\n\n<h3 class=\"wp-block-heading\" id=\"valeurs-limites-d-exposition-professionnelle\">Mesleki maruziyet s\u0131n\u0131r de\u011ferleri<\/h3>\n\n<p>Frans\u0131z \u0130\u015f Kanunu, bir operat\u00f6r\u00fcn sa\u011fl\u0131\u011f\u0131 \u00fczerinde herhangi bir etkisi olmaks\u0131z\u0131n maruz kalabilece\u011fi <strong>maksimum kirletici veya partik\u00fcl seviyelerine<\/strong> kar\u015f\u0131l\u0131k gelen Mesleki Maruziyet S\u0131n\u0131r De\u011ferlerini (OELV&#8217;ler) belirler. OELV&#8217;ler a\u015f\u0131l\u0131rsa, \u00e7al\u0131\u015fan\u0131n maruziyetini azaltmak i\u00e7in \u00f6nlemler al\u0131nana kadar i\u015f istasyonu ask\u0131ya al\u0131n\u0131r. <\/p>\n\n<h3 class=\"wp-block-heading\" id=\"diagnostic-qualite-de-l-air-interieur\">\u0130\u00e7 mekan hava kalitesi te\u015fhisi<\/h3>\n\n<p>\u00c7evreye y\u00f6nelik ulusal taahh\u00fcde ili\u015fkin &#8220;Grenelle 2&#8221; yasas\u0131n\u0131n bir par\u00e7as\u0131 olarak, Fransa&#8217;da \u00e7ocuklar taraf\u0131ndan kullan\u0131lan binalar (kre\u015fler ve ilkokullar, e\u011flence merkezleri ve ortaokullar) i\u00e7in i\u00e7 mekan hava kalitesi (IAQ) testi zorunludur. <strong>Ocak 2023&#8217;ten itibaren, IAQ testi kamuya a\u00e7\u0131k t\u00fcm binalar\u0131 (ERP)<\/strong>, yani personel d\u0131\u015f\u0131ndaki ziyaret\u00e7ilere a\u00e7\u0131k olanlar\u0131 kapsayacak \u015fekilde <strong>geni\u015fletilecektir<\/strong>.<\/p>\n\n<h2 class=\"wp-block-heading\" id=\"comment-realiser-l-analyse-de-la-qualite-de-l-air-interieur\">\u0130\u00e7 mekan hava kalitesi nas\u0131l analiz edilir?<\/h2>\n\n<p>\u0130\u00e7 mekan hava kalitesi, <strong>bir profesyonelin tavsiyesi<\/strong> \u00fczerine <strong>\u00f6zel \u00f6l\u00e7\u00fcm ekipmanlar\u0131<\/strong> kullan\u0131larak izlenir.<\/p>\n\n<h3 class=\"wp-block-heading\" id=\"les-appareils-de-mesure-de-la-pollution-de-l-air\">Hava kirlili\u011fi \u00f6l\u00e7\u00fcm ekipmanlar\u0131<\/h3>\n\n<p>\u0130\u00e7 mekan hava kalitesi analizi, kirleticileri aramak ve bir binan\u0131n her odas\u0131ndaki konsantrasyonlar\u0131n\u0131 \u00f6l\u00e7mek i\u00e7in \u00f6zel olarak tasarlanm\u0131\u015f ekipman gerektirir. <a href=\"https:\/\/obera.fr\/conseils\/traitement-air-industriel-guide-complet\/\" data-type=\"URL\" data-id=\"https:\/\/obera.fr\/conseils\/traitement-air-industriel-guide-complet\/\">End\u00fcstriyel hava \u015fartland\u0131rma konusunda uzman<\/a> olan OBERA, \u00e7e\u015fitli <strong>partik\u00fcl saya\u00e7lar\u0131 ve hava analiz\u00f6rleri<\/strong> sunmaktad\u0131r. Bu t\u00fcr ekipmanlar, kurulu\u015funuzun i\u00e7indeki hava kalitesinin s\u00fcrekli olarak izlenmesini sa\u011flar: <\/p>\n\n<ul class=\"wp-block-list\">\n<li><strong>u\u00e7ucu organik bile\u015fiklerin (VOC<\/strong> &#8216;ler) ve karbondioksitin (CO2) tespiti;<\/li>\n\n\n\n<li><strong>Toz ve partik\u00fcllerin<\/strong> (PM 0.3 ila PM 10) nicel ve nitel analizi;<\/li>\n\n\n\n<li><strong>s\u0131cakl\u0131k ve ba\u011f\u0131l nem de\u011ferlerini<\/strong> \u00f6l\u00e7er.<\/li>\n<\/ul>\n\n<p><strong>Verilerin ger\u00e7ek zamanl\u0131 analizi<\/strong>, Mesleki Maruziyet S\u0131n\u0131r De\u011ferlerine uymak i\u00e7in h\u0131zl\u0131 bir \u015fekilde d\u00fczeltici \u00f6nlem al\u0131nabilece\u011fi (havaland\u0131rma, hava i\u015fleme) anlam\u0131na gelir.<\/p>\n\n<h3 class=\"wp-block-heading\" id=\"nos-conseils-pour-des-analyses-qai-efficaces\">Etkili IAQ analizleri i\u00e7in tavsiyelerimiz<\/h3>\n\n<p>Grenelle 2 yasas\u0131 kapsam\u0131ndaki halka a\u00e7\u0131k kurulu\u015flar (ERP), IAQ te\u015fhislerini yeminli bir uzmana yapt\u0131rmal\u0131d\u0131r. Her durumda, <strong>bir hava kalitesi uzman\u0131na ba\u015fvurulmas\u0131<\/strong> tavsiye edilir. <a href=\"https:\/\/obera.fr\/conseils\/mesure-de-la-qualite-de-l-air-interieur-interet-principe\/\" data-type=\"URL\" data-id=\"https:\/\/obera.fr\/conseils\/mesure-de-la-qualite-de-l-air-interieur-interet-principe\/\">\u0130\u00e7 mekan hava kalitesi \u00f6l\u00e7\u00fcm<\/a> hizmetleri sunuyoruz ve bir end\u00fcstriyel hava \u015fartland\u0131rma sistemi kurman\u0131za yard\u0131mc\u0131 olabiliriz.  <\/p>\n\n<blockquote class=\"wp-block-quote is-layout-flow wp-block-quote-is-layout-flow\">\n<p>\u0130htiya\u00e7lar\u0131n\u0131z\u0131 g\u00f6r\u00fc\u015fmek ve binan\u0131z\u0131n<strong>i\u00e7 hava kalitesini analiz etme<\/strong> konusunda tavsiye almak i\u00e7in <a href=\"https:\/\/obera.fr\/tr\/bize-ulasin\/\" data-type=\"page\" data-id=\"124\">bizimle ileti\u015fime<\/a> ge\u00e7in.<\/p>\n<\/blockquote>\n\n<p>Daha ileri gidin: <a href=\"https:\/\/obera.fr\/tr\/bizim-tavsiyemiz\/choisir-rafraichisseur-d-air-industriel-reguler-temperature\/\" data-type=\"URL\" data-id=\"https:\/\/obera.fr\/conseils\/choisir-rafraichisseur-d-air-industriel-reguler-temperature\/\">End\u00fcstriyel hava so\u011futucunuzu se\u00e7in<\/a>.  <\/p>\n","protected":false},"excerpt":{"rendered":"<p>\u0130\u00e7 ortam kirlili\u011finin kaynaklar\u0131 nelerdir? \u0130\u00e7 mekan hava kalitesinin izlenmesi zorunlu mudur? \u0130\u00e7 mekan hava kalitesi nas\u0131l \u00f6l\u00e7\u00fcl\u00fcr? Mevzuata uygun sa\u011fl\u0131kl\u0131 bir \u00e7al\u0131\u015fma ortam\u0131 i\u00e7in tavsiyelerimizi ke\u015ffedin.   <\/p>\n","protected":false},"author":4,"featured_media":98438,"comment_status":"open","ping_status":"closed","sticky":false,"template":"","format":"standard","meta":{"_acf_changed":false,"_seopress_robots_primary_cat":"none","_seopress_titles_title":"Comment am\u00e9liorer la qualit\u00e9 de l'air int\u00e9rieur de votre maison ?","_seopress_titles_desc":"D\u00e9couvrez nos conseils pour un environnement professionnel sain et conforme \u00e0 la l\u00e9gislation, l'analyse de la qualit\u00e9 de l'air int\u00e9rieur constituant un enjeu majeur.","_seopress_robots_index":"","footnotes":""},"categories":[299],"tags":[],"class_list":["post-67639","post","type-post","status-publish","format-standard","has-post-thumbnail","hentry","category-bizim-tavsiyemiz","generate-columns","tablet-grid-50","mobile-grid-100","grid-parent","grid-50","no-featured-image-padding","resize-featured-image"],"acf":[],"_links":{"self":[{"href":"https:\/\/obera.fr\/tr\/wp-json\/wp\/v2\/posts\/67639","targetHints":{"allow":["GET"]}}],"collection":[{"href":"https:\/\/obera.fr\/tr\/wp-json\/wp\/v2\/posts"}],"about":[{"href":"https:\/\/obera.fr\/tr\/wp-json\/wp\/v2\/types\/post"}],"author":[{"embeddable":true,"href":"https:\/\/obera.fr\/tr\/wp-json\/wp\/v2\/users\/4"}],"replies":[{"embeddable":true,"href":"https:\/\/obera.fr\/tr\/wp-json\/wp\/v2\/comments?post=67639"}],"version-history":[{"count":2,"href":"https:\/\/obera.fr\/tr\/wp-json\/wp\/v2\/posts\/67639\/revisions"}],"predecessor-version":[{"id":98455,"href":"https:\/\/obera.fr\/tr\/wp-json\/wp\/v2\/posts\/67639\/revisions\/98455"}],"wp:featuredmedia":[{"embeddable":true,"href":"https:\/\/obera.fr\/tr\/wp-json\/wp\/v2\/media\/98438"}],"wp:attachment":[{"href":"https:\/\/obera.fr\/tr\/wp-json\/wp\/v2\/media?parent=67639"}],"wp:term":[{"taxonomy":"category","embeddable":true,"href":"https:\/\/obera.fr\/tr\/wp-json\/wp\/v2\/categories?post=67639"},{"taxonomy":"post_tag","embeddable":true,"href":"https:\/\/obera.fr\/tr\/wp-json\/wp\/v2\/tags?post=67639"}],"curies":[{"name":"wp","href":"https:\/\/api.w.org\/{rel}","templated":true}]}}