{"id":72676,"date":"2025-03-11T15:30:59","date_gmt":"2025-03-11T13:30:59","guid":{"rendered":"https:\/\/obera.fr\/conseils\/rafraichisseur-air-basse-temperature\/"},"modified":"2025-04-14T15:08:54","modified_gmt":"2025-04-14T13:08:54","slug":"rafraichisseur-air-basse-temperature","status":"publish","type":"post","link":"https:\/\/obera.fr\/tr\/bizim-tavsiyemiz\/rafraichisseur-air-basse-temperature\/","title":{"rendered":"Oda s\u0131cakl\u0131\u011f\u0131n\u0131 d\u00fc\u015f\u00fcrmede d\u00fc\u015f\u00fck s\u0131cakl\u0131kl\u0131 hava so\u011futucular\u0131n\u0131n etkinli\u011fi"},"content":{"rendered":"\n<div class=\"wp-block-columns is-layout-flex wp-container-core-columns-is-layout-28f84493 wp-block-columns-is-layout-flex\">\n<div class=\"wp-block-column is-layout-flow wp-block-column-is-layout-flow\" style=\"flex-basis:66.66%\">\n<p><strong>Klima<\/strong> bir\u00e7ok i\u015fletmede pop\u00fcler bir \u00e7\u00f6z\u00fcm olmaya devam etse de, giderek daha fazla profesyonel s\u0131n\u0131rlar\u0131n\u0131n fark\u0131na var\u0131yor ve evaporatif hava so\u011futucular gibi daha verimli alternatiflere y\u00f6neliyor. <a href=\"https:\/\/obera.fr\/tr\/produits\/rafraichisseurs-air\/\">Adyabatik so\u011futma<\/a> konusunda uzman olan OberA, cihazlar\u0131n\u0131n <strong>end\u00fcstriyel binalar\u0131n i\u00e7indeki s\u0131cakl\u0131\u011f\u0131 d\u00fc\u015f\u00fcrmedeki<\/strong> etkinli\u011fini bir klima veya end\u00fcstriyel fan ile kar\u015f\u0131la\u015ft\u0131rmal\u0131 olarak sunuyor.<\/p>\n<\/div>\n\n\n\n<div class=\"wp-block-column is-layout-flow wp-block-column-is-layout-flow\" style=\"flex-basis:33.33%\">\n<figure class=\"wp-block-image aligncenter size-full is-resized\"><img decoding=\"async\" width=\"1200\" height=\"1003\" src=\"https:\/\/obera.fr\/wp-content\/uploads\/2024\/11\/gamme-ic-1.png\" alt=\"ic aral&#x131;&#x11F;&#x131;\" class=\"wp-image-49129\" style=\"width:311px;height:auto\" srcset=\"https:\/\/obera.fr\/wp-content\/uploads\/2024\/11\/gamme-ic-1.png 1200w, https:\/\/obera.fr\/wp-content\/uploads\/2024\/11\/gamme-ic-1-300x251.png 300w, https:\/\/obera.fr\/wp-content\/uploads\/2024\/11\/gamme-ic-1-1024x856.png 1024w, https:\/\/obera.fr\/wp-content\/uploads\/2024\/11\/gamme-ic-1-768x642.png 768w\" sizes=\"(max-width: 1200px) 100vw, 1200px\" \/><\/figure>\n<\/div>\n<\/div>\n\n<h2 class=\"wp-block-heading\">End\u00fcstriyel ortamlarda hava so\u011futma<\/h2>\n\n<h3 class=\"wp-block-heading\">Bir odan\u0131n s\u0131cakl\u0131\u011f\u0131n\u0131 d\u00fc\u015f\u00fcrmenin \u00fc\u00e7 yolu<\/h3>\n\n<p><strong>End\u00fcstriyel ortamlarda<\/strong> s\u0131cakl\u0131\u011f\u0131 d\u00fc\u015f\u00fcrmek i\u00e7in \u00fc\u00e7 ana \u00e7\u00f6z\u00fcm vard\u0131r: klima, fanlar ve hava so\u011futucular.<\/p>\n\n<p>Bir klima havay\u0131 so\u011futmak i\u00e7in bir kompres\u00f6r kullan\u0131r ve sabit bir s\u0131cakl\u0131\u011f\u0131 korumada etkilidir. Ancak<strong> kliman\u0131n<\/strong> kurulumu pahal\u0131d\u0131r ve \u00e7ok fazla enerji t\u00fcketir. \u00d6te yandan bir fan, havay\u0131 kar\u0131\u015ft\u0131rarak s\u0131cakl\u0131\u011f\u0131 d\u00fc\u015f\u00fcrmeden so\u011futma etkisi yarat\u0131r. <strong>Hava so\u011futucu her ikisinin de avantajlar\u0131n\u0131<\/strong> bir araya getirir. Bir klimadan daha az enerji t\u00fcketir, bir fandan daha etkili so\u011futma sa\u011flar ve \u00f6zellikle b\u00fcy\u00fck end\u00fcstriyel alanlar i\u00e7in uygundur.    <\/p>\n\n<h3 class=\"wp-block-heading\">Bir hava so\u011futucu nas\u0131l \u00e7al\u0131\u015f\u0131r?<\/h3>\n\n<div class=\"wp-block-columns is-layout-flex wp-container-core-columns-is-layout-28f84493 wp-block-columns-is-layout-flex\">\n<div class=\"wp-block-column is-layout-flow wp-block-column-is-layout-flow\" style=\"flex-basis:66.66%\">\n<p><a href=\"https:\/\/obera.fr\/conseils\/comment-fonctionne-un-rafraichisseur-adiabatique\/\"> So\u011futucu suyu buharla\u015ft\u0131rarak \u00e7al\u0131\u015f\u0131r<\/a>. Cihaz, s\u0131cak ortam havas\u0131n\u0131 yakalamak i\u00e7in dahili bir fan kullan\u0131r ve ard\u0131ndan bunu nemli bir ortamdan ge\u00e7irir. Su, ortamla temas etti\u011finde buharla\u015farak havadaki <strong>\u0131s\u0131y\u0131 emer<\/strong> ve s\u0131cakl\u0131\u011f\u0131n\u0131 d\u00fc\u015f\u00fcr\u00fcr. So\u011futulan hava daha sonra odaya geri \u00fcflenir, bu da \u00f6zellikle a\u015f\u0131r\u0131 \u0131s\u0131n\u0131n \u00e7al\u0131\u015fan verimlili\u011fini etkileyebilece\u011fi ortamlarda faydal\u0131d\u0131r.   <\/p>\n\n\n\n<p>Hava so\u011futucu, klima ve havaland\u0131rma sistemlerinin kurulumunun genellikle zor, uygunsuz ve pahal\u0131 oldu\u011fu at\u00f6lyeler, depolar veya hangarlar gibi<strong> geni\u015f a\u00e7\u0131k alanlar<\/strong> i\u00e7in m\u00fckemmeldir.<\/p>\n<\/div>\n\n\n\n<div class=\"wp-block-column is-layout-flow wp-block-column-is-layout-flow\" style=\"flex-basis:33.33%\">\n<figure class=\"wp-block-image aligncenter size-full is-resized\"><img decoding=\"async\" width=\"1000\" height=\"1000\" src=\"https:\/\/obera.fr\/wp-content\/uploads\/2022\/03\/Rafraichisseur-dair-par-evaporation.jpg\" alt=\"evaporatif hava so&#x11F;utucu\" class=\"wp-image-13253\" style=\"width:243px;height:auto\" srcset=\"https:\/\/obera.fr\/wp-content\/uploads\/2022\/03\/Rafraichisseur-dair-par-evaporation.jpg 1000w, https:\/\/obera.fr\/wp-content\/uploads\/2022\/03\/Rafraichisseur-dair-par-evaporation-300x300.jpg 300w, https:\/\/obera.fr\/wp-content\/uploads\/2022\/03\/Rafraichisseur-dair-par-evaporation-150x150.jpg 150w, https:\/\/obera.fr\/wp-content\/uploads\/2022\/03\/Rafraichisseur-dair-par-evaporation-768x768.jpg 768w\" sizes=\"(max-width: 1000px) 100vw, 1000px\" \/><\/figure>\n<\/div>\n<\/div>\n\n<h3 class=\"wp-block-heading\">Klima veya vantilat\u00f6re alternatif olarak neden bir hava so\u011futucu se\u00e7melisiniz?<\/h3>\n\n<ul class=\"wp-block-list\">\n<li>Klima ve fanlara g\u00f6re daha y\u00fcksek enerji verimlili\u011fi<\/li>\n<\/ul>\n\n<p>So\u011futucular d\u00fc\u015f\u00fck enerji t\u00fcketimleri ile \u00f6ne \u00e7\u0131karlar. Klimalar\u0131n aksine, bu cihazlar bir kompres\u00f6r kullanmaz ve kapal\u0131 bir alandaki havay\u0131 so\u011futmak i\u00e7in <strong>suyun buharla\u015fmas\u0131n\u0131n do\u011fal s\u00fcrecinden<\/strong> yararlan\u0131r, b\u00f6ylece elektrik t\u00fcketimlerini azalt\u0131r. \u00d6rne\u011fin, bir so\u011futucu bir kliman\u0131n enerjisinin yaln\u0131zca %10&#8217;unu kullan\u0131r. Bir fandan daha fazla enerji t\u00fcketmesine ra\u011fmen<strong>, daha verimli ve uzun \u00f6m\u00fcrl\u00fc so\u011futma<\/strong> sa\u011flayarak, s\u00fcrekli temiz hava ak\u0131\u015f\u0131 sa\u011flarken enerji t\u00fcketimlerini optimize etmek isteyen i\u015fletmeler i\u00e7in ideal bir \u00e7\u00f6z\u00fcmd\u00fcr.     <\/p>\n\n<ul class=\"wp-block-list\">\n<li>Bir klimadan daha d\u00fc\u015f\u00fck i\u015fletme maliyetleri  <\/li>\n<\/ul>\n\n<p>Enerji tasarruflu olmalar\u0131n\u0131n yan\u0131 s\u0131ra <strong>so\u011futucular\u0131n bak\u0131m\u0131 da ekonomiktir<\/strong>. Basit filtre ve bile\u015fen temizli\u011fi dahil olmak \u00fczere basitle\u015ftirilmi\u015f bak\u0131m, i\u015fletme maliyetlerini \u00f6nemli \u00f6l\u00e7\u00fcde azalt\u0131r. Kliman\u0131n da y\u00fcksek bir sat\u0131n alma fiyat\u0131na sahip oldu\u011fu geleneksel iklimlendirmenin aksine, evaporatif so\u011futucular daha uygun maliyetli bir alternatif sunar.  <\/p>\n\n<ul class=\"wp-block-list\">\n<li>So\u011futucu ile daha iyi i\u00e7 mekan hava kalitesi<\/li>\n<\/ul>\n\n<p>Oda spreyleri bir odan\u0131n s\u0131cakl\u0131\u011f\u0131n\u0131 d\u00fc\u015f\u00fcrmekten daha fazlas\u0131n\u0131 yapar: i\u00e7 mekan havas\u0131n\u0131 hafif\u00e7e nemlendirerek nem seviyesini %5 ila 10 oran\u0131nda art\u0131r\u0131r. Bu hafif nemlendirme <strong>\u00f6zellikle s\u0131cak ve kuru ortamlarda faydal\u0131<\/strong> olup, termal rahats\u0131zl\u0131\u011f\u0131 ve kuru havan\u0131n ho\u015f olmayan etkilerini azaltmaya yard\u0131mc\u0131 olur. Dahas\u0131, dahili filtre sayesinde bu \u00fcniteler havay\u0131 temizleyerek daha sa\u011fl\u0131kl\u0131 bir \u00e7al\u0131\u015fma ortam\u0131 sa\u011flar. Hava tazeleyiciler, sadece s\u0131cak ortam havas\u0131n\u0131 kar\u0131\u015ft\u0131ran <strong>basit fanlar\u0131n aksine<\/strong> hava kalitesini art\u0131r\u0131r.   <\/p>\n\n<ul class=\"wp-block-list\">\n<li>Klimay\u0131 de\u011fi\u015ftirmek i\u00e7in s\u00fcrd\u00fcr\u00fclebilir ve ekolojik bir \u00e7\u00f6z\u00fcm<\/li>\n<\/ul>\n\n<p>Evaporatif<strong> so\u011futucular<\/strong>, geleneksel klimalarda oldu\u011fu gibi<strong> so\u011futucu ak\u0131\u015fkanlar veya di\u011fer kimyasallar<\/strong> kullan\u0131lmadan do\u011fal bir s\u00fcrece dayan\u0131r. Bu da \u00e7ok daha k\u00fc\u00e7\u00fck bir \u00e7evresel ayak izine sahip olduklar\u0131 anlam\u0131na gelir. <strong>Geleneksel klimalar\u0131n<\/strong> kullan\u0131m\u0131n\u0131 s\u0131n\u0131rland\u0131ran bu so\u011futucular, termal konfor ve \u00e7evre korumay\u0131 birle\u015ftirmek isteyen \u015firketler i\u00e7in m\u00fckemmel \u015fekilde uygun olan ekolojik ve s\u00fcrd\u00fcr\u00fclebilir bir \u00e7\u00f6z\u00fcm\u00fc temsil eder.  <\/p>\n\n<h2 class=\"wp-block-heading\">Hava so\u011futucu performans\u0131<\/h2>\n\n<h3 class=\"wp-block-heading\">So\u011futucu ile g\u00f6zlemlenen ortalama s\u0131cakl\u0131k d\u00fc\u015f\u00fc\u015f\u00fc<\/h3>\n\n<p><strong>Evaporatif hava so\u011futucular\u0131<\/strong> ortam \u0131s\u0131s\u0131n\u0131 etkili bir \u015fekilde azaltmak i\u00e7in tasarlanm\u0131\u015ft\u0131r. \u00d6rne\u011fin, d\u0131\u015f ortam s\u0131cakl\u0131\u011f\u0131 35\u00b0C ve ba\u011f\u0131l nem %30 ise, so\u011futucudan \u00e7\u0131kan hava yakla\u015f\u0131k 10\u00b0C so\u011futularak 25\u00b0C civar\u0131nda bir s\u0131cakl\u0131\u011fa ula\u015fabilir ve mekana ho\u015f bir tazelik getirir. Bu <strong>so\u011futma olay\u0131<\/strong>, havadaki \u0131s\u0131y\u0131 emen ve ortam s\u0131cakl\u0131\u011f\u0131n\u0131 do\u011fal bir \u015fekilde kademeli olarak d\u00fc\u015f\u00fcren <strong>suyun buharla\u015fmas\u0131ndan kaynak<\/strong>lanmaktad\u0131r.  <\/p>\n\n<figure class=\"wp-block-image\"><img decoding=\"async\" width=\"969\" height=\"323\" src=\"https:\/\/obera.fr\/wp-content\/uploads\/2025\/03\/ad_4nxewcn86x7s_hgij2vsc0zft3mnp-ucxwx_02i9pisevfedkd3t6ohrdho5rdltrxn8_emeleomvhazkosq58lw0ynyi5gou6zs_fdodiomptsmsjrfe51wmt2yn13nteeto0vmz.png\" alt=\"\" class=\"wp-image-72057\" srcset=\"https:\/\/obera.fr\/wp-content\/uploads\/2025\/03\/ad_4nxewcn86x7s_hgij2vsc0zft3mnp-ucxwx_02i9pisevfedkd3t6ohrdho5rdltrxn8_emeleomvhazkosq58lw0ynyi5gou6zs_fdodiomptsmsjrfe51wmt2yn13nteeto0vmz.png 969w, https:\/\/obera.fr\/wp-content\/uploads\/2025\/03\/ad_4nxewcn86x7s_hgij2vsc0zft3mnp-ucxwx_02i9pisevfedkd3t6ohrdho5rdltrxn8_emeleomvhazkosq58lw0ynyi5gou6zs_fdodiomptsmsjrfe51wmt2yn13nteeto0vmz-300x100.png 300w, https:\/\/obera.fr\/wp-content\/uploads\/2025\/03\/ad_4nxewcn86x7s_hgij2vsc0zft3mnp-ucxwx_02i9pisevfedkd3t6ohrdho5rdltrxn8_emeleomvhazkosq58lw0ynyi5gou6zs_fdodiomptsmsjrfe51wmt2yn13nteeto0vmz-768x256.png 768w\" sizes=\"(max-width: 969px) 100vw, 969px\" \/><\/figure>\n\n<p>Ku\u015fkusuz, oda spreyleri s\u0131cakl\u0131\u011f\u0131 bir klimayla ayn\u0131 hassasiyette kontrol edemez, ancak<a href=\"https:\/\/obera.fr\/tr\/bizim-tavsiyemiz\/les-avantages-du-rafraichissement-adiabatique-dominent-largement-ses-inconvenients\/\">termal \u015foka neden olmama avantaj\u0131n\u0131<\/a> sunarlar. So\u011futma kapasiteleri, s\u0131cakl\u0131\u011f\u0131 d\u00fc\u015f\u00fcrmeden sadece havay\u0131 kar\u0131\u015ft\u0131ran basit bir fandan \u00e7ok daha etkilidir.   <\/p>\n\n<h3 class=\"wp-block-heading\">Maksimum verimlilik i\u00e7in optimum ko\u015fullar<\/h3>\n\n<p><strong>Bir hava so\u011futucunun<\/strong> s\u0131cakl\u0131\u011f\u0131 birka\u00e7 derece d\u00fc\u015f\u00fcrme <strong>kabiliyeti<\/strong>, en \u00f6nemlileri hava s\u0131cakl\u0131\u011f\u0131 ve nem olmak \u00fczere bir dizi fakt\u00f6re ba\u011fl\u0131d\u0131r. Hava ne kadar s\u0131cak ve kuru olursa so\u011futma etkisi de o kadar b\u00fcy\u00fck olur. Asl\u0131nda, s\u0131cakl\u0131k y\u00fcksek ve nem d\u00fc\u015f\u00fck oldu\u011funda,<strong>su buharla\u015fmas\u0131<\/strong> optimaldir. Bu olgu \u00f6zellikle havan\u0131n genellikle \u00e7ok s\u0131cak ve kuru oldu\u011fu end\u00fcstriyel ortamlarda etkilidir.   <\/p>\n\n<p>Ayr\u0131ca, bu ko\u015fullarda, \u00f6zellikle <strong>do\u011frudan adyabatik modellerde<\/strong> so\u011futucu taraf\u0131ndan enjekte edilen nemdeki hafif bir art\u0131\u015f, \u00f6zellikle \u00e7ok kuru ortamlarda veya klimal\u0131 alanlarda \u00e7al\u0131\u015fanlar\u0131n konforunu art\u0131r\u0131r. Hafif bir nem ilavesi atmosferi daha ho\u015f hale getirerek kuru havan\u0131n cilt ve solunum yollar\u0131 \u00fczerindeki etkilerini azalt\u0131r ve <strong>daha ho\u015f bir tazelik hissi<\/strong> sa\u011flar. <\/p>\n\n<h2 class=\"wp-block-heading\">Bir hava so\u011futucunun verimlili\u011fini etkileyen fakt\u00f6rler<\/h2>\n\n<h3 class=\"wp-block-heading\">Ba\u011f\u0131l hava nemi<\/h3>\n\n<p>Hava ne kadar kuru olursa, suyun buharla\u015fmas\u0131 da o kadar etkili olur. Hava su buhar\u0131 ile doyuruldu\u011funda, <strong>ilave nemi emme<\/strong> kapasitesi <strong>azal\u0131r<\/strong> ve bu da so\u011futma i\u015fleminin verimlili\u011fini azalt\u0131r. <\/p>\n\n<p>Teorik olarak, d\u0131\u015f s\u0131cakl\u0131k 35\u00b0C ve %20 nem oldu\u011funda, bir hava so\u011futucu hava s\u0131cakl\u0131\u011f\u0131n\u0131 yakla\u015f\u0131k 12\u00b0C d\u00fc\u015f\u00fcrebilir. Buna kar\u015f\u0131l\u0131k, nemin<strong> daha y\u00fcksek oldu\u011fu ko\u015fullarda<\/strong> (\u00f6rne\u011fin, %70 nem ile 30\u00b0C), s\u0131cakl\u0131ktaki d\u00fc\u015f\u00fc\u015f daha az belirgin olacak, genellikle yakla\u015f\u0131k 4 ila 5\u00b0C olacakt\u0131r.   <\/p>\n\n<p>Sonu\u00e7 olarak, daha az nemli hava daha iyi \u0131s\u0131 al\u0131\u015fveri\u015fini te\u015fvik ederek <strong>so\u011futma s\u00fcrecini daha h\u0131zl\u0131<\/strong> ve daha verimli hale getirir.<\/p>\n\n<h3 class=\"wp-block-heading\">\u0130lk oda s\u0131cakl\u0131\u011f\u0131<\/h3>\n\n<p>Oda s\u0131cakl\u0131\u011f\u0131n\u0131n evaporatif so\u011futman\u0131n verimlili\u011fi \u00fczerinde do\u011frudan bir etkisi vard\u0131r. Ortam \u0131s\u0131s\u0131 ne kadar y\u00fcksekse, \u00fcnitenin so\u011futma potansiyeli de o kadar y\u00fcksek olur ve bu da <strong>i\u00e7<\/strong> ortam <strong>s\u0131cakl\u0131\u011f\u0131nda<\/strong> daha b\u00fcy\u00fck bir d\u00fc\u015f\u00fc\u015fe neden olur. <\/p>\n\n<p>\u00d6rne\u011fin,<strong> ba\u015flang\u0131\u00e7<\/strong> \u0131s\u0131s\u0131 40\u00b0C ise, bir hava so\u011futucu hava s\u0131cakl\u0131\u011f\u0131n\u0131<strong> ba\u015flang\u0131\u00e7 s\u0131cakl\u0131\u011f\u0131n\u0131n 25\u00b0C oldu\u011fu<\/strong> duruma g\u00f6re daha belirgin bir \u015fekilde d\u00fc\u015f\u00fcrebilecektir. Teorik olarak, 40\u00b0C&#8217;lik bir ortamda, bir so\u011futucu havadaki \u0131s\u0131y\u0131 10 ila 12\u00b0C d\u00fc\u015f\u00fcrebilirken, 25\u00b0C&#8217;lik bir odada d\u00fc\u015f\u00fc\u015f daha az \u00f6nemli olacakt\u0131r, genellikle sadece birka\u00e7 derece. <\/p>\n\n<h3 class=\"wp-block-heading\">Tesisin hacmi ve y\u00fczey alan\u0131<\/h3>\n\n<p><strong>So\u011futulacak<\/strong> odan\u0131n hacmi ve y\u00fczey alan\u0131, <strong>bir hava so\u011futucunun performans\u0131n\u0131<\/strong> belirlerken dikkate al\u0131nmas\u0131 gereken \u00f6nemli fakt\u00f6rlerdir. Sistemin havay\u0131 so\u011futma kabiliyeti do\u011frudan kaplamas\u0131 gereken alana ba\u011fl\u0131d\u0131r. <\/p>\n\n<p>B\u00fcy\u00fck bir at\u00f6lye veya depoda, havan\u0131n daha geni\u015f bir alanda dola\u015fmas\u0131 gerekir; bu da <strong>serinli\u011fin e\u015fit da\u011f\u0131l\u0131m\u0131n\u0131<\/strong> sa\u011flamak i\u00e7in daha g\u00fc\u00e7l\u00fc bir so\u011futucu veya birka\u00e7 \u00fcnite gerektirebilir. \u00d6rne\u011fin, y\u00fcksek tavanl\u0131 100 m\u00b2&#8217;lik bir odada konforlu bir ortam sa\u011flamak i\u00e7in tek bir so\u011futucu yeterli olmayabilir. Bu durumda, havay\u0131 etkili ve e\u015fit bir \u015fekilde i\u015flemek i\u00e7in genellikle birka\u00e7 \u00fcniteye ihtiya\u00e7 duyulur.  <\/p>\n\n<p>Buna kar\u015f\u0131l\u0131k, 20 ila 30 m\u00b2&#8217;lik k\u00fc\u00e7\u00fck bir odada genellikle tek bir hava so\u011futucu yeterli olacakt\u0131r.<\/p>\n\n<p>Hava so\u011futucu, maksimum verimlilik ve optimum konfor sa\u011flamak i\u00e7in odan\u0131n y\u00fczey alan\u0131 ve hacmine g\u00f6re do\u011fru \u015fekilde boyutland\u0131r\u0131lmal\u0131d\u0131r.<\/p>\n\n<figure class=\"wp-block-image aligncenter size-large is-resized\"><img decoding=\"async\" width=\"1024\" height=\"1024\" src=\"https:\/\/obera.fr\/wp-content\/uploads\/2025\/03\/conseil-raf-1024x1024.png\" alt=\"raf tavsi&#x307;yesi&#x307;\" class=\"wp-image-77456\" style=\"width:178px;height:auto\" srcset=\"https:\/\/obera.fr\/wp-content\/uploads\/2025\/03\/conseil-raf-1024x1024.png 1024w, https:\/\/obera.fr\/wp-content\/uploads\/2025\/03\/conseil-raf-300x300.png 300w, https:\/\/obera.fr\/wp-content\/uploads\/2025\/03\/conseil-raf-150x150.png 150w, https:\/\/obera.fr\/wp-content\/uploads\/2025\/03\/conseil-raf-768x768.png 768w, https:\/\/obera.fr\/wp-content\/uploads\/2025\/03\/conseil-raf.png 1200w\" sizes=\"(max-width: 1024px) 100vw, 1024px\" \/><\/figure>\n\n<h2 class=\"wp-block-heading\">S\u0131cakl\u0131k d\u00fc\u015f\u00fc\u015f\u00fcn\u00fc en \u00fcst d\u00fczeye \u00e7\u0131karmak i\u00e7in ipu\u00e7lar\u0131<\/h2>\n\n<h3 class=\"wp-block-heading\">Cihaz\u0131n stratejik konumland\u0131r\u0131lmas\u0131<\/h3>\n\n<p><strong>So\u011futma g\u00fcc\u00fcn\u00fc en \u00fcst<\/strong> d\u00fczeye \u00e7\u0131karmak i\u00e7in, cihaz do\u011fru \u015fekilde konumland\u0131r\u0131lmal\u0131d\u0131r, \u00f6zellikle de<strong> <\/strong>odaya yerle\u015ftirin. S\u0131cak havan\u0131n fan taraf\u0131ndan kolayca \u00e7ekilebilece\u011fi bir yere yerle\u015ftirin. Ayr\u0131ca, iyi bir hava sirk\u00fclasyonu sa\u011flamak i\u00e7in cihaz\u0131n mobilya veya makine gibi engeller taraf\u0131ndan engellenmedi\u011finden emin olun.    <\/p>\n\n<h3 class=\"wp-block-heading\">So\u011fuk su veya buz k\u00fcpleri kullan\u0131m\u0131<\/h3>\n\n<p><strong>So\u011futucu haznesinde<\/strong> so\u011fuk su kullanmak <strong>so\u011futma yo\u011funlu\u011funu art\u0131rabilir<\/strong>. So\u011fuk su buharla\u015fmay\u0131 h\u0131zland\u0131r\u0131r ve hava s\u0131cakl\u0131\u011f\u0131n\u0131 daha \u00e7abuk d\u00fc\u015f\u00fcr\u00fcr. Benzer \u015fekilde, hazneye birka\u00e7 buz k\u00fcp\u00fc eklemek ekstra so\u011futma sa\u011flayabilir ve cihaz\u0131n performans\u0131n\u0131 art\u0131rabilir. Bu k\u00fc\u00e7\u00fck ayar, so\u011futma sisteminin etkisini art\u0131r\u0131r.   <\/p>\n\n<h3 class=\"wp-block-heading\">Havaland\u0131rman\u0131n ve odan\u0131n havaland\u0131r\u0131lmas\u0131n\u0131n \u00f6nemi<\/h3>\n\n<p>Optimum hava sirk\u00fclasyonunu sa\u011flamak ve \u0131s\u0131n\u0131n durgunla\u015fmas\u0131n\u0131 \u00f6nlemek i\u00e7in odan\u0131n iyi havaland\u0131r\u0131lmas\u0131 ve d\u00fczenli olarak havaland\u0131r\u0131lmas\u0131 \u015fartt\u0131r. \u0130yi havaland\u0131r\u0131lan bir oda, klimalar ve end\u00fcstriyel fanlar\u0131n aksine<strong> hava so\u011futucunun<\/strong> en iyi \u015fekilde<strong> \u00e7al\u0131\u015fmas\u0131n\u0131<\/strong> sa\u011flar. <\/p>\n\n<h3 class=\"wp-block-heading\">Cihaz\u0131n\u0131z\u0131n performans\u0131n\u0131 optimize etmek i\u00e7in d\u00fczenli bak\u0131m<\/h3>\n\n<p><strong>Cihaz\u0131n\u0131zdan maksimum performans<\/strong> elde etmek i\u00e7in d\u00fczenli bak\u0131m \u015fartt\u0131r. Klimalar\u0131n aksine oda spreyleri, \u00f6zellikle filtrelerin ve haznenin basit ama s\u0131k s\u0131k temizlenmesini gerektirir. Ayr\u0131ca fan\u0131n d\u00fczg\u00fcn \u00e7al\u0131\u015ft\u0131\u011f\u0131ndan ve<strong> hava ak\u0131\u015f\u0131n\u0131n sabit kald\u0131\u011f\u0131ndan<\/strong> emin olmal\u0131s\u0131n\u0131z. Is\u0131tma sezonu boyunca, dayan\u0131kl\u0131l\u0131\u011f\u0131n\u0131 korumak i\u00e7in so\u011futucuyu kuru bir yerde saklaman\u0131z tavsiye edilir.   <\/p>\n","protected":false},"excerpt":{"rendered":"<p>Klima bir\u00e7ok i\u015fletmede pop\u00fcler bir \u00e7\u00f6z\u00fcm olmaya devam etse de, giderek daha fazla profesyonel s\u0131n\u0131rlar\u0131n\u0131n fark\u0131na var\u0131yor ve evaporatif hava so\u011futucular gibi daha verimli alternatiflere y\u00f6neliyor.<\/p>\n","protected":false},"author":13,"featured_media":80734,"comment_status":"open","ping_status":"closed","sticky":false,"template":"","format":"standard","meta":{"_acf_changed":false,"_seopress_robots_primary_cat":"none","_seopress_titles_title":"Rafra\u00eechisseur d\u2019air basse temp\u00e9rature : solution efficace et \u00e9conomique","_seopress_titles_desc":"Le rafra\u00eechisseur d\u2019air basse temp\u00e9rature offre un refroidissement efficace, \u00e9conomique et \u00e9cologique en milieu industriel, en alternative aux climatiseurs.","_seopress_robots_index":"","footnotes":""},"categories":[299],"tags":[],"class_list":["post-72676","post","type-post","status-publish","format-standard","has-post-thumbnail","hentry","category-bizim-tavsiyemiz","generate-columns","tablet-grid-50","mobile-grid-100","grid-parent","grid-50","no-featured-image-padding","resize-featured-image"],"acf":[],"_links":{"self":[{"href":"https:\/\/obera.fr\/tr\/wp-json\/wp\/v2\/posts\/72676","targetHints":{"allow":["GET"]}}],"collection":[{"href":"https:\/\/obera.fr\/tr\/wp-json\/wp\/v2\/posts"}],"about":[{"href":"https:\/\/obera.fr\/tr\/wp-json\/wp\/v2\/types\/post"}],"author":[{"embeddable":true,"href":"https:\/\/obera.fr\/tr\/wp-json\/wp\/v2\/users\/13"}],"replies":[{"embeddable":true,"href":"https:\/\/obera.fr\/tr\/wp-json\/wp\/v2\/comments?post=72676"}],"version-history":[{"count":4,"href":"https:\/\/obera.fr\/tr\/wp-json\/wp\/v2\/posts\/72676\/revisions"}],"predecessor-version":[{"id":77832,"href":"https:\/\/obera.fr\/tr\/wp-json\/wp\/v2\/posts\/72676\/revisions\/77832"}],"wp:featuredmedia":[{"embeddable":true,"href":"https:\/\/obera.fr\/tr\/wp-json\/wp\/v2\/media\/80734"}],"wp:attachment":[{"href":"https:\/\/obera.fr\/tr\/wp-json\/wp\/v2\/media?parent=72676"}],"wp:term":[{"taxonomy":"category","embeddable":true,"href":"https:\/\/obera.fr\/tr\/wp-json\/wp\/v2\/categories?post=72676"},{"taxonomy":"post_tag","embeddable":true,"href":"https:\/\/obera.fr\/tr\/wp-json\/wp\/v2\/tags?post=72676"}],"curies":[{"name":"wp","href":"https:\/\/api.w.org\/{rel}","templated":true}]}}