{"id":78274,"date":"2025-03-31T11:36:11","date_gmt":"2025-03-31T09:36:11","guid":{"rendered":"https:\/\/obera.fr\/conseils\/traitement-blanchisseries-industrielles-rafraichissement\/"},"modified":"2025-04-14T11:20:17","modified_gmt":"2025-04-14T09:20:17","slug":"traitement-blanchisseries-industrielles-rafraichissement","status":"publish","type":"post","link":"https:\/\/obera.fr\/tr\/bizim-tavsiyemiz\/traitement-blanchisseries-industrielles-rafraichissement\/","title":{"rendered":"End\u00fcstriyel \u00e7ama\u015f\u0131rhanelerde hava \u015fartland\u0131rma: Obera&#8217;dan so\u011futma \u00e7\u00f6z\u00fcmleri"},"content":{"rendered":"\n<h2 class=\"wp-block-heading\">End\u00fcstriyel \u00e7ama\u015f\u0131rhanelerde hava \u015fartland\u0131rma neden gereklidir?<\/h2>\n\n<div class=\"wp-block-columns is-layout-flex wp-container-core-columns-is-layout-28f84493 wp-block-columns-is-layout-flex\">\n<div class=\"wp-block-column is-layout-flow wp-block-column-is-layout-flow\" style=\"flex-basis:66.66%\">\n<p>End\u00fcstriyel \u00e7ama\u015f\u0131rhanelerde, kontroll\u00fc hava i\u015fleme, ister d\u00fcz \u00e7ama\u015f\u0131rlar, ister profesyonel giysiler veya hastane \u00e7ama\u015f\u0131rlar\u0131 olsun, i\u015flenen \u00e7ama\u015f\u0131rlar\u0131n kalitesini garanti etmek, ayn\u0131 zamanda operat\u00f6rler i\u00e7in<strong> sa\u011fl\u0131kl\u0131 bir \u00e7al\u0131\u015fma ortam\u0131<\/strong> ve geli\u015fmi\u015f enerji verimlili\u011fi sa\u011flamak i\u00e7in gereklidir. Oteller, restoranlar, sa\u011fl\u0131k hizmetleri, havayollar\u0131, hapishaneler ve end\u00fcstriyel temizlik gibi \u00e7ok \u00e7e\u015fitli sekt\u00f6rlerde faaliyet g\u00f6steren \u00e7ama\u015f\u0131rhaneler, a\u015f\u0131r\u0131 s\u0131cak, s\u00fcrekli nem ve <strong>genellikle d\u00fc\u015f\u00fck hava kalitesi<\/strong> gibi belirli sorunlarla ba\u015fa \u00e7\u0131kmak zorundad\u0131r.<\/p>\n\n\n\n<p><\/p>\n\n\n\n<p><strong>Y\u0131kay\u0131c\u0131 aspirat\u00f6rler<\/strong>, y\u0131kama t\u00fcnelleri, kurutma tamburlar\u0131, transfer kurutucular veya d\u00fcz terbiye makineleri <strong>gibi a\u011f\u0131r ekipmanlara<\/strong> dayal\u0131 bir faaliyette \u0131s\u0131 ve nem olu\u015fumu ka\u00e7\u0131n\u0131lmazd\u0131r. Uygun bir hava \u015fartland\u0131rma sistemi olmadan bu ko\u015fullar verimlili\u011fi, ekipman dayan\u0131kl\u0131l\u0131\u011f\u0131n\u0131 ve \u00f6zellikle <strong>kirli \u00e7ama\u015f\u0131r ay\u0131rma istasyonlar\u0131nda<\/strong>, besleyicilerde, katlay\u0131c\u0131larda veya di\u011fer son i\u015flem makinelerinde \u00e7al\u0131\u015fan operat\u00f6rlerin sa\u011fl\u0131\u011f\u0131n\u0131 olumsuz etkileyebilir. <\/p>\n<\/div>\n\n\n\n<div class=\"wp-block-column is-layout-flow wp-block-column-is-layout-flow\" style=\"flex-basis:33.33%\">\n<figure class=\"wp-block-image aligncenter size-large is-resized\"><img decoding=\"async\" width=\"1024\" height=\"1024\" src=\"https:\/\/obera.fr\/wp-content\/uploads\/2025\/03\/blanchisserie-1024x1024.png\" alt=\"&#xC7;ama&#x15F;&#x131;rhane\" class=\"wp-image-78551\" style=\"width:299px;height:auto\" srcset=\"https:\/\/obera.fr\/wp-content\/uploads\/2025\/03\/blanchisserie-1024x1024.png 1024w, https:\/\/obera.fr\/wp-content\/uploads\/2025\/03\/blanchisserie-300x300.png 300w, https:\/\/obera.fr\/wp-content\/uploads\/2025\/03\/blanchisserie-150x150.png 150w, https:\/\/obera.fr\/wp-content\/uploads\/2025\/03\/blanchisserie-768x768.png 768w, https:\/\/obera.fr\/wp-content\/uploads\/2025\/03\/blanchisserie.png 1200w\" sizes=\"(max-width: 1024px) 100vw, 1024px\" \/><\/figure>\n<\/div>\n<\/div>\n\n<h2 class=\"wp-block-heading\">\u00c7ama\u015f\u0131rhane sekt\u00f6r\u00fcndeki ba\u015fl\u0131ca hava zorluklar\u0131<\/h2>\n\n<ul class=\"wp-block-list\">\n<li><strong>A\u015f\u0131r\u0131 nem<\/strong>: K\u00fcf olu\u015fumunu destekler, \u00e7ama\u015f\u0131rlar\u0131n korunmas\u0131n\u0131 etkiler ve operat\u00f6rlerin sa\u011fl\u0131\u011f\u0131na zarar verir.<\/li>\n\n\n\n<li><strong>Y\u00fcksek s\u0131cakl\u0131klar<\/strong>: y\u0131kama, kurutma (tambur, kek k\u0131r\u0131c\u0131) ve \u00fct\u00fcleme d\u00f6ng\u00fcleri taraf\u0131ndan \u00fcretilen bu <strong>s\u0131cakl\u0131klar<\/strong> rahats\u0131z edici bir \u00e7al\u0131\u015fma ortam\u0131 yarat\u0131r.<\/li>\n\n\n\n<li><strong>K\u00f6t\u00fc hava kalitesi<\/strong>: Kokular\u0131n ve as\u0131l\u0131 partik\u00fcllerin birikmesi, \u00f6zellikle kirli \u00e7ama\u015f\u0131rlar\u0131n tasnif edildi\u011fi alanlarda \u00e7al\u0131\u015fanlar i\u00e7in sa\u011fl\u0131ks\u0131z ko\u015fullar riski.<\/li>\n<\/ul>\n\n<h2 class=\"wp-block-heading\">\u00c7\u00f6z\u00fcmlerimiz: etkili, eko-verimli hava i\u015fleme<\/h2>\n\n<p><strong>OberA<\/strong>&#8216;da, end\u00fcstriyel \u00e7ama\u015f\u0131rhane ortamlar\u0131 i\u00e7in havay\u0131 so\u011futmay\u0131, nemi d\u00fczenlemeyi ve enerji t\u00fcketimini optimize etmeyi m\u00fcmk\u00fcn k\u0131lan \u00f6zel \u00e7\u00f6z\u00fcmler geli\u015ftirdik.<\/p>\n\n<h3 class=\"wp-block-heading\">\u27a4 \u00c7ama\u015f\u0131rhanelerin ihtiya\u00e7lar\u0131na g\u00f6re tasarlanm\u0131\u015f end\u00fcstriyel hava so\u011futucular\u0131<\/h3>\n\n<p><a href=\"https:\/\/obera.fr\/tr\/produits\/rafraichisseurs-air\/\">So\u011futma sistemlerimiz<\/a>, yo\u011fun kullan\u0131ma maruz kalan alanlarda hassas nem kontrol\u00fc ve etkili havaland\u0131rma sa\u011flar: ay\u0131klama alanlar\u0131, terbiye alanlar\u0131 ve transfer kurutucular\u0131 ve tamburlar\u0131n \u00e7evresi. Do\u011fal olarak kurutma s\u00fcrecini h\u0131zland\u0131r\u0131r, tekstilleri korur ve ister ay\u0131klama, ister terbiye, ister ba\u011flama veya katlama yap\u0131yor olsunlar operat\u00f6rlerin \u00fczerindeki bask\u0131y\u0131 azalt\u0131rlar. <\/p>\n\n<p>Sundu\u011fumuz <strong>yo\u011fu\u015fmal\u0131<\/strong>, fan destekli veya s\u0131cak haval\u0131 <strong>\u00e7ama\u015f\u0131r kurutma makineleri<\/strong> gibi teknolojiler, i\u00e7 mekan hava kalitesini ve termal konforu iyile\u015ftirirken enerji t\u00fcketimini azaltmak i\u00e7in tasarlanm\u0131\u015ft\u0131r.<\/p>\n\n<h3 class=\"wp-block-heading\">\u27a4 Pureflow teknolojisi: performans ve dayan\u0131kl\u0131l\u0131k i\u00e7in yenilik<\/h3>\n\n<div class=\"wp-block-columns is-layout-flex wp-container-core-columns-is-layout-28f84493 wp-block-columns-is-layout-flex\">\n<div class=\"wp-block-column is-layout-flow wp-block-column-is-layout-flow\" style=\"flex-basis:66.66%\">\n<p>\u00d6zel <strong>Pureflow<\/strong> \u00f6n filtreleme sistemimiz adyabatik so\u011futucular\u0131m\u0131z\u0131n performans\u0131n\u0131 optimize ederken kullan\u0131m \u00f6m\u00fcrlerini de uzat\u0131r.<\/p>\n\n\n\n<ul class=\"wp-block-list\">\n<li><strong>Geli\u015fmi\u015f filtreleme<\/strong>: \u00c7ama\u015f\u0131rhanenin her yerinde sa\u011fl\u0131kl\u0131 hava i\u00e7in 100 \u00b5m partik\u00fcllerin %90&#8217;\u0131ndan fazlas\u0131n\u0131 (G4 filtre) ve 10 \u00b5m partik\u00fcllerin %99&#8217;una kadar\u0131n\u0131 (G4+F8 ePUR150 filtreleme) temizler.<\/li>\n\n\n\n<li><strong>Azalt\u0131lm\u0131\u015f bak\u0131m<\/strong>: Filtrelerin ve pompalar\u0131n t\u0131kanmas\u0131n\u0131 s\u0131n\u0131rland\u0131rarak Pureflow bak\u0131m i\u015flemlerinin s\u0131kl\u0131\u011f\u0131n\u0131 azalt\u0131r, i\u015fletme maliyetlerini d\u00fc\u015f\u00fcr\u00fcr ve tesislerin \u00f6mr\u00fcn\u00fc uzat\u0131r.<\/li>\n<\/ul>\n<\/div>\n\n\n\n<div class=\"wp-block-column is-layout-flow wp-block-column-is-layout-flow\" style=\"flex-basis:33.33%\">\n<figure class=\"wp-block-image alignleft size-full is-resized\"><img decoding=\"async\" width=\"290\" height=\"98\" src=\"https:\/\/obera.fr\/wp-content\/uploads\/2025\/02\/green-modern-marketing-logo.png\" alt=\"ye&#x15F;il modern pazarlama logosu\" class=\"wp-image-61494\" style=\"width:317px;height:auto\"\/><\/figure>\n<\/div>\n<\/div>\n\n<h2 class=\"wp-block-heading\">Vaka \u00e7al\u0131\u015fmalar\u0131: somut sonu\u00e7lar<\/h2>\n\n<ul class=\"wp-block-list\">\n<li><strong>5 y\u0131ld\u0131zl\u0131 otel<\/strong>: \u015eirket i\u00e7i \u00e7ama\u015f\u0131rhaneye hava so\u011futucular\u0131n\u0131n montaj\u0131. Sonu\u00e7lar: nemde \u00f6nemli \u00f6l\u00e7\u00fcde azalma, operat\u00f6rler i\u00e7in iyile\u015ftirilmi\u015f termal konfor ve azalt\u0131lm\u0131\u015f enerji maliyetleri. <\/li>\n\n\n\n<li><strong>Hastane<\/strong>: S\u0131cakl\u0131k ve nem kontrol sistemi kurulumu. Sonu\u00e7: HACCP standartlar\u0131na uyum, t\u0131bbi \u00e7ama\u015f\u0131rlar\u0131n daha iyi y\u00f6netimi ve operat\u00f6rler i\u00e7in optimize edilmi\u015f \u00e7al\u0131\u015fma ko\u015fullar\u0131. <\/li>\n\n\n\n<li><strong>Otomotiv end\u00fcstrisinde end\u00fcstriyel \u00e7ama\u015f\u0131rhane<\/strong>: Hava \u015fartland\u0131rma \u00e7\u00f6z\u00fcm\u00fcm\u00fcz sayesinde, keten i\u015fleme alan\u0131nda nem kontrol alt\u0131na al\u0131narak i\u015flenen ketenlerin kalitesi korunmu\u015f ve \u00fcretim operat\u00f6rleri i\u00e7in daha konforlu bir ortam yarat\u0131lm\u0131\u015ft\u0131r.<\/li>\n<\/ul>\n\n<h3 class=\"wp-block-heading\">OberA \u00e7\u00f6z\u00fcmlerinin faydalar\u0131<\/h3>\n\n<div class=\"wp-block-columns is-layout-flex wp-container-core-columns-is-layout-28f84493 wp-block-columns-is-layout-flex\">\n<div class=\"wp-block-column is-layout-flow wp-block-column-is-layout-flow\" style=\"flex-basis:66.66%\">\n<ul class=\"wp-block-list\">\n<li><strong>Operat\u00f6r konforu<\/strong>: keten ay\u0131klama, ta\u015f\u0131ma ve son i\u015flem alanlar\u0131nda d\u00fczenlenmi\u015f s\u0131cakl\u0131k.<\/li>\n\n\n\n<li><strong>Azalt\u0131lm\u0131\u015f enerji t\u00fcketimi<\/strong>: S\u0131cakl\u0131k ve nemin daha hassas kontrol\u00fc sayesinde geleneksel klimalara daha az ba\u011f\u0131ml\u0131l\u0131k.<\/li>\n\n\n\n<li><strong>\u00c7evreye sayg\u0131<\/strong>: Sistemlerimiz ISO 14001 ve REACH standartlar\u0131na uygundur.<\/li>\n\n\n\n<li>Daha <strong>fazla \u00fcretkenlik<\/strong>: Sabit ve konforlu bir ortam, ketenlerin tak\u0131lmas\u0131ndan son katlamaya kadar operat\u00f6r verimlili\u011fini <strong>art\u0131r\u0131r<\/strong>.<\/li>\n<\/ul>\n<\/div>\n\n\n\n<div class=\"wp-block-column is-layout-flow wp-block-column-is-layout-flow\" style=\"flex-basis:33.33%\">\n<figure class=\"wp-block-image aligncenter size-large is-resized\"><img decoding=\"async\" width=\"1024\" height=\"1024\" src=\"https:\/\/obera.fr\/wp-content\/uploads\/2025\/01\/image-avantages-1024x1024.jpg\" alt=\"g&#xF6;r&#xFC;nt&#xFC; avantajlar&#x131;\" class=\"wp-image-57732\" style=\"width:209px;height:auto\" srcset=\"https:\/\/obera.fr\/wp-content\/uploads\/2025\/01\/image-avantages-1024x1024.jpg 1024w, https:\/\/obera.fr\/wp-content\/uploads\/2025\/01\/image-avantages-300x300.jpg 300w, https:\/\/obera.fr\/wp-content\/uploads\/2025\/01\/image-avantages-150x150.jpg 150w, https:\/\/obera.fr\/wp-content\/uploads\/2025\/01\/image-avantages-768x768.jpg 768w, https:\/\/obera.fr\/wp-content\/uploads\/2025\/01\/image-avantages-400x400.jpg 400w, https:\/\/obera.fr\/wp-content\/uploads\/2025\/01\/image-avantages-600x600.jpg 600w, https:\/\/obera.fr\/wp-content\/uploads\/2025\/01\/image-avantages.jpg 1200w\" sizes=\"(max-width: 1024px) 100vw, 1024px\" \/><\/figure>\n<\/div>\n<\/div>\n\n<h3 class=\"wp-block-heading\"><strong>Verimlilik, dayan\u0131kl\u0131l\u0131k ve konfora yat\u0131r\u0131m<\/strong><\/h3>\n\n<p>End\u00fcstriyel \u00e7ama\u015f\u0131rhaneler b\u00fcy\u00fck termal k\u0131s\u0131tlamalarla kar\u015f\u0131 kar\u015f\u0131yad\u0131r.<strong>OberA<\/strong>&#8216;n\u0131nki gibi <strong>y\u00fcksek performansl\u0131<\/strong>, \u00e7evreye duyarl\u0131 <strong>hava so\u011futma sistemlerini<\/strong> tercih ederek, ister ay\u0131klama, ister terbiye, ister katlama ve ba\u011flama makinelerinde \u00e7al\u0131\u015f\u0131yor olsunlar, operat\u00f6rlerinin konforunu iyile\u015ftirmekle kalmaz, ayn\u0131 zamanda enerji performanslar\u0131n\u0131 ve keten i\u015flemenin genel kalitesini de optimize ederler. <\/p>\n\n<p><img decoding=\"async\" alt=\"&#x1F449;\" src=\"https:\/\/fonts.gstatic.com\/s\/e\/notoemoji\/16.0\/1f449\/32.png\"\/> \u00c7\u00f6z\u00fcmlerimizin \u00e7ama\u015f\u0131rhane ikliminizi nas\u0131l d\u00f6n\u00fc\u015ft\u00fcrebilece\u011fini \u00f6\u011frenmek i\u00e7in <strong>bizimle ileti\u015fime<\/strong> ge\u00e7in.<\/p>\n","protected":false},"excerpt":{"rendered":"<p>End\u00fcstriyel \u00e7ama\u015f\u0131rhanelerde kontroll\u00fc hava i\u015fleme, ister d\u00fcz \u00e7ama\u015f\u0131rlar, ister profesyonel giysiler veya hastane \u00e7ama\u015f\u0131rlar\u0131 olsun, i\u015flenen \u00e7ama\u015f\u0131rlar\u0131n kalitesini garanti ederken, operat\u00f6rler i\u00e7in sa\u011fl\u0131kl\u0131 bir \u00e7al\u0131\u015fma ortam\u0131 ve geli\u015fmi\u015f enerji verimlili\u011fi sa\u011flamak i\u00e7in gereklidir.  <\/p>\n","protected":false},"author":13,"featured_media":79856,"comment_status":"open","ping_status":"closed","sticky":false,"template":"","format":"standard","meta":{"_acf_changed":false,"_seopress_robots_primary_cat":"none","_seopress_titles_title":"Rafra\u00eechissement de l\u2019air en blanchisserie : solutions Obera","_seopress_titles_desc":"D\u00e9couvrez les solutions Obera pour le traitement et le rafra\u00eechissement de l\u2019air dans les blanchisseries industrielles, alliant confort et performance \u00e9nerg\u00e9tique.","_seopress_robots_index":"","footnotes":""},"categories":[299],"tags":[],"class_list":["post-78274","post","type-post","status-publish","format-standard","has-post-thumbnail","hentry","category-bizim-tavsiyemiz","generate-columns","tablet-grid-50","mobile-grid-100","grid-parent","grid-50","no-featured-image-padding","resize-featured-image"],"acf":[],"_links":{"self":[{"href":"https:\/\/obera.fr\/tr\/wp-json\/wp\/v2\/posts\/78274","targetHints":{"allow":["GET"]}}],"collection":[{"href":"https:\/\/obera.fr\/tr\/wp-json\/wp\/v2\/posts"}],"about":[{"href":"https:\/\/obera.fr\/tr\/wp-json\/wp\/v2\/types\/post"}],"author":[{"embeddable":true,"href":"https:\/\/obera.fr\/tr\/wp-json\/wp\/v2\/users\/13"}],"replies":[{"embeddable":true,"href":"https:\/\/obera.fr\/tr\/wp-json\/wp\/v2\/comments?post=78274"}],"version-history":[{"count":2,"href":"https:\/\/obera.fr\/tr\/wp-json\/wp\/v2\/posts\/78274\/revisions"}],"predecessor-version":[{"id":78586,"href":"https:\/\/obera.fr\/tr\/wp-json\/wp\/v2\/posts\/78274\/revisions\/78586"}],"wp:featuredmedia":[{"embeddable":true,"href":"https:\/\/obera.fr\/tr\/wp-json\/wp\/v2\/media\/79856"}],"wp:attachment":[{"href":"https:\/\/obera.fr\/tr\/wp-json\/wp\/v2\/media?parent=78274"}],"wp:term":[{"taxonomy":"category","embeddable":true,"href":"https:\/\/obera.fr\/tr\/wp-json\/wp\/v2\/categories?post=78274"},{"taxonomy":"post_tag","embeddable":true,"href":"https:\/\/obera.fr\/tr\/wp-json\/wp\/v2\/tags?post=78274"}],"curies":[{"name":"wp","href":"https:\/\/api.w.org\/{rel}","templated":true}]}}