{"id":79285,"date":"2025-04-07T09:52:13","date_gmt":"2025-04-07T07:52:13","guid":{"rendered":"https:\/\/obera.fr\/conseils\/dangers-pesticides-fleuristes\/"},"modified":"2025-08-29T09:54:51","modified_gmt":"2025-08-29T07:54:51","slug":"dangers-pesticides-fleuristes","status":"publish","type":"post","link":"https:\/\/obera.fr\/tr\/bizim-tavsiyemiz\/dangers-pesticides-fleuristes\/","title":{"rendered":"\u00c7i\u00e7ek\u00e7iler i\u00e7in pestisitlerin tehlikeleri ve hava temizli\u011finin \u00f6nemi"},"content":{"rendered":"\n<p><strong>G\u00fczelli\u011fin ve sevginin sembol\u00fc<\/strong> olan kesme \u00e7i\u00e7ekler, onlar\u0131 her g\u00fcn i\u015fleyen profesyoneller i\u00e7in endi\u015fe verici bir ger\u00e7e\u011fi gizler. Son zamanlarda yap\u0131lan ara\u015ft\u0131rmalar, buketlerin pestisitlerle yayg\u0131n bir \u015fekilde kirlendi\u011fini ve <strong>\u00e7i\u00e7ek\u00e7ileri <\/strong>\u00f6nemli <strong>sa\u011fl\u0131k risklerine maruz b\u0131rakt\u0131\u011f\u0131n\u0131 <\/strong>ortaya koymaktad\u0131r.<\/p>\n\n<h2 class=\"wp-block-heading\">Pestisit nedir?<\/h2>\n\n<p><\/p>\n\n<div class=\"wp-block-columns is-layout-flex wp-container-core-columns-is-layout-28f84493 wp-block-columns-is-layout-flex\">\n<div class=\"wp-block-column is-layout-flow wp-block-column-is-layout-flow\" style=\"flex-basis:66.66%\">\n<p>Pestisitler, bitkileri parazitlerden, hastal\u0131klardan ve yabani otlardan korumak i\u00e7in kullan\u0131lan kimyasal maddelerdir. Birka\u00e7 kategoriye ayr\u0131l\u0131rlar: b\u00f6cek ila\u00e7lar\u0131, mantar ila\u00e7lar\u0131, herbisitler, vb.   <\/p>\n\n\n\n<p><strong>Esas olarak tar\u0131msal \u00fcr\u00fcnlerde<\/strong> kullan\u0131lmalar\u0131na ra\u011fmen, \u00e7i\u00e7ek\u00e7ilikte de yayg\u0131n olarak kullan\u0131lmaktad\u0131rlar. G\u0131dan\u0131n aksine, \u00e7i\u00e7ekler insan t\u00fcketimine y\u00f6nelik de\u011fildir ve bu nedenle pestisit kal\u0131nt\u0131lar\u0131 konusunda ayn\u0131 kat\u0131 d\u00fczenlemelere tabi de\u011fildir. <\/p>\n<\/div>\n\n\n\n<div class=\"wp-block-column is-layout-flow wp-block-column-is-layout-flow\" style=\"flex-basis:33.33%\">\n<figure class=\"wp-block-image aligncenter size-large is-resized\"><img decoding=\"async\" width=\"1024\" height=\"1024\" src=\"https:\/\/obera.fr\/wp-content\/uploads\/2025\/04\/conseil-raf-1-1-1024x1024.png\" alt=\"raf konseyi (1)\" class=\"wp-image-79716\" style=\"width:244px;height:auto\" srcset=\"https:\/\/obera.fr\/wp-content\/uploads\/2025\/04\/conseil-raf-1-1-1024x1024.png 1024w, https:\/\/obera.fr\/wp-content\/uploads\/2025\/04\/conseil-raf-1-1-300x300.png 300w, https:\/\/obera.fr\/wp-content\/uploads\/2025\/04\/conseil-raf-1-1-150x150.png 150w, https:\/\/obera.fr\/wp-content\/uploads\/2025\/04\/conseil-raf-1-1-768x768.png 768w, https:\/\/obera.fr\/wp-content\/uploads\/2025\/04\/conseil-raf-1-1.png 1200w\" sizes=\"(max-width: 1024px) 100vw, 1024px\" \/><\/figure>\n<\/div>\n<\/div>\n\n<h2 class=\"wp-block-heading\">Kesme \u00e7i\u00e7eklerde endi\u015fe verici kirlenme<\/h2>\n\n<p>UFC-Que Choisir, ma\u011fazalardan, s\u00fcpermarketlerden ve internetten sat\u0131n al\u0131nan <strong>15 buket g\u00fcl<\/strong>, gerbera ve krizantem <strong>\u00fczerinde laboratuvar analizleri ger\u00e7ekle\u015ftirdi<\/strong>. Sonu\u00e7lar olduk\u00e7a \u00fcrk\u00fct\u00fcc\u00fcd\u00fcr: test edilen \u00e7i\u00e7eklerin %100&#8217;\u00fc kontamine olmu\u015f ve ayn\u0131 bukette 46 farkl\u0131 pestisit kal\u0131nt\u0131s\u0131na rastlanm\u0131\u015ft\u0131r. Bu maddelerden baz\u0131lar\u0131 kan\u0131tlanm\u0131\u015f kanserojen ve endokrin bozucu olarak kabul edilmekte olup, g\u00fcnl\u00fck olarak bu maddeleri kullanan <strong>\u00e7i\u00e7ek\u00e7ilerin sa\u011fl\u0131\u011f\u0131 i\u00e7in do\u011frudan bir tehdit<\/strong> olu\u015fturmaktad\u0131r.  <\/p>\n\n<h2 class=\"wp-block-heading\">Profesyoneller i\u00e7in kan\u0131tlanm\u0131\u015f sa\u011fl\u0131k riskleri<\/h2>\n\n<div class=\"wp-block-columns is-layout-flex wp-container-core-columns-is-layout-28f84493 wp-block-columns-is-layout-flex\">\n<div class=\"wp-block-column is-layout-flow wp-block-column-is-layout-flow\" style=\"flex-basis:66.66%\">\n<p>Bu maruziyetin sonu\u00e7lar\u0131 teorik de\u011fildir.<strong> Bir \u00e7i\u00e7ek\u00e7i olan annesinin do\u011fum \u00f6ncesi pestisitlere maruz kalmas\u0131yla ba\u011flant\u0131l\u0131 olarak<\/strong> 11 ya\u015f\u0131nda<strong> kanserden<\/strong> \u00f6len Emmy&#8217;nin trajik vakas\u0131 durumun ciddiyetini g\u00f6stermektedir. Bu trajedi, kesme \u00e7i\u00e7eklerdeki pestisit kal\u0131nt\u0131lar\u0131na ili\u015fkin kat\u0131 d\u00fczenlemelerin yoklu\u011funu ve sekt\u00f6rdeki profesyonellere y\u00f6nelik koruma eksikli\u011fini vurgulamaktad\u0131r.  <\/p>\n<\/div>\n\n\n\n<div class=\"wp-block-column is-layout-flow wp-block-column-is-layout-flow\" style=\"flex-basis:33.33%\">\n<figure class=\"wp-block-image alignleft size-large is-resized\"><img decoding=\"async\" width=\"1024\" height=\"1024\" src=\"https:\/\/obera.fr\/wp-content\/uploads\/2025\/03\/conseil-raf-1-1024x1024.png\" alt=\"Tehlikeye kar&#x15F;&#x131; dikkatli olun\" class=\"wp-image-77479\" style=\"width:140px;height:auto\" srcset=\"https:\/\/obera.fr\/wp-content\/uploads\/2025\/03\/conseil-raf-1-1024x1024.png 1024w, https:\/\/obera.fr\/wp-content\/uploads\/2025\/03\/conseil-raf-1-300x300.png 300w, https:\/\/obera.fr\/wp-content\/uploads\/2025\/03\/conseil-raf-1-150x150.png 150w, https:\/\/obera.fr\/wp-content\/uploads\/2025\/03\/conseil-raf-1-768x768.png 768w, https:\/\/obera.fr\/wp-content\/uploads\/2025\/03\/conseil-raf-1.png 1200w\" sizes=\"(max-width: 1024px) 100vw, 1024px\" \/><\/figure>\n<\/div>\n<\/div>\n\n<h2 class=\"wp-block-heading\">\u00c7i\u00e7ek\u00e7ilik ortamlar\u0131nda hava temizli\u011finin \u00f6nemi<\/h2>\n\n<p>Bu ger\u00e7ek kar\u015f\u0131s\u0131nda, <strong>\u00e7i\u00e7ek\u00e7ilerin kendilerini<\/strong> bu zararl\u0131 maddeleri <strong>solumaktan korumalar\u0131 zorunludur<\/strong>. At\u00f6lye ve ma\u011fazalara end\u00fcstriyel hava temizleyicileri yerle\u015ftirmek, havadaki pestisit konsantrasyonunu azaltmak i\u00e7in etkili bir \u00e7\u00f6z\u00fcmd\u00fcr. Bu cihazlar toksik partik\u00fclleri filtreleyip ortadan kald\u0131rarak daha sa\u011fl\u0131kl\u0131 bir \u00e7al\u0131\u015fma ortam\u0131 yarat\u0131lmas\u0131na yard\u0131mc\u0131 olur.  <\/p>\n\n<h2 class=\"wp-block-heading\">OberA taraf\u0131ndan sunulan \u00e7\u00f6z\u00fcmler<\/h2>\n\n<div class=\"wp-block-columns is-layout-flex wp-container-core-columns-is-layout-28f84493 wp-block-columns-is-layout-flex\">\n<div class=\"wp-block-column is-layout-flow wp-block-column-is-layout-flow\" style=\"flex-basis:66.66%\">\n<p>OberA&#8217;da \u00e7i\u00e7ek\u00e7ilerin kar\u015f\u0131la\u015ft\u0131\u011f\u0131 zorluklar\u0131 anl\u0131yoruz. End\u00fcstriyel hava temizleyicilerimiz, gaz ve kat\u0131 formda potansiyel olarak kirlenmi\u015f \u00fcr\u00fcnleri i\u015fleyen ortamlar\u0131n \u00f6zel ihtiya\u00e7lar\u0131n\u0131 kar\u015f\u0131lamak \u00fczere tasarlanm\u0131\u015ft\u0131r. Ar\u0131tma \u00e7\u00f6z\u00fcmlerimize yat\u0131r\u0131m yaparak, profesyoneller :<\/p>\n\n\n\n<ul class=\"wp-block-list\">\n<li>Ortam havas\u0131ndaki pestisit varl\u0131\u011f\u0131n\u0131 <strong>\u00f6nemli \u00f6l\u00e7\u00fcde azalt\u0131r<\/strong>.<\/li>\n\n\n\n<li><strong>Kendilerinin<\/strong> ve \u00e7al\u0131\u015fanlar\u0131n\u0131n <strong>sa\u011fl\u0131\u011f\u0131n\u0131<\/strong> kimyasal maddelerin zararl\u0131 etkilerinden <strong>korumak<\/strong>.<\/li>\n\n\n\n<li>M\u00fc\u015fterileri i\u00e7in <strong>daha g\u00fcvenli<\/strong> ve daha ho\u015f <strong>bir ortam sa\u011flamak<\/strong>.<\/li>\n<\/ul>\n\n\n\n<p>\u00c7i\u00e7ek\u00e7ilerin, i\u015fledikleri \u00e7i\u00e7eklerde bulunan pestisitlerle ilgili risklerin fark\u0131nda olmalar\u0131 \u00e7ok \u00f6nemlidir. End\u00fcstriyel hava temizleyicileri kullanmak gibi \u00f6nleyici tedbirlerin benimsenmesi, kendilerinin ve \u00e7evrelerindekilerin g\u00fcvenli\u011fini sa\u011flamak i\u00e7in \u00e7ok \u00f6nemli bir ad\u0131md\u0131r.<\/p>\n\n\n\n<p>Baharda bir \u00e7i\u00e7ek tarlas\u0131 kadar saf hava i\u00e7in OberA temizleyici serimizi ke\u015ffedin.<\/p>\n<\/div>\n\n\n\n<div class=\"wp-block-column is-layout-flow wp-block-column-is-layout-flow\" style=\"flex-basis:33.33%\">\n<figure class=\"wp-block-image aligncenter size-large is-resized\"><img decoding=\"async\" width=\"1024\" height=\"1024\" src=\"https:\/\/obera.fr\/wp-content\/uploads\/2025\/03\/2-1024x1024.png\" alt=\"OberA &#xE7;&#xF6;z&#xFC;m&#xFC;\" class=\"wp-image-77618\" style=\"width:275px;height:auto\" srcset=\"https:\/\/obera.fr\/wp-content\/uploads\/2025\/03\/2-1024x1024.png 1024w, https:\/\/obera.fr\/wp-content\/uploads\/2025\/03\/2-300x300.png 300w, https:\/\/obera.fr\/wp-content\/uploads\/2025\/03\/2-150x150.png 150w, https:\/\/obera.fr\/wp-content\/uploads\/2025\/03\/2-768x768.png 768w, https:\/\/obera.fr\/wp-content\/uploads\/2025\/03\/2.png 1200w\" sizes=\"(max-width: 1024px) 100vw, 1024px\" \/><\/figure>\n<\/div>\n<\/div>\n\n<p><\/p>\n","protected":false},"excerpt":{"rendered":"<p>G\u00fczelli\u011fin ve \u015fefkatin sembol\u00fc olan kesme \u00e7i\u00e7ekler, onlar\u0131 g\u00fcnl\u00fck olarak i\u015fleyen profesyoneller i\u00e7in endi\u015fe verici bir ger\u00e7e\u011fi gizlemektedir.  <\/p>\n","protected":false},"author":13,"featured_media":79832,"comment_status":"open","ping_status":"closed","sticky":false,"template":"","format":"standard","meta":{"_acf_changed":false,"_seopress_robots_primary_cat":"none","_seopress_titles_title":"\u00c7i\u00e7ek\u00e7iler: Pestisitlerin tehlikeleri ve ar\u0131tma ihtiyac\u0131","_seopress_titles_desc":"OberA hava temizleyicilerinin \u00e7i\u00e7ek\u00e7iler i\u00e7in pestisitlerin tehlikelerini nas\u0131l \u00f6nleyebilece\u011fini \u00f6\u011frenin.","_seopress_robots_index":"","footnotes":""},"categories":[299],"tags":[],"class_list":["post-79285","post","type-post","status-publish","format-standard","has-post-thumbnail","hentry","category-bizim-tavsiyemiz","generate-columns","tablet-grid-50","mobile-grid-100","grid-parent","grid-50","no-featured-image-padding","resize-featured-image"],"acf":[],"_links":{"self":[{"href":"https:\/\/obera.fr\/tr\/wp-json\/wp\/v2\/posts\/79285","targetHints":{"allow":["GET"]}}],"collection":[{"href":"https:\/\/obera.fr\/tr\/wp-json\/wp\/v2\/posts"}],"about":[{"href":"https:\/\/obera.fr\/tr\/wp-json\/wp\/v2\/types\/post"}],"author":[{"embeddable":true,"href":"https:\/\/obera.fr\/tr\/wp-json\/wp\/v2\/users\/13"}],"replies":[{"embeddable":true,"href":"https:\/\/obera.fr\/tr\/wp-json\/wp\/v2\/comments?post=79285"}],"version-history":[{"count":3,"href":"https:\/\/obera.fr\/tr\/wp-json\/wp\/v2\/posts\/79285\/revisions"}],"predecessor-version":[{"id":127783,"href":"https:\/\/obera.fr\/tr\/wp-json\/wp\/v2\/posts\/79285\/revisions\/127783"}],"wp:featuredmedia":[{"embeddable":true,"href":"https:\/\/obera.fr\/tr\/wp-json\/wp\/v2\/media\/79832"}],"wp:attachment":[{"href":"https:\/\/obera.fr\/tr\/wp-json\/wp\/v2\/media?parent=79285"}],"wp:term":[{"taxonomy":"category","embeddable":true,"href":"https:\/\/obera.fr\/tr\/wp-json\/wp\/v2\/categories?post=79285"},{"taxonomy":"post_tag","embeddable":true,"href":"https:\/\/obera.fr\/tr\/wp-json\/wp\/v2\/tags?post=79285"}],"curies":[{"name":"wp","href":"https:\/\/api.w.org\/{rel}","templated":true}]}}