{"id":86152,"date":"2023-04-14T16:01:24","date_gmt":"2023-04-14T14:01:24","guid":{"rendered":"https:\/\/obera.fr\/conseils\/quels-sont-les-avantages-du-rafraichissement-adiabatique\/"},"modified":"2025-04-23T09:13:48","modified_gmt":"2025-04-23T07:13:48","slug":"quels-sont-les-avantages-du-rafraichissement-adiabatique","status":"publish","type":"post","link":"https:\/\/obera.fr\/tr\/bizim-tavsiyemiz\/quels-sont-les-avantages-du-rafraichissement-adiabatique\/","title":{"rendered":"Adyabatik so\u011futma, i\u00e7 mekan hava kalitesine ve \u00e7al\u0131\u015fan konforuna katk\u0131da bulunur"},"content":{"rendered":"\n<h2 class=\"wp-block-heading\">Adyabatik so\u011futucu havay\u0131 filtrelemeye yard\u0131mc\u0131 olur<\/h2>\n\n<p>Birincil i\u015flevi bu olmasa da (end\u00fcstriyel ar\u0131t\u0131c\u0131lar\u0131n aksine),<strong> adyabatik so\u011futucu<\/strong> i\u00e7eri \u00e7ekti\u011fi havay\u0131 filtrelemeye yard\u0131mc\u0131 olur. Bunu yapman\u0131n iki yolu vard\u0131r: birincisi, so\u011futucuya girerken d\u0131\u015f havadaki tozu filtreleyen medya yoluyla ve ikincisi, havay\u0131 &#8220;y\u0131kayan&#8221; <strong>buharla\u015ft\u0131r\u0131c\u0131 medya <\/strong>yoluyla. <\/p>\n\n<h2 class=\"wp-block-heading\">Adyabatik so\u011futucu daha temiz havaya katk\u0131da bulunur<\/h2>\n\n<p><strong> Fan<\/strong>, istenen buharla\u015fma oran\u0131na ba\u011fl\u0131 olarak her 3 ila 5 dakikada bir<strong> havay\u0131 yeniler<\/strong>. Odadaki havan\u0131n s\u00fcrekli olarak yenilenmesi, \u00e7al\u0131\u015fanlar\u0131n soludu\u011fu havan\u0131n temizlenmesine yard\u0131mc\u0131 olur. Buharla\u015ft\u0131r\u0131c\u0131 ortam havay\u0131 nemlendirerek i\u00e7 mekan<strong> hava partik\u00fcllerinin varl\u0131\u011f\u0131n\u0131 azaltmaya<\/strong> yard\u0131mc\u0131 olur. Asl\u0131nda<a href=\"https:\/\/obera.fr\/tr\/produits\/rafraichisseurs-air\/\"> adyabatik so\u011futucu<\/a>, koku rahats\u0131zl\u0131\u011f\u0131n\u0131 ve bakteri, vir\u00fcs ve partik\u00fcllerin havada kalma s\u00fcresini azaltmaya yard\u0131mc\u0131 olur. Sonu\u00e7 olarak, \u00e7al\u0131\u015fanlar\u0131n sa\u011fl\u0131\u011f\u0131na y\u00f6nelik riski (solunum yolu tahri\u015fi, alerji) azaltmaya yard\u0131mc\u0131 olur.    <\/p>\n\n<p>Dahas\u0131, <strong>fan <\/strong>evaporatif panelden <strong>herhangi bir damlac\u0131k yans\u0131tmad\u0131\u011f\u0131ndan <\/strong>, \u00fcflenen hava patojenik organizmalara ve bunlar\u0131n bula\u015fma stratejisine elveri\u015fli de\u011fildir. Dahas\u0131, evaporatif panel patojenlerin yay\u0131lmas\u0131n\u0131 \u00f6nleyen mantar ve bakteri kar\u015f\u0131t\u0131 bir i\u015flem g\u00f6r\u00fcr. Son olarak, suyun s\u00fcrekli sirk\u00fclasyonu ve 25\u00b0&#8217;nin alt\u0131ndaki s\u0131cakl\u0131\u011f\u0131 <strong>mikrobiyal veya fungal geli\u015fimi<\/strong> te\u015fvik etmez. Bu ko\u015fullar alt\u0131nda lejyonella geli\u015femez. Son olarak, <strong>potansiyel patojenik organizmalar\u0131<\/strong> \u00f6ld\u00fcrmek i\u00e7in su devresine bir UV lambas\u0131 yerle\u015ftirmek de m\u00fcmk\u00fcnd\u00fcr.    <\/p>\n\n<h2 class=\"wp-block-heading\">Adyabatik so\u011futucu, s\u0131cakl\u0131kta uygun bir d\u00fc\u015f\u00fc\u015fe neden olur<\/h2>\n\n<div class=\"wp-block-columns is-layout-flex wp-container-core-columns-is-layout-28f84493 wp-block-columns-is-layout-flex\">\n<div class=\"wp-block-column is-layout-flow wp-block-column-is-layout-flow\" style=\"flex-basis:66.66%\">\n<p><a href=\"https:\/\/obera.fr\/tr\/bizim-tavsiyemiz\/le-rafraichissement-adiabatique-un-coefficient-de-performance-thermique-inegale-pour-les-grands-volumes\/\"> Adyabatik so\u011futma, d\u0131\u015f hava ile odadaki hava aras\u0131nda ortalama 7\u00b0C&#8217;lik bir s\u0131cakl\u0131k d\u00fc\u015f\u00fc\u015f\u00fc<\/a> sa\u011flar. Bu, insan v\u00fccudunun termal resept\u00f6rleri taraf\u0131ndan kolayca y\u00f6netilebilir. Hava ak\u0131\u015f\u0131n\u0131n serinli\u011fi, insan v\u00fccudunun ba\u011f\u0131\u015f\u0131kl\u0131k savunmas\u0131n\u0131 zay\u0131flatabilecek ve hastal\u0131\u011fa yol a\u00e7abilecek<strong> ani <\/strong>bir<strong> s\u0131cakl\u0131k fark\u0131 <\/strong>olu\u015fturmaz.  <\/p>\n\n\n\n<p>Hava ne kadar s\u0131cak ve kuruysa, <strong>s\u0131cakl\u0131ktaki d\u00fc\u015f\u00fc\u015f de<\/strong> o kadar b\u00fcy\u00fck olur. D\u0131\u015f s\u0131cakl\u0131k 35\u00b0C&#8217;ye ula\u015ft\u0131\u011f\u0131nda, so\u011futulan hacimde 10\u00b0C&#8217;lik bir s\u0131cakl\u0131k fark\u0131 olu\u015fur. <\/p>\n\n\n\n<p>Ancak adyabatik so\u011futma <strong>biyoklimatik<\/strong> bir <strong>teknoloji<\/strong> oldu\u011fundan, d\u0131\u015far\u0131daki hava ko\u015fullar\u0131 ne olursa olsun ayarlanan s\u0131cakl\u0131\u011f\u0131n kesinlikle 25\u00b0C&#8217;nin alt\u0131nda olmas\u0131 gerekiyorsa uygun de\u011fildir.<\/p>\n<\/div>\n\n\n\n<div class=\"wp-block-column is-layout-flow wp-block-column-is-layout-flow\" style=\"flex-basis:33.33%\">\n<figure class=\"wp-block-image aligncenter size-full is-resized\"><img decoding=\"async\" width=\"600\" height=\"558\" src=\"https:\/\/obera.fr\/wp-content\/uploads\/2023\/04\/rafraichissement-dair-temperature-3.jpg\" alt=\"hava so&#x11F;utma s&#x131;cakl&#x131;&#x11F;&#x131; 3\" class=\"wp-image-20848\" style=\"width:300px;height:279px\" srcset=\"https:\/\/obera.fr\/wp-content\/uploads\/2023\/04\/rafraichissement-dair-temperature-3.jpg 600w, https:\/\/obera.fr\/wp-content\/uploads\/2023\/04\/rafraichissement-dair-temperature-3-300x279.jpg 300w\" sizes=\"(max-width: 600px) 100vw, 600px\" \/><\/figure>\n<\/div>\n<\/div>\n\n<h2 class=\"wp-block-heading\">Adyabatik so\u011futucu ayarl\u0131 nem \u00fcretir<\/h2>\n\n<p><strong> Evaporatif so\u011futma <\/strong>ortamdaki havay\u0131 do\u011fal olarak nemlendirir. Buharla\u015fmayla olu\u015fan bu nem, havaland\u0131rma yoluyla odadan d\u0131\u015far\u0131 at\u0131l\u0131r ve i\u00e7 mekan havas\u0131n\u0131n s\u00fcrekli yenilenmesini sa\u011flar. Dolay\u0131s\u0131yla, yayg\u0131n inan\u0131\u015f\u0131n aksine, havan\u0131n so\u011futulmas\u0131 a\u015f\u0131r\u0131 nem nedeniyle nemli bir atmosfer yaratmaz. Kalan nem,<strong> kabul edilen konfor standartlar\u0131na uygundur<\/strong>.   <\/p>\n\n<p>Ayr\u0131ca<strong> evaporatif so\u011futucu <\/strong>, solunum yollar\u0131n\u0131 tahri\u015f eden ve g\u00f6zleri kurutan ortam havas\u0131ndaki<strong> a\u015f\u0131r\u0131 d\u00fc\u015f\u00fck nem seviyeleriyle m\u00fccadele <\/strong>eder. Nem, odan\u0131n s\u0131cakl\u0131\u011f\u0131 ve nemine g\u00f6re hava ve su ak\u0131\u015f oranlar\u0131n\u0131n mod\u00fcle edilmesiyle d\u00fczenlenir. <\/p>\n\n<p>Hava ne kadar kuru olursa, <strong>elektrostatik bo\u015fal <\/strong>maya ba\u011fl\u0131 sorunlar\u0131n ortaya \u00e7\u0131kma olas\u0131l\u0131\u011f\u0131 da o kadar artar: ekipman hasar\u0131 ve \u00fcretim kayb\u0131. Genel olarak, hava %50 veya 60&#8217;tan fazla ba\u011f\u0131l nem i\u00e7erdi\u011finde, statik elektrikle ili\u015fkili riskler minimuma iner veya hi\u00e7 olmaz. Evaporatif so\u011futucu, havay\u0131 nemlendirdi\u011fi i\u00e7in bu riski \u00f6nlemek i\u00e7in basit bir \u00e7\u00f6z\u00fcmd\u00fcr. \u00d6zellikle s\u0131cak ve kuru havalarda, ekipman\u0131n \u0131s\u0131 \u00fcretti\u011fi bir alanda ba\u011f\u0131l nemi %40&#8217;\u0131n \u00fczerine \u00e7\u0131kararak elektrostatik y\u00fcklerin olu\u015fmas\u0131n\u0131 \u00f6nler.   <\/p>\n\n<p>Dahas\u0131, <strong>evaporatif so\u011futucu <\/strong>taraf\u0131ndan sa\u011flanan nem aerosollerin azalt\u0131lmas\u0131na yard\u0131mc\u0131 olur, b\u00f6ylece hava kalitesinin iyile\u015ftirilmesine yard\u0131mc\u0131 olur. Bunun sonucu olarak \u00e7al\u0131\u015fanlar i\u00e7in sa\u011fl\u0131k riskleri ve <strong>ekipman ar\u0131zalar\u0131<\/strong> azal\u0131r. <\/p>\n\n<p>Ancak<strong> biyoklimatik so\u011futucu<\/strong> \u00e7ok nemli iklim ko\u015fullar\u0131nda daha az etkilidir. \u00d6rne\u011fin, yaz aylar\u0131nda \u015fiddetli bir f\u0131rt\u0131nadan sonra. Bu durumda, su d\u00f6ng\u00fcs\u00fcn\u00fc durdurun ve bu iklimsel olay\u0131n neden oldu\u011fu <strong>d\u0131\u015f havan\u0131n so\u011f <\/strong>umas\u0131ndan yararlanarak oday\u0131 so\u011futmak i\u00e7in so\u011futucunun havaland\u0131rmas\u0131n\u0131 kullan\u0131n.  <\/p>\n\n<p><strong>Biyoklimatik so\u011futucunun<\/strong> \u00e7ok kat\u0131 bir nem spesifikasyonunun uygulanmas\u0131 gereken alanlar i\u00e7in uygun olmad\u0131\u011f\u0131 da unutulmamal\u0131d\u0131r, \u00e7\u00fcnk\u00fc dahili olarak \u00fcretti\u011fi nem seviyesi d\u0131\u015f atmosferin nemine ba\u011fl\u0131d\u0131r. Ancak genel olarak, bu t\u00fcr alanlar i\u00e7in nemlendirme sistemine tasar\u0131m a\u015famas\u0131nda karar verilmi\u015ftir. <\/p>\n\n<h2 class=\"wp-block-heading\">Adyabatik so\u011futucu s\u0131cak havalarda konforlu bir ortam yarat\u0131r<\/h2>\n\n<p><strong>Evaporatif so\u011futma <\/strong>, s\u0131cak havalarda konforlu bir \u00e7al\u0131\u015fma ortam\u0131 sa\u011flar. Bu,<strong> s\u00fcrekli yenilenen<\/strong>, filtrelenen ve do\u011fal ve kademeli bir \u015fekilde so\u011futulan<strong> havan\u0131n<\/strong> uygun nemle<strong> sa\u011flanmas\u0131yla<\/strong> elde edilir. <\/p>\n\n<p>Bu anlamda <a href=\"https:\/\/obera.fr\/tr\/bizim-tavsiyemiz\/comment-fonctionne-un-rafraichisseur-adiabatique\/\">adyabatik so\u011futma, a\u015f\u0131r\u0131 \u0131s\u0131yla ili\u015fkili personel verimlili\u011fi kayb\u0131n\u0131 \u00f6nler<\/a> (Berkeley Lab: <em>\u0130\u00e7 Mekan Hava Kalitesi Bilimsel Bulgular Kaynak Bankas\u0131&#8217;n<\/em>a g\u00f6re 27\u00b0C&#8217;de verimlilik %5, 31,5\u00b0C&#8217;de ise %10 d\u00fc\u015fmektedir) <em>.<\/em><\/p>\n\n<p>D\u0131\u015f s\u0131cakl\u0131k 35\u00b0C&#8217;yi a\u015ft\u0131\u011f\u0131nda, <strong>evaporatif so\u011futma <\/strong>\u00e7al\u0131\u015fan i\u00e7in yeterli konfor ko\u015fullar\u0131n\u0131 korumaya devam eden tek sistemdir.<strong> Rahat bir \u00e7al\u0131\u015fma ortam\u0131<\/strong> sa\u011flarken ferahlat\u0131c\u0131 bir esinti yaymaya devam edebilir. <\/p>\n\n<div style=\"height:20px\" aria-hidden=\"true\" class=\"wp-block-spacer\"><\/div>\n\n<div class=\"wp-block-buttons is-content-justification-center is-layout-flex wp-container-core-buttons-is-layout-a89b3969 wp-block-buttons-is-layout-flex\">\n<div class=\"wp-block-button\"><a class=\"wp-block-button__link has-text-align-center wp-element-button\">KI\u015eISELLE\u015eTIRILMI\u015e TAVSIYEYE MI IHTIYACINIZ VAR?<\/a><\/div>\n<\/div>\n","protected":false},"excerpt":{"rendered":"<p>Adyabatik so\u011futma, s\u0131cak havalarda \u00e7al\u0131\u015fanlar i\u00e7in bir konfor \u00e7\u00f6z\u00fcm\u00fcd\u00fcr. Ortam hava kalitesine katk\u0131da bulunur, \u00fcretkenli\u011fi art\u0131r\u0131r ve ekipman\u0131n korunmas\u0131na yard\u0131mc\u0131 olur. Enerji tasarruflu adyabatik so\u011futma, k\u00fcresel \u0131s\u0131nmaya katk\u0131da bulunmayan \u00e7evre dostu bir teknolojidir.  <\/p>\n","protected":false},"author":4,"featured_media":85683,"comment_status":"closed","ping_status":"closed","sticky":false,"template":"","format":"standard","meta":{"_acf_changed":false,"_seopress_robots_primary_cat":"none","_seopress_titles_title":"Adyabatik so\u011futman\u0131n avantajlar\u0131 nelerdir?","_seopress_titles_desc":"Adyabatik so\u011futucular, yaz aylar\u0131nda \u00e7al\u0131\u015fma alanlar\u0131n\u0131zdaki ve end\u00fcstrinizdeki y\u00fcksek s\u0131cakl\u0131klara kar\u015f\u0131 koymak i\u00e7in bir dizi avantaj sunar.","_seopress_robots_index":"","footnotes":""},"categories":[299],"tags":[306],"class_list":["post-86152","post","type-post","status-publish","format-standard","has-post-thumbnail","hentry","category-bizim-tavsiyemiz","tag-entete-small-tr","generate-columns","tablet-grid-50","mobile-grid-100","grid-parent","grid-50","no-featured-image-padding","resize-featured-image"],"acf":[],"_links":{"self":[{"href":"https:\/\/obera.fr\/tr\/wp-json\/wp\/v2\/posts\/86152","targetHints":{"allow":["GET"]}}],"collection":[{"href":"https:\/\/obera.fr\/tr\/wp-json\/wp\/v2\/posts"}],"about":[{"href":"https:\/\/obera.fr\/tr\/wp-json\/wp\/v2\/types\/post"}],"author":[{"embeddable":true,"href":"https:\/\/obera.fr\/tr\/wp-json\/wp\/v2\/users\/4"}],"replies":[{"embeddable":true,"href":"https:\/\/obera.fr\/tr\/wp-json\/wp\/v2\/comments?post=86152"}],"version-history":[{"count":2,"href":"https:\/\/obera.fr\/tr\/wp-json\/wp\/v2\/posts\/86152\/revisions"}],"predecessor-version":[{"id":86161,"href":"https:\/\/obera.fr\/tr\/wp-json\/wp\/v2\/posts\/86152\/revisions\/86161"}],"wp:featuredmedia":[{"embeddable":true,"href":"https:\/\/obera.fr\/tr\/wp-json\/wp\/v2\/media\/85683"}],"wp:attachment":[{"href":"https:\/\/obera.fr\/tr\/wp-json\/wp\/v2\/media?parent=86152"}],"wp:term":[{"taxonomy":"category","embeddable":true,"href":"https:\/\/obera.fr\/tr\/wp-json\/wp\/v2\/categories?post=86152"},{"taxonomy":"post_tag","embeddable":true,"href":"https:\/\/obera.fr\/tr\/wp-json\/wp\/v2\/tags?post=86152"}],"curies":[{"name":"wp","href":"https:\/\/api.w.org\/{rel}","templated":true}]}}