{"id":95687,"date":"2022-10-13T10:03:01","date_gmt":"2022-10-13T08:03:01","guid":{"rendered":"https:\/\/obera.fr\/conseils\/quelle-est-la-fonction-dun-pre-separateur\/"},"modified":"2025-05-06T10:16:34","modified_gmt":"2025-05-06T08:16:34","slug":"quelle-est-la-fonction-dun-pre-separateur","status":"publish","type":"post","link":"https:\/\/obera.fr\/tr\/bizim-tavsiyemiz\/quelle-est-la-fonction-dun-pre-separateur\/","title":{"rendered":"\u00d6n ay\u0131r\u0131c\u0131n\u0131n i\u015flevi nedir?"},"content":{"rendered":"\n<h2 class=\"wp-block-heading\">Bir \u00f6n ay\u0131r\u0131c\u0131n\u0131n i\u015flevi nedir ve farkl\u0131 \u00f6n ay\u0131r\u0131c\u0131 t\u00fcrleri nelerdir?<\/h2>\n\n<p>Bir <strong>\u00f6n filtrenin<\/strong> veya <strong>\u00f6n ay\u0131r\u0131c\u0131n\u0131n<\/strong> i\u015flevi, bir <a href=\"https:\/\/obera.fr\/tr\/bizim-tavsiyemiz\/aspiration-industrielle-solutions-professionnels\/\">emme kurulumunda<\/a> <strong>ana filtrenin<\/strong> kendisini korumakt\u0131r. Bir \u00f6n ay\u0131r\u0131c\u0131 kullanmak hem <strong>g\u00fcvenli\u011fi<\/strong> art\u0131r\u0131r hem de ana filtrenin <strong>\u00f6mr\u00fcn\u00fc<\/strong> uzat\u0131r. <\/p>\n\n<p>Filtre \u00f6mr\u00fc \u00fczerindeki a\u015fa\u011f\u0131daki ana etkiler \u00f6nlenebilir ve\/veya azalt\u0131labilir:<\/p>\n\n<ul class=\"wp-block-list\">\n<li>Y\u00fcksek ila \u00e7ok y\u00fcksek toz hacimleri<\/li>\n\n\n\n<li>A\u015f\u0131nd\u0131r\u0131c\u0131 maddeler<\/li>\n\n\n\n<li>S\u0131cak, akkor par\u00e7ac\u0131klar\u0131n ve k\u0131v\u0131lc\u0131mlar\u0131n ayr\u0131lmas\u0131.<\/li>\n<\/ul>\n\n<p>Bir \u00f6n ay\u0131r\u0131c\u0131 \u00e7ok az bak\u0131m gerektirdi\u011finden veya hi\u00e7 bak\u0131m gerektirmedi\u011finden, kullan\u0131m\u0131 genellikle toz toplay\u0131c\u0131n\u0131n i\u015fletme maliyetlerini \u00f6nemli \u00f6l\u00e7\u00fcde azaltabilir.<\/p>\n\n<h2 class=\"wp-block-heading\">Siklonik ay\u0131r\u0131c\u0131<\/h2>\n\n<h3 class=\"wp-block-heading\">Siklon ay\u0131r\u0131c\u0131ya ne zaman ihtiyac\u0131m olur?<\/h3>\n\n<div class=\"wp-block-columns is-layout-flex wp-container-core-columns-is-layout-28f84493 wp-block-columns-is-layout-flex\">\n<div class=\"wp-block-column is-layout-flow wp-block-column-is-layout-flow\" style=\"flex-basis:33.33%\">\n<figure class=\"wp-block-image aligncenter size-full\"><img decoding=\"async\" width=\"558\" height=\"352\" src=\"https:\/\/obera.fr\/wp-content\/uploads\/2022\/10\/Preseparateur-cyclone.jpg\" alt=\"siklon ay&#x131;r&#x131;c&#x131;\" class=\"wp-image-15090\" srcset=\"https:\/\/obera.fr\/wp-content\/uploads\/2022\/10\/Preseparateur-cyclone.jpg 558w, https:\/\/obera.fr\/wp-content\/uploads\/2022\/10\/Preseparateur-cyclone-300x189.jpg 300w\" sizes=\"(max-width: 558px) 100vw, 558px\" \/><\/figure>\n<\/div>\n\n\n\n<div class=\"wp-block-column is-vertically-aligned-center is-layout-flow wp-block-column-is-layout-flow\" style=\"flex-basis:66.66%\">\n<p>Siklonik separat\u00f6rler tamamen mekanik bir temelde (santrif\u00fcj kuvveti) \u00e7al\u0131\u015f\u0131r ve hem ana separat\u00f6r olarak hem de ekstraksiyon sistemlerinde \u00f6n separat\u00f6r olarak kullan\u0131labilir. Kaba, <a href=\"https:\/\/obera.fr\/tr\/bizim-tavsiyemiz\/separateur-par-voie-seche-ou-separateur-a-voie-humide\/\">kuru<\/a> ve serbest ak\u0131\u015fl\u0131 <strong>tozlar\u0131<\/strong> ay\u0131r\u0131rlar, \u00e7ok y\u00f6nl\u00fcd\u00fcrler ve \u00e7ok \u00e7e\u015fitli tozlar\u0131n yan\u0131 s\u0131ra <strong>lifler<\/strong> i\u00e7in de kullan\u0131labilirler. Ayr\u0131lan tozlar s\u00fcrekli veya kesintili olarak bo\u015falt\u0131labilir.  <\/p>\n<\/div>\n<\/div>\n\n<h3 class=\"wp-block-heading\">Fonksiyon<\/h3>\n\n<div class=\"wp-block-columns is-layout-flex wp-container-core-columns-is-layout-28f84493 wp-block-columns-is-layout-flex\">\n<div class=\"wp-block-column is-vertically-aligned-center is-layout-flow wp-block-column-is-layout-flow\" style=\"flex-basis:66.66%\">\n<p><strong>Toz y\u00fckl\u00fc hava ak\u0131m\u0131<\/strong> siklon g\u00f6vdesinin \u00fcst \u00fc\u00e7te birlik k\u0131sm\u0131nda te\u011fetsel olarak <strong>siklona<\/strong> girer. Havan\u0131n merkezi dald\u0131rma borusu etraf\u0131nda y\u00f6nlendirilmesiyle hava d\u00f6nmeye ba\u015flar ve hava ak\u0131m\u0131nda bulunan <strong>partik\u00fcller<\/strong> <strong>siklonun<\/strong> d\u0131\u015f duvarlar\u0131na do\u011fru itilir. Buradan siklondan a\u015fa\u011f\u0131 kayarak bir bo\u015faltma <strong>eleman\u0131nda<\/strong> toplan\u0131rlar veya s\u00fcrekli \u00e7al\u0131\u015fan bo\u015faltma <strong>elemanlar\u0131<\/strong> arac\u0131l\u0131\u011f\u0131yla bo\u015falt\u0131l\u0131rlar. Ar\u0131t\u0131lm\u0131\u015f hava, dald\u0131rma borusu arac\u0131l\u0131\u011f\u0131yla d\u0131\u015far\u0131ya bo\u015falt\u0131l\u0131r.   <\/p>\n\n\n\n<p><strong>Siklon ay\u0131r\u0131c\u0131<\/strong> ne kadar iyi tasarlan\u0131r ve <strong>hava ak\u0131\u015f\u0131na<\/strong> ve ayr\u0131\u015ft\u0131r\u0131lacak malzemeye uyarlan\u0131rsa, <strong>ay\u0131rma verimlili\u011fi<\/strong> o kadar iyi olacakt\u0131r.<\/p>\n<\/div>\n\n\n\n<div class=\"wp-block-column is-layout-flow wp-block-column-is-layout-flow\" style=\"flex-basis:33.33%\">\n<figure class=\"wp-block-image aligncenter size-full is-resized\"><img decoding=\"async\" width=\"600\" height=\"600\" src=\"https:\/\/obera.fr\/wp-content\/uploads\/2022\/10\/Sans-titre-2022-10-13T085406.799.jpg\" alt=\"Siklonik ay&#x131;rma\" class=\"wp-image-15085\" style=\"width:150px;height:150px\" srcset=\"https:\/\/obera.fr\/wp-content\/uploads\/2022\/10\/Sans-titre-2022-10-13T085406.799.jpg 600w, https:\/\/obera.fr\/wp-content\/uploads\/2022\/10\/Sans-titre-2022-10-13T085406.799-300x300.jpg 300w, https:\/\/obera.fr\/wp-content\/uploads\/2022\/10\/Sans-titre-2022-10-13T085406.799-150x150.jpg 150w\" sizes=\"(max-width: 600px) 100vw, 600px\" \/><\/figure>\n<\/div>\n<\/div>\n\n<h3 class=\"wp-block-heading\">Olas\u0131 kullan\u0131mlar<\/h3>\n\n<p><strong>Siklonlar<\/strong> <strong>ana ay\u0131r\u0131c\u0131lar<\/strong> veya <strong>\u00f6n ay\u0131r\u0131c\u0131lar<\/strong> olarak kullan\u0131labilir.<\/p>\n\n<p><strong>Ana ay\u0131r\u0131c\u0131lar<\/strong> olarak siklon ay\u0131r\u0131c\u0131lar, \u00f6zellikle kaba malzemeler i\u00e7in <strong>\u00e7ok y\u00fcksek bir ay\u0131rma derecesi<\/strong> elde eder, b\u00f6ylece ba\u015fka <strong>filtrelere<\/strong> gerek kalmaz. <strong>\u00d6n ay\u0131r\u0131c\u0131<\/strong> olarak kullan\u0131ld\u0131\u011f\u0131nda, siklonlar daha b\u00fcy\u00fck <strong>partik\u00fclleri<\/strong> bir sonraki filtreleme \u00fcnitesine ula\u015fmadan \u00f6nce ay\u0131r\u0131r. Bu genellikle filtrasyon \u00fcnitesindeki <strong>filtre elemanlar\u0131n\u0131n<\/strong> \u00f6mr\u00fcn\u00fc \u00f6nemli \u00f6l\u00e7\u00fcde uzat\u0131r. Bu da <strong>i\u015fletme<\/strong> ve <strong>bak\u0131m<\/strong> <strong>maliyetlerini<\/strong> azalt\u0131r. Siklon ay\u0131r\u0131c\u0131lar k\u0131v\u0131lc\u0131m ay\u0131r\u0131c\u0131 olarak kullan\u0131ld\u0131\u011f\u0131nda, a\u015fa\u011f\u0131 ak\u0131\u015f toz toplay\u0131c\u0131y\u0131 yang\u0131ndan veya filtre ortam\u0131n\u0131n delinmesinden korumaya yard\u0131mc\u0131 olurlar.    <\/p>\n\n<p>Benzer \u015fekilde, <strong>k\u0131v\u0131lc\u0131mlar\u0131n<\/strong> i\u00e7eri \u00e7ekilebilece\u011fi uygulamalarda, \u00f6n ay\u0131r\u0131c\u0131 olarak bir <strong>siklon<\/strong> kullanmak genellikle mant\u0131kl\u0131d\u0131r. Bu, filtrasyon \u00fcnitesine k\u0131v\u0131lc\u0131m veya di\u011fer ate\u015fleme kaynaklar\u0131n\u0131n girme olas\u0131l\u0131\u011f\u0131n\u0131 azalt\u0131r. K\u0131v\u0131lc\u0131m p\u00fcsk\u00fcrtmeli emme uygulamalar\u0131 i\u00e7in \u00f6n ay\u0131r\u0131c\u0131 olarak siklon ay\u0131r\u0131c\u0131lar tavsiye edilir.  <\/p>\n\n<p>Siklon separat\u00f6rler hem <strong>emme<\/strong> hem <strong>de tahliye<\/strong> <strong>taraf\u0131nda<\/strong> kullan\u0131labilir, yani <strong>ekstraksiyon t\u00fcrbini<\/strong> siklonun yukar\u0131 veya a\u015fa\u011f\u0131 ak\u0131\u015f\u0131na yerle\u015ftirilebilir. Siklon ayr\u0131ca minimum temizlik gerektirdi\u011finden malzemenin s\u0131k de\u011fi\u015fti\u011fi uygulamalar i\u00e7in genellikle en uygun separat\u00f6rd\u00fcr. <\/p>\n\n<p>OberA&#8217;n\u0131n ZA serisi siklon ay\u0131r\u0131c\u0131lar\u0131 faydal\u0131 bir modelle korunur ve tasar\u0131mlar\u0131 sayesinde \u00e7ok y\u00fcksek derecede ay\u0131rma sa\u011flar. Ayr\u0131ca siklon ay\u0131r\u0131c\u0131lar, filtre yang\u0131n\u0131 riskini azaltmak i\u00e7in k\u0131v\u0131lc\u0131m \u00f6n ay\u0131rma i\u00e7in de kullan\u0131labilir. <\/p>\n\n<h2 class=\"wp-block-heading\">Di\u011fer \u00f6n ay\u0131r\u0131c\u0131 t\u00fcrleri<\/h2>\n\n<h3 class=\"wp-block-heading\">Darbe ay\u0131r\u0131c\u0131lar ve k\u00fctle kuvveti ay\u0131r\u0131c\u0131lar<\/h3>\n\n<p><strong>Darbe<\/strong> veya <strong>k\u00fctle kuvveti<\/strong> <strong>ay\u0131r\u0131c\u0131lar\u0131<\/strong> ba\u015fka bir \u00f6n ay\u0131r\u0131c\u0131 t\u00fcr\u00fcd\u00fcr.<\/p>\n\n<div class=\"wp-block-columns are-vertically-aligned-center is-layout-flex wp-container-core-columns-is-layout-28f84493 wp-block-columns-is-layout-flex\">\n<div class=\"wp-block-column is-vertically-aligned-center is-layout-flow wp-block-column-is-layout-flow\" style=\"flex-basis:66.66%\">\n<p><strong>Darbeli separat\u00f6r<\/strong> kullan\u0131m\u0131, hava ak\u0131m\u0131ndaki partik\u00fcllerin h\u0131z\u0131n\u0131 azalt\u0131r, b\u00f6ylece art\u0131k hava ak\u0131m\u0131 taraf\u0131ndan ta\u015f\u0131nmazlar ve bir <strong>kolekt\u00f6r tank\u0131na<\/strong> d\u00fc\u015ferler. <strong>\u00d6n ay\u0131rma<\/strong> s\u0131ras\u0131nda <strong>kaba partik\u00fcller<\/strong> ve <strong>k\u0131v\u0131lc\u0131mlar<\/strong> <strong>ince toz partik\u00fcllerinden<\/strong> ayr\u0131l\u0131r. Bu, filtre elemanlar\u0131 \u00fczerindeki toz y\u00fck\u00fcn\u00fc azalt\u0131r ve <strong>filtre yang\u0131n\u0131 riskini<\/strong> \u00f6nemli \u00f6l\u00e7\u00fcde en aza indirir.  <\/p>\n\n\n\n<p><strong>K\u00fctle kuvveti ay\u0131r\u0131c\u0131lar\u0131<\/strong>, hava ile ayr\u0131lacak ak\u0131\u015fkan aras\u0131ndaki yo\u011funluk fark\u0131n\u0131 kullan\u0131r. <strong>Filtre malzemesi<\/strong> olmadan \u00e7al\u0131\u015f\u0131rlar ve her uygulamaya \u00f6zel olarak uyarlanabilirler. <\/p>\n<\/div>\n\n\n\n<div class=\"wp-block-column is-vertically-aligned-center is-layout-flow wp-block-column-is-layout-flow\" style=\"flex-basis:33.33%\">\n<figure class=\"wp-block-image aligncenter size-full is-resized\"><img decoding=\"async\" width=\"239\" height=\"196\" src=\"https:\/\/obera.fr\/wp-content\/uploads\/2022\/10\/Pre-separateur-a-impact.jpg\" alt=\"darbeli &#xF6;n ay&#x131;r&#x131;c&#x131;\" class=\"wp-image-15093\" style=\"width:239px;height:196px\"\/><\/figure>\n<\/div>\n<\/div>\n\n<p>\u00d6rne\u011fin <strong>entegre \u00f6n ay\u0131r\u0131c\u0131lar<\/strong> bir <strong>filtre tesisat\u0131n\u0131n<\/strong> ak\u0131\u015f yukar\u0131s\u0131na yerle\u015ftirilir. Do\u011frudan toplama veya emisyon noktas\u0131nda kullan\u0131labilen \u00f6n ay\u0131r\u0131c\u0131lar da vard\u0131r. Entegre \u00f6n ay\u0131r\u0131c\u0131lar genellikle bir tesisat\u0131 <strong>k\u0131v\u0131lc\u0131mlara<\/strong> kar\u015f\u0131 korumak i\u00e7in kullan\u0131l\u0131r. Bunu k\u0131v\u0131lc\u0131m\u0131n kalma ve so\u011fuma s\u00fcresini uzatarak veya potansiyel bir k\u0131v\u0131lc\u0131m\u0131 do\u011frudan ay\u0131rarak yaparlar. Bunlar ayn\u0131 zamanda <strong>darbe<\/strong> veya <strong>k\u00fctle kuvveti<\/strong> <strong>ay\u0131r\u0131c\u0131lar\u0131d\u0131r<\/strong>.    <\/p>\n\n<h3 class=\"wp-block-heading\">Ay\u0131r\u0131c\u0131<\/h3>\n\n<div class=\"wp-block-columns are-vertically-aligned-center is-layout-flex wp-container-core-columns-is-layout-28f84493 wp-block-columns-is-layout-flex\">\n<div class=\"wp-block-column is-vertically-aligned-center is-layout-flow wp-block-column-is-layout-flow\" style=\"flex-basis:33.33%\">\n<figure class=\"wp-block-image aligncenter size-full is-resized\"><img decoding=\"async\" width=\"241\" height=\"209\" src=\"https:\/\/obera.fr\/wp-content\/uploads\/2022\/10\/filtre-cyclonique.png\" alt=\"siklonik filtre\" class=\"wp-image-15096\" style=\"width:241px;height:209px\"\/><\/figure>\n<\/div>\n\n\n\n<div class=\"wp-block-column is-vertically-aligned-center is-layout-flow wp-block-column-is-layout-flow\" style=\"flex-basis:66.66%\">\n<p>Separat\u00f6rler genellikle <strong>\u00e7ok farkl\u0131 yo\u011funluktaki maddeler<\/strong> veya <strong>\u00e7ok hafif maddeler<\/strong> i\u00e7in kullan\u0131l\u0131r. <strong>Kaba fraksiyonlar\u0131<\/strong> <strong>ince<\/strong> <strong>fraksiyonlardan<\/strong> ay\u0131r\u0131rlar ve \u00f6rne\u011fin geri d\u00f6n\u00fc\u015f\u00fcm sekt\u00f6r\u00fcnde plastik gran\u00fclleri temizlemek i\u00e7in veya daha genel olarak filtrasyon \u00fcnitelerinin \u00f6n\u00fcndeki <strong>ay\u0131r\u0131c\u0131lar<\/strong> olarak kullan\u0131l\u0131rlar. <\/p>\n\n\n\n<p>Bu maddeler d\u00fc\u015f\u00fck<strong> ak\u0131\u015f h\u0131zlar\u0131<\/strong> ile ayr\u0131\u015ft\u0131r\u0131labilir (ak\u0131\u015f h\u0131z\u0131n\u0131 hesaplamak i\u00e7in <a href=\"https:\/\/www.anjou-connectique.com\/blog\/quelle-vitesse-ecoulement-et-de-debit--eau-dans-canalisation-en-cuivre-pour-chauffage\/\" data-type=\"URL\" data-id=\"https:\/\/www.anjou-connectique.com\/blog\/quelle-vitesse-ecoulement-et-de-debit--eau-dans-canalisation-en-cuivre-pour-chauffage\/\" target=\"_blank\" rel=\"noreferrer noopener\">Anjou Connectique web sitesindeki form\u00fcl\u00fc kullan\u0131n<\/a>).<\/p>\n\n\n\n<p>Alan gereksinimlerine ve do\u011fru tasar\u0131ma \u00f6zellikle dikkat edilmesi gerekir. OberA, her uygulamaya uygun ters ak\u0131m separat\u00f6rleri, <strong>hava separat\u00f6rleri<\/strong> ve di\u011fer alternatifleri sunmaktad\u0131r. <\/p>\n<\/div>\n<\/div>\n\n<h3 class=\"wp-block-heading\">Su \u00f6n ay\u0131r\u0131c\u0131lar\u0131 ve k\u0131v\u0131lc\u0131m \u00f6n ay\u0131r\u0131c\u0131lar\u0131<\/h3>\n\n<div class=\"wp-block-columns is-layout-flex wp-container-core-columns-is-layout-28f84493 wp-block-columns-is-layout-flex\">\n<div class=\"wp-block-column is-vertically-aligned-center is-layout-flow wp-block-column-is-layout-flow\" style=\"flex-basis:66.66%\">\n<p>Baz\u0131 <strong>\u00f6n ay\u0131r\u0131c\u0131lar<\/strong> su gibi bir temas s\u0131v\u0131s\u0131 ile \u00e7al\u0131\u015f\u0131r. Bir <strong>su \u00f6n temizleyicisi<\/strong> \u00f6zellikle <strong>k\u0131v\u0131lc\u0131mlar\u0131n<\/strong> beklendi\u011fi yerlerde uygundur. Su ile temas\u0131 garanti etmek i\u00e7in kurulum \u00e7ok hassas bir \u015fekilde tasarlanmal\u0131d\u0131r.  <\/p>\n<\/div>\n\n\n\n<div class=\"wp-block-column is-layout-flow wp-block-column-is-layout-flow\" style=\"flex-basis:33.33%\">\n<figure class=\"wp-block-image aligncenter size-medium is-resized\"><img decoding=\"async\" width=\"300\" height=\"243\" src=\"https:\/\/obera.fr\/wp-content\/uploads\/2022\/10\/pre-separateur-a-eau-et-a-etincelles-300x243.png\" alt=\"su ve k&#x131;v&#x131;lc&#x131;m &#xF6;n ay&#x131;r&#x131;c&#x131;\" class=\"wp-image-15099\" style=\"width:150px;height:122px\" srcset=\"https:\/\/obera.fr\/wp-content\/uploads\/2022\/10\/pre-separateur-a-eau-et-a-etincelles-300x243.png 300w, https:\/\/obera.fr\/wp-content\/uploads\/2022\/10\/pre-separateur-a-eau-et-a-etincelles-1024x829.png 1024w, https:\/\/obera.fr\/wp-content\/uploads\/2022\/10\/pre-separateur-a-eau-et-a-etincelles-768x622.png 768w, https:\/\/obera.fr\/wp-content\/uploads\/2022\/10\/pre-separateur-a-eau-et-a-etincelles.png 1200w\" sizes=\"(max-width: 300px) 100vw, 300px\" \/><\/figure>\n<\/div>\n<\/div>\n\n<h2 class=\"wp-block-heading\">OberA \u00f6n ay\u0131r\u0131c\u0131<\/h2>\n\n<p>Tutarl\u0131 bir vakum konsepti olu\u015fturmak ve sistemi tam olarak ihtiya\u00e7lar\u0131n\u0131za g\u00f6re uyarlamak i\u00e7in sizinle birlikte \u00e7al\u0131\u015fmaktan mutluluk duyaca\u011f\u0131z. Sizden haber bekliyoruz! \u00d6n ay\u0131r\u0131c\u0131lar\u0131m\u0131z faydal\u0131 model ile korunmaktad\u0131r ve tasar\u0131mlar\u0131 sayesinde \u00e7ok y\u00fcksek bir ay\u0131rma derecesine ula\u015fmaktad\u0131r.  <\/p>\n\n<div class=\"wp-block-buttons is-horizontal is-content-justification-center is-layout-flex wp-container-core-buttons-is-layout-03627597 wp-block-buttons-is-layout-flex\">\n<div class=\"wp-block-button has-custom-width wp-block-button__width-100\"><a class=\"wp-block-button__link wp-element-button\" href=\"https:\/\/obera.fr\/tr\/bize-ulasin\/\">Daha fazla bilgi edin<\/a><\/div>\n<\/div>\n\n<h3 class=\"wp-block-heading\">OberA \u00f6n ay\u0131r\u0131c\u0131n\u0131n avantajlar\u0131<\/h3>\n\n<ul class=\"wp-block-list\">\n<li>Sorunlu orta ve kaba tozlar\u0131n ayr\u0131\u015ft\u0131r\u0131lmas\u0131 i\u00e7in optimum \u00e7\u00f6z\u00fcm<\/li>\n\n\n\n<li>\u00c7ok y\u00fcksek ay\u0131rma derecesi ile verimli toz ay\u0131rma<\/li>\n\n\n\n<li>Emme sistemleri ve toz toplay\u0131c\u0131larla kullan\u0131m i\u00e7in ideal<\/li>\n\n\n\n<li>Ana filtrenin daha uzun \u00f6mr\u00fc sayesinde daha d\u00fc\u015f\u00fck i\u015fletme maliyetleri<\/li>\n<\/ul>\n\n<hr class=\"wp-block-separator has-alpha-channel-opacity\"\/>\n","protected":false},"excerpt":{"rendered":"<p>Mevcut farkl\u0131 siklon \u00f6n ay\u0131r\u0131c\u0131 t\u00fcrleri ve bunlar\u0131n end\u00fcstriyel bir vakum sistemindeki farkl\u0131 i\u015flevleri hakk\u0131nda bilgi edinin.<\/p>\n","protected":false},"author":4,"featured_media":95239,"comment_status":"open","ping_status":"closed","sticky":false,"template":"","format":"standard","meta":{"_acf_changed":false,"_seopress_robots_primary_cat":"none","_seopress_titles_title":"\u00d6n ay\u0131r\u0131c\u0131n\u0131n i\u015flevi nedir?","_seopress_titles_desc":"Mevcut farkl\u0131 siklon \u00f6n ay\u0131r\u0131c\u0131 t\u00fcrleri ve bunlar\u0131n end\u00fcstriyel bir vakum sistemindeki farkl\u0131 i\u015flevleri hakk\u0131nda bilgi edinin.","_seopress_robots_index":"","footnotes":""},"categories":[299],"tags":[306],"class_list":["post-95687","post","type-post","status-publish","format-standard","has-post-thumbnail","hentry","category-bizim-tavsiyemiz","tag-entete-small-tr","generate-columns","tablet-grid-50","mobile-grid-100","grid-parent","grid-50","no-featured-image-padding","resize-featured-image"],"acf":[],"_links":{"self":[{"href":"https:\/\/obera.fr\/tr\/wp-json\/wp\/v2\/posts\/95687","targetHints":{"allow":["GET"]}}],"collection":[{"href":"https:\/\/obera.fr\/tr\/wp-json\/wp\/v2\/posts"}],"about":[{"href":"https:\/\/obera.fr\/tr\/wp-json\/wp\/v2\/types\/post"}],"author":[{"embeddable":true,"href":"https:\/\/obera.fr\/tr\/wp-json\/wp\/v2\/users\/4"}],"replies":[{"embeddable":true,"href":"https:\/\/obera.fr\/tr\/wp-json\/wp\/v2\/comments?post=95687"}],"version-history":[{"count":1,"href":"https:\/\/obera.fr\/tr\/wp-json\/wp\/v2\/posts\/95687\/revisions"}],"predecessor-version":[{"id":95705,"href":"https:\/\/obera.fr\/tr\/wp-json\/wp\/v2\/posts\/95687\/revisions\/95705"}],"wp:featuredmedia":[{"embeddable":true,"href":"https:\/\/obera.fr\/tr\/wp-json\/wp\/v2\/media\/95239"}],"wp:attachment":[{"href":"https:\/\/obera.fr\/tr\/wp-json\/wp\/v2\/media?parent=95687"}],"wp:term":[{"taxonomy":"category","embeddable":true,"href":"https:\/\/obera.fr\/tr\/wp-json\/wp\/v2\/categories?post=95687"},{"taxonomy":"post_tag","embeddable":true,"href":"https:\/\/obera.fr\/tr\/wp-json\/wp\/v2\/tags?post=95687"}],"curies":[{"name":"wp","href":"https:\/\/api.w.org\/{rel}","templated":true}]}}