{"id":96385,"date":"2021-09-15T15:46:47","date_gmt":"2021-09-15T13:46:47","guid":{"rendered":"https:\/\/obera.fr\/conseils\/journal-france-2-purificateurs-d-air-covid\/"},"modified":"2025-05-06T11:03:40","modified_gmt":"2025-05-06T09:03:40","slug":"journal-france-2-purificateurs-d-air-covid","status":"publish","type":"post","link":"https:\/\/obera.fr\/tr\/bizim-tavsiyemiz\/journal-france-2-purificateurs-d-air-covid\/","title":{"rendered":"OberA anti-kovid hava temizleyicileri France 2&#8217;de saat 8 haberlerinde"},"content":{"rendered":"\n<h2 class=\"wp-block-heading\" id=\"la-video-de-notre-intervention-sur-l-efficacite-des-purificateurs-d-air-contre-le-covid-19\">Hava temizleyicilerin COVID-19&#8217;a kar\u015f\u0131 etkinli\u011fi \u00fczerine yapt\u0131\u011f\u0131m\u0131z konu\u015fman\u0131n videosu<\/h2>\n\n<p>France 2 kanal\u0131nda saat 8 haberlerine kat\u0131lmaktan memnuniyet duyduk. Bu belgeselde, hava temizleyicilerin koronavir\u00fcse kar\u015f\u0131 etkinli\u011fi hakk\u0131ndaki soruyu yan\u0131tlamaya \u00e7al\u0131\u015ft\u0131k. Haberdeki okul gibi, b\u00f6lgeye ba\u011fl\u0131 olarak, yeni okul y\u0131l\u0131na g\u00fcvenli bir ba\u015flang\u0131\u00e7 i\u00e7in sa\u011fl\u0131kl\u0131 hava sa\u011flamak \u00fczere s\u00fcbvansiyon almak m\u00fcmk\u00fcnd\u00fcr. Covid kar\u015f\u0131t\u0131 hava temizleyicilerimiz, vir\u00fcsleri %99,99 oran\u0131nda ar\u0131tabilen y\u00fcksek verimli HEPA filtreleme ile donat\u0131lm\u0131\u015ft\u0131r, bu da Covid-19 ile etkili bir \u015fekilde m\u00fccadele edebilecekleri anlam\u0131na gelir.   <\/p>\n\n<figure class=\"wp-block-image aligncenter size-full is-resized\"><a href=\"https:\/\/www.francetvinfo.fr\/sante\/maladie\/coronavirus\/covid-19-les-purificateurs-d-air-sont-ils-vraiment-efficaces_4755529.html\"><img decoding=\"async\" src=\"https:\/\/obera.fr\/wp-content\/uploads\/2021\/09\/OberA-France-2-purificateurs-anti-covid.jpg\" alt=\"obera france 2 anti&#x307; covid ariticilar\" class=\"wp-image-6862\" width=\"627\" height=\"352\" srcset=\"https:\/\/obera.fr\/wp-content\/uploads\/2021\/09\/OberA-France-2-purificateurs-anti-covid.jpg 939w, https:\/\/obera.fr\/wp-content\/uploads\/2021\/09\/OberA-France-2-purificateurs-anti-covid-300x168.jpg 300w, https:\/\/obera.fr\/wp-content\/uploads\/2021\/09\/OberA-France-2-purificateurs-anti-covid-768x431.jpg 768w\" sizes=\"(max-width: 627px) 100vw, 627px\" \/><\/a><\/figure>\n\n<div class=\"wp-block-buttons is-horizontal is-content-justification-center is-layout-flex wp-container-core-buttons-is-layout-03627597 wp-block-buttons-is-layout-flex\">\n<div class=\"wp-block-button\"><a class=\"wp-block-button__link wp-element-button\" href=\"https:\/\/www.francetvinfo.fr\/sante\/maladie\/coronavirus\/covid-19-les-purificateurs-d-air-sont-ils-vraiment-efficaces_4755529.html\">videoyu izleyin<\/a><\/div>\n<\/div>\n\n<div style=\"height:25px\" aria-hidden=\"true\" class=\"wp-block-spacer\"><\/div>\n\n<h2 class=\"wp-block-heading\" id=\"notre-guide-covid-19\">Covid-19 rehberimiz<\/h2>\n\n<p>\u015eirket binalar\u0131n\u0131n vir\u00fcs ve bakterilerden ar\u0131nd\u0131r\u0131lmas\u0131, kafe, otel, restoran, okul, kre\u015f ve di\u011ferleri gibi farkl\u0131 ERP&#8217;lerde (Halk\u0131 Kabul Eden Kurulu\u015flar) covid&#8217;in nas\u0131l tedavi edilece\u011fi hakk\u0131nda konu\u015ftu\u011fumuz COVID-19 k\u0131lavuzumuzu bulabilirsiniz. Ayr\u0131ca ihtiya\u00e7lar\u0131n\u0131z i\u00e7in do\u011fru ekipman\u0131 se\u00e7menize yard\u0131mc\u0131 olmak i\u00e7in \u00fcr\u00fcnlerimizi kar\u015f\u0131la\u015ft\u0131r\u0131yoruz. Son olarak, HEPA H14 filtrasyonu ve CO2&#8217;nin koronavir\u00fcsle m\u00fccadeledeki \u00f6nemi hakk\u0131nda konu\u015fuyoruz.    <\/p>\n\n<div class=\"wp-block-buttons is-horizontal is-content-justification-center is-layout-flex wp-container-core-buttons-is-layout-03627597 wp-block-buttons-is-layout-flex\">\n<div class=\"wp-block-button\"><a class=\"wp-block-button__link wp-element-button\" href=\"https:\/\/obera.fr\/tr\/bizim-tavsiyemiz\/purificateurs-air-efficaces-coronavirus\/\">covid-19 k\u0131lavuzuna bak\u0131n<\/a><\/div>\n<\/div>\n\n<div style=\"height:25px\" aria-hidden=\"true\" class=\"wp-block-spacer\"><\/div>\n\n<h2 class=\"wp-block-heading\" id=\"les-appareils-obera-de-la-gamme-anti-covid\">Anti-kovid aral\u0131\u011f\u0131ndaki OberA cihazlar\u0131<\/h2>\n\n<p>OBERA y\u00fcksek verimli hava temizleyicileri, havada bulunan bula\u015f\u0131c\u0131 viral partik\u00fcllerin %99,995&#8217;inden fazlas\u0131n\u0131 yakalayabilir. HEPA* H13 ve H14 vir\u00fcs filtreleri (*y\u00fcksek verimlilik seviyeleri) vir\u00fcsleri, bakterileri ve di\u011fer mikro organizmalar\u0131 tedavi eder. Korona pandemisine ra\u011fmen tesislerinizi kullan\u0131labilir ve daha g\u00fcvenli tutmak i\u00e7in anti-vir\u00fcs hava temizleyicilerin saatte i\u00e7 mekan hava hacminin en az 5 kat\u0131n\u0131 (Frans\u0131z Halk Sa\u011fl\u0131\u011f\u0131 Y\u00fcksek Komisyonu (HCSP) taraf\u0131ndan \u00f6nerildi\u011fi gibi) i\u015flemesi genellikle tavsiye edilir.  <\/p>\n\n<div class=\"wp-block-buttons is-horizontal is-content-justification-center is-layout-flex wp-container-core-buttons-is-layout-03627597 wp-block-buttons-is-layout-flex\">\n<div class=\"wp-block-button\"><a class=\"wp-block-button__link wp-element-button\" href=\"https:\/\/obera.fr\/tr\/produits\/purificateurs-air\/covid-19-anti-virus-ve-anti-bakteriyel-hava-temizleyicileri\/#decouvrez_nos_appareils_de_purification_drsquoair_contre_les_virus_et_bacteries_dont_covid-19\">ANT\u0130-covid \u00dcR\u00dcNLER\u0130NE BAKIN<\/a><\/div>\n<\/div>\n","protected":false},"excerpt":{"rendered":"<p>France 2 kanal\u0131nda saat 8 haberlerine kat\u0131lma \u015ferefine nail olduk. Bu belgeselde, hava temizleyicilerin koronavir\u00fcse kar\u015f\u0131 etkinli\u011fi sorusunu yan\u0131tlamaya \u00e7al\u0131\u015ft\u0131k. <\/p>\n","protected":false},"author":4,"featured_media":96225,"comment_status":"open","ping_status":"closed","sticky":false,"template":"","format":"standard","meta":{"_acf_changed":false,"_seopress_robots_primary_cat":"none","_seopress_titles_title":"Fransa 2: Anti-covid obera hava temizleyicilerin etkinli\u011fi","_seopress_titles_desc":"France 2 kanal\u0131nda saat 8 haberlerine kat\u0131lma \u015ferefine nail olduk. Covid-19'a kar\u015f\u0131 hava temizleyicilerin etkinli\u011fi sorusunu yan\u0131tl\u0131yoruz. ","_seopress_robots_index":"","footnotes":""},"categories":[299],"tags":[306],"class_list":["post-96385","post","type-post","status-publish","format-standard","has-post-thumbnail","hentry","category-bizim-tavsiyemiz","tag-entete-small-tr","generate-columns","tablet-grid-50","mobile-grid-100","grid-parent","grid-50","no-featured-image-padding","resize-featured-image"],"acf":[],"_links":{"self":[{"href":"https:\/\/obera.fr\/tr\/wp-json\/wp\/v2\/posts\/96385","targetHints":{"allow":["GET"]}}],"collection":[{"href":"https:\/\/obera.fr\/tr\/wp-json\/wp\/v2\/posts"}],"about":[{"href":"https:\/\/obera.fr\/tr\/wp-json\/wp\/v2\/types\/post"}],"author":[{"embeddable":true,"href":"https:\/\/obera.fr\/tr\/wp-json\/wp\/v2\/users\/4"}],"replies":[{"embeddable":true,"href":"https:\/\/obera.fr\/tr\/wp-json\/wp\/v2\/comments?post=96385"}],"version-history":[{"count":1,"href":"https:\/\/obera.fr\/tr\/wp-json\/wp\/v2\/posts\/96385\/revisions"}],"predecessor-version":[{"id":96388,"href":"https:\/\/obera.fr\/tr\/wp-json\/wp\/v2\/posts\/96385\/revisions\/96388"}],"wp:featuredmedia":[{"embeddable":true,"href":"https:\/\/obera.fr\/tr\/wp-json\/wp\/v2\/media\/96225"}],"wp:attachment":[{"href":"https:\/\/obera.fr\/tr\/wp-json\/wp\/v2\/media?parent=96385"}],"wp:term":[{"taxonomy":"category","embeddable":true,"href":"https:\/\/obera.fr\/tr\/wp-json\/wp\/v2\/categories?post=96385"},{"taxonomy":"post_tag","embeddable":true,"href":"https:\/\/obera.fr\/tr\/wp-json\/wp\/v2\/tags?post=96385"}],"curies":[{"name":"wp","href":"https:\/\/api.w.org\/{rel}","templated":true}]}}