{"id":96431,"date":"2021-10-20T15:35:28","date_gmt":"2021-10-20T13:35:28","guid":{"rendered":"https:\/\/obera.fr\/conseils\/comment-rafraichissement-evaporation-ameliorer-production-industrielle\/"},"modified":"2025-05-06T11:05:24","modified_gmt":"2025-05-06T09:05:24","slug":"comment-rafraichissement-evaporation-ameliorer-production-industrielle","status":"publish","type":"post","link":"https:\/\/obera.fr\/tr\/bizim-tavsiyemiz\/comment-rafraichissement-evaporation-ameliorer-production-industrielle\/","title":{"rendered":"Evaporatif so\u011futma end\u00fcstriyel \u00fcretimi nas\u0131l geli\u015ftirebilir?"},"content":{"rendered":"\n<p>Temmuz 2023, meteorolojik kay\u0131tlar ba\u015flad\u0131\u011f\u0131ndan beri d\u00fcnya i\u00e7in kaydedilen en s\u0131cak ay: k\u00fcresel \u0131s\u0131nma h\u0131zlan\u0131yor. Bunun t\u00fcm \u00e7al\u0131\u015fma ortamlar\u0131 \u00fczerinde etkisi var. \u00d6zellikle de iklimlendirmenin ekonomik bir so\u011futma sistemi olamayacak kadar fazla enerji t\u00fcketti\u011fi <strong>end\u00fcstriyel \u00fcretimde<\/strong>. Adyabatik s\u00fcre\u00e7leri kullanarak iklimlendirmeye yeni bir yakla\u015f\u0131m ke\u015ffedin.   <\/p>\n\n<h2 class=\"wp-block-heading\">Artan s\u0131cakl\u0131klar\u0131n end\u00fcstriyel \u00fcretim \u00fczerindeki etkisi<\/h2>\n\n<div class=\"wp-block-columns are-vertically-aligned-center is-layout-flex wp-container-core-columns-is-layout-28f84493 wp-block-columns-is-layout-flex\">\n<div class=\"wp-block-column is-vertically-aligned-center is-layout-flow wp-block-column-is-layout-flow\" style=\"flex-basis:33.33%\">\n<figure class=\"wp-block-image aligncenter size-large is-resized\"><img decoding=\"async\" width=\"1024\" height=\"595\" src=\"https:\/\/obera.fr\/wp-content\/uploads\/2021\/10\/thermometer-ge272eddee_1920-1-1024x595.jpg\" alt=\"Y&#xFC;kselen s&#x131;cakl&#x131;klar\" class=\"wp-image-7085\" style=\"width:363px;height:210px\" srcset=\"https:\/\/obera.fr\/wp-content\/uploads\/2021\/10\/thermometer-ge272eddee_1920-1-1024x595.jpg 1024w, https:\/\/obera.fr\/wp-content\/uploads\/2021\/10\/thermometer-ge272eddee_1920-1-300x174.jpg 300w, https:\/\/obera.fr\/wp-content\/uploads\/2021\/10\/thermometer-ge272eddee_1920-1-768x446.jpg 768w, https:\/\/obera.fr\/wp-content\/uploads\/2021\/10\/thermometer-ge272eddee_1920-1-1536x893.jpg 1536w, https:\/\/obera.fr\/wp-content\/uploads\/2021\/10\/thermometer-ge272eddee_1920-1.jpg 1920w\" sizes=\"(max-width: 1024px) 100vw, 1024px\" \/><\/figure>\n<\/div>\n\n\n\n<div class=\"wp-block-column is-vertically-aligned-center is-layout-flow wp-block-column-is-layout-flow\"><\/div>\n\n\n\n<div class=\"wp-block-column is-vertically-aligned-center is-layout-flow wp-block-column-is-layout-flow\" style=\"flex-basis:66.66%\">\n<p>Is\u0131 tepe noktalar\u0131, <strong>belirli end\u00fcstriyel proseslerin s\u0131cakl\u0131\u011f\u0131n\u0131<\/strong> kontrol etme zorlu\u011funu art\u0131r\u0131r. Is\u0131, f\u0131r\u0131nlar, makineler vb. gibi \u00fcretim sistemindeki bir\u00e7ok ekipman\u0131n \u00e7al\u0131\u015fmas\u0131yla ortaya \u00e7\u0131kar. Buna ek olarak, y\u00fckleme ve bo\u015faltma i\u015flemleri gibi yo\u011fun fiziksel \u00e7al\u0131\u015fma y\u00fcr\u00fcten personel de s\u0131cakl\u0131k art\u0131\u015f\u0131na katk\u0131da bulunur.  <\/p>\n\n\n\n<p>Buna bir de binan\u0131n \u0131s\u0131 ile ilgili davran\u0131\u015f\u0131 eklenir. Binan\u0131n yal\u0131t\u0131m\u0131, havaland\u0131rmas\u0131, konfig\u00fcrasyonu ve konumu i\u00e7 ortam s\u0131cakl\u0131\u011f\u0131 \u00fczerinde ve dolay\u0131s\u0131yla bir so\u011futma sisteminin <strong>\u00fcretim \u0131s\u0131s\u0131n\u0131<\/strong> ortadan kald\u0131rmadaki etkinli\u011fi \u00fczerinde etkilidir. <\/p>\n\n\n\n<p>S\u0131cakl\u0131\u011f\u0131n kontrol edilmesi, \u00fcretim sisteminin ekonomik verimlili\u011fi ve kalitesi \u00fczerinde etkilidir. A\u015f\u0131r\u0131 s\u0131cakl\u0131k \u00e7al\u0131\u015fanlar\u0131n verimlili\u011fini d\u00fc\u015f\u00fcr\u00fcr, sa\u011fl\u0131klar\u0131n\u0131 riske atar, onlar\u0131 kalitesiz \u00fcr\u00fcn riskine maruz b\u0131rak\u0131r ve ba\u015fta motorlar olmak \u00fczere <strong>\u00fcretim ekipmanlar\u0131n\u0131n<\/strong> \u00e7al\u0131\u015fmas\u0131n\u0131 bozar. <\/p>\n<\/div>\n<\/div>\n\n<h2 class=\"wp-block-heading\">Neden giderek daha fazla tesis evaporatif so\u011futmaya y\u00f6neliyor?<\/h2>\n\n<p>Yak\u0131n zamana kadar <a href=\"https:\/\/obera.fr\/conseils\/rafraichissement-air-evaporation-production-automobile\/\">evaporatif so\u011futma<\/a> Avrupa&#8217;da yayg\u0131n olarak bilinmiyordu. S\u0131cak hava dalgalar\u0131ndan bu yana Avrupal\u0131 \u00fcreticiler, standart iklimlendirmenin ya \u00e7ok pahal\u0131 oldu\u011fu ya da uygulanmas\u0131n\u0131n imkans\u0131z oldu\u011fu a\u015f\u0131r\u0131 \u00e7al\u0131\u015fma ko\u015fullar\u0131ndaki b\u00fcy\u00fck potansiyelinin fark\u0131na vard\u0131. <\/p>\n\n<p>Geleneksel iklimlendirme \u00e7\u00f6z\u00fcmleriyle kar\u015f\u0131la\u015ft\u0131r\u0131ld\u0131\u011f\u0131nda, evaporatif so\u011futma \u00fcniteleri end\u00fcstriyel \u00fcretimde \u00f6nemli <strong>pratik ve ekonomik<\/strong> avantajlar sunmaktad\u0131r:<\/p>\n\n<h3 class=\"wp-block-heading\">Enerji maliyetlerinin azalt\u0131lmas\u0131<\/h3>\n\n<div class=\"wp-block-columns is-layout-flex wp-container-core-columns-is-layout-28f84493 wp-block-columns-is-layout-flex\">\n<div class=\"wp-block-column is-vertically-aligned-center is-layout-flow wp-block-column-is-layout-flow\" style=\"flex-basis:33.33%\">\n<figure class=\"wp-block-image aligncenter size-full is-resized\"><img decoding=\"async\" width=\"500\" height=\"500\" src=\"https:\/\/obera.fr\/wp-content\/uploads\/2021\/11\/Sans-titre-2021-11-02T135811.740.png\" alt=\"Daha d&#xFC;&#x15F;&#xFC;k enerji maliyetleri\" class=\"wp-image-7433\" style=\"width:121px;height:121px\" srcset=\"https:\/\/obera.fr\/wp-content\/uploads\/2021\/11\/Sans-titre-2021-11-02T135811.740.png 500w, https:\/\/obera.fr\/wp-content\/uploads\/2021\/11\/Sans-titre-2021-11-02T135811.740-300x300.png 300w, https:\/\/obera.fr\/wp-content\/uploads\/2021\/11\/Sans-titre-2021-11-02T135811.740-150x150.png 150w\" sizes=\"(max-width: 500px) 100vw, 500px\" \/><\/figure>\n<\/div>\n\n\n\n<div class=\"wp-block-column is-layout-flow wp-block-column-is-layout-flow\" style=\"flex-basis:66.66%\">\n<p>Avrupa Birli\u011fi&#8217;ndeki \u015firketler \u00fczerinde yap\u0131lan son ara\u015ft\u0131rmalara g\u00f6re enerji, temel kimyasallar, suni elyaf, demir, \u00e7elik ve ka\u011f\u0131t gibi<strong> sekt\u00f6rlerde \u00fcretim<\/strong> maliyetlerinin ortalama %6 ila %9&#8217;unu olu\u015fturmaktad\u0131r.<\/p>\n\n\n\n<p>Standart iklimlendirme sistemlerinin aksine, <a href=\"https:\/\/obera.fr\/tr\/produits\/rafraichisseurs-air\/\">end\u00fcstriyel hava so\u011futucular\u0131<\/a> so\u011futma enerjilerinin %90&#8217;\u0131n\u0131 buharla\u015fmadan elde eder.<strong> Adyabatik so\u011futucular<\/strong>, d\u0131\u015f havadan buharla\u015ft\u0131rmak i\u00e7in gereken suyun gizli \u0131s\u0131s\u0131na e\u015fde\u011fer enerji \u00e7eker. Bu nedenle havay\u0131 ayn\u0131 hacimde da\u011f\u0131tmak i\u00e7in bir kliman\u0131n elektri\u011finin %10&#8217;unu kullan\u0131rlar.  <br\/><br\/>Artan enerji maliyetleri (gaz, elektrik vb.) ve \u00fcretim s\u00fcre\u00e7lerinde karbon ayak izinin azalt\u0131lmas\u0131 ba\u011flam\u0131nda <strong>adyabatik so\u011futma<\/strong> son derece mant\u0131kl\u0131d\u0131r.<\/p>\n<\/div>\n<\/div>\n\n<h3 class=\"wp-block-heading\">Daha iyi \u00fcretkenlik<\/h3>\n\n<div class=\"wp-block-columns is-layout-flex wp-container-core-columns-is-layout-28f84493 wp-block-columns-is-layout-flex\">\n<div class=\"wp-block-column is-vertically-aligned-center is-layout-flow wp-block-column-is-layout-flow\" style=\"flex-basis:33.33%\">\n<figure class=\"wp-block-image aligncenter size-full is-resized\"><img decoding=\"async\" width=\"500\" height=\"500\" src=\"https:\/\/obera.fr\/wp-content\/uploads\/2021\/11\/Productivite-croissance.png\" alt=\"&#xFC;retkenli&#x11F;in art&#x131;r&#x131;lmas&#x131;\" class=\"wp-image-7435\" style=\"width:125px;height:125px\" srcset=\"https:\/\/obera.fr\/wp-content\/uploads\/2021\/11\/Productivite-croissance.png 500w, https:\/\/obera.fr\/wp-content\/uploads\/2021\/11\/Productivite-croissance-300x300.png 300w, https:\/\/obera.fr\/wp-content\/uploads\/2021\/11\/Productivite-croissance-150x150.png 150w\" sizes=\"(max-width: 500px) 100vw, 500px\" \/><\/figure>\n<\/div>\n\n\n\n<div class=\"wp-block-column is-layout-flow wp-block-column-is-layout-flow\" style=\"flex-basis:66.66%\">\n<p>Normal \u00e7al\u0131\u015fma konforu s\u0131cakl\u0131\u011f\u0131n\u0131n \u00fczerindeki her ilave derece \u00fcretkenli\u011fi azalt\u0131r. <strong>Performans fiziksel aktiviteye ba\u011fl\u0131<\/strong> oldu\u011funda \u00fcretim \u00fczerindeki bask\u0131 daha da artar. Rahats\u0131z edici aral\u0131kta, herhangi bir ek \u0131s\u0131 v\u00fccudu zay\u0131flatacak, konsantrasyonu azaltacak ve i\u015flev bozuklu\u011funu te\u015fvik edecektir.  <\/p>\n\n\n\n<p>Bir evaporatif so\u011futucu a\u00e7\u0131k bir ortamda bile etkili bir \u015fekilde \u00e7al\u0131\u015f\u0131r. A\u015f\u0131r\u0131 \u0131s\u0131n\u0131n verimlili\u011fi d\u00fc\u015f\u00fcrd\u00fc\u011f\u00fc her yere temiz hava getirir; hem i\u00e7 hem de d\u0131\u015f mekanlarda. Kap\u0131lar a\u00e7\u0131ld\u0131\u011f\u0131nda veya bir lojistik r\u0131ht\u0131m\u0131n\u0131 ya da bir treylerin i\u00e7ini so\u011futman\u0131z gerekti\u011finde<strong> so\u011futma verimlili\u011fi<\/strong> yava\u015flamaz. <\/p>\n<\/div>\n<\/div>\n\n<h3 class=\"wp-block-heading\">Daha g\u00fcvenli \u00e7al\u0131\u015fma ortamlar\u0131<\/h3>\n\n<div class=\"wp-block-columns is-layout-flex wp-container-core-columns-is-layout-28f84493 wp-block-columns-is-layout-flex\">\n<div class=\"wp-block-column is-vertically-aligned-center is-layout-flow wp-block-column-is-layout-flow\" style=\"flex-basis:33.33%\">\n<figure class=\"wp-block-image aligncenter size-full is-resized\"><img decoding=\"async\" width=\"500\" height=\"500\" src=\"https:\/\/obera.fr\/wp-content\/uploads\/2021\/11\/Sans-titre-2021-11-02T141120.556.png\" alt=\"G&#xFC;venli &#xE7;al&#x131;&#x15F;ma ortam&#x131;&#10;\" class=\"wp-image-7436\" style=\"width:117px;height:117px\" srcset=\"https:\/\/obera.fr\/wp-content\/uploads\/2021\/11\/Sans-titre-2021-11-02T141120.556.png 500w, https:\/\/obera.fr\/wp-content\/uploads\/2021\/11\/Sans-titre-2021-11-02T141120.556-300x300.png 300w, https:\/\/obera.fr\/wp-content\/uploads\/2021\/11\/Sans-titre-2021-11-02T141120.556-150x150.png 150w\" sizes=\"(max-width: 500px) 100vw, 500px\" \/><\/figure>\n<\/div>\n\n\n\n<div class=\"wp-block-column is-layout-flow wp-block-column-is-layout-flow\" style=\"flex-basis:66.66%\">\n<p>\u00dcretim sistemlerinin g\u00fcvenli\u011fine ra\u011fmen, <strong>\u0131s\u0131ya ba\u011fl\u0131 kazalar<\/strong> s\u0131k\u00e7a meydana gelmektedir. S\u0131cakl\u0131k 39\u00b0C&#8217;yi a\u015ft\u0131\u011f\u0131nda, bir \u00fcretim tesisinden yay\u0131lan \u0131s\u0131 ak\u0131\u015f\u0131 \u00f6l\u00fcmc\u00fcl olabilir. V\u00fccut kendini so\u011futmakta zorluk \u00e7eker. Bu durum dikkat ve motor becerilerin azalmas\u0131na yol a\u00e7arak end\u00fcstriyel ekipman kullan\u0131m\u0131nda kaza riskini art\u0131r\u0131r. Ard\u0131ndan ba\u015f d\u00f6nmesi, halsizlik, kramplar, mide bulant\u0131s\u0131 vb. ile karakterize edilen \u0131s\u0131 stresi gelir. Tedavi edilmezse, s\u0131cak \u00e7arpmas\u0131 kal\u0131c\u0131 sakatl\u0131\u011fa veya \u00f6l\u00fcme yol a\u00e7abilir.     <\/p>\n\n\n\n<p>Bu a\u015f\u0131r\u0131 ko\u015fullarda <strong>evaporatif so\u011futucular<\/strong> tam so\u011futma verimlili\u011fini korur. \u0130\u015fyeri s\u0131cakl\u0131\u011f\u0131na ili\u015fkin AB d\u00fczenlemelerinin gerekliliklerini kar\u015f\u0131larken \u00e7al\u0131\u015fanlar\u0131n g\u00fcvenli\u011fini sa\u011flarlar. <\/p>\n<\/div>\n<\/div>\n\n<h2 class=\"wp-block-heading\">Nas\u0131l \u00e7al\u0131\u015f\u0131r<\/h2>\n\n<figure class=\"wp-block-image alignright size-full is-resized\"><img decoding=\"async\" width=\"661\" height=\"267\" src=\"https:\/\/obera.fr\/wp-content\/uploads\/2021\/10\/Capture-decran-2021-10-06-100819.jpg\" alt=\"Adyabatik so&#x11F;utma i&#x15F;lemi\" class=\"wp-image-7087\" style=\"width:551px;height:222px\" srcset=\"https:\/\/obera.fr\/wp-content\/uploads\/2021\/10\/Capture-decran-2021-10-06-100819.jpg 661w, https:\/\/obera.fr\/wp-content\/uploads\/2021\/10\/Capture-decran-2021-10-06-100819-300x121.jpg 300w\" sizes=\"(max-width: 661px) 100vw, 661px\" \/><\/figure>\n\n<p>Evaporatif so\u011futma \u00fcniteleri d\u0131\u015far\u0131daki <strong>s\u0131cak havay\u0131<\/strong> \u00e7eker ve i\u00e7eride<strong> serin, taze bir esintiye<\/strong> <strong>d\u00f6n\u00fc\u015ft\u00fcr\u00fcr <\/strong>. Bunu yapmak i\u00e7in klima sistemleri, bir e\u015fanj\u00f6r i\u00e7inde en \u00fcst d\u00fczeye \u00e7\u0131kard\u0131\u011f\u0131 <strong>do\u011fal<\/strong> su buharla\u015ft\u0131rma <strong>s\u00fcrecine<\/strong> dayan\u0131r. So\u011futma i\u015flemi bu \u015fekilde \u00e7al\u0131\u015f\u0131r.    <br\/><br\/>Bir fan havay\u0131, hava-su temas\u0131n\u0131 optimize etmek i\u00e7in tasarlanm\u0131\u015f, suya bat\u0131r\u0131lm\u0131\u015f bir petek duvar\u0131n \u00fczerine y\u00f6nlendirir. Hava duvardan ge\u00e7erken, h\u00fccrelerde dola\u015fan suyun bir gaza d\u00f6n\u00fc\u015fmesi i\u00e7in gereken termal enerjiyi sa\u011flar. Faz de\u011fi\u015fim enerjisi <strong>sistemin so\u011futma<\/strong> enerjisini temsil eder. \u00c7\u0131k\u0131\u015fta hava s\u0131cakl\u0131\u011f\u0131 d\u00fc\u015fm\u00fc\u015f ve nem seviyesi artm\u0131\u015ft\u0131r. So\u011futucu, so\u011futulmu\u015f havay\u0131 binan\u0131n i\u00e7ine p\u00fcsk\u00fcrt\u00fcr ve bu hava daha sonra a\u00e7\u0131kl\u0131klardan d\u0131\u015far\u0131 at\u0131l\u0131r. So\u011futulacak hacim 5 dakika i\u00e7inde yenilenir.     <\/p>\n\n<p><strong>Evaporatif so\u011futma<\/strong> ve end\u00fcstriyel \u00fcretimdeki artan rol\u00fc hakk\u0131nda daha fazla bilgi edinmek veya ihtiya\u00e7lar\u0131n\u0131za en uygun sistemi se\u00e7menize yard\u0131mc\u0131 olmak i\u00e7in ileti\u015fim formumuz arac\u0131l\u0131\u011f\u0131yla uzman ekibimizle ileti\u015fime ge\u00e7in.<\/p>\n\n<div class=\"wp-block-buttons is-horizontal is-content-justification-center is-layout-flex wp-container-core-buttons-is-layout-03627597 wp-block-buttons-is-layout-flex\">\n<div class=\"wp-block-button\"><a class=\"wp-block-button__link wp-element-button\" href=\"https:\/\/obera.fr\/conseils\/faq-rafraichisseurs-air-adiabatique\/\">SSS Adyabatik hava so\u011futucular\u0131<\/a><\/div>\n<\/div>\n","protected":false},"excerpt":{"rendered":"<p>Avrupa genelinde y\u00fcksek s\u0131cakl\u0131klar artmakta olup, son on y\u0131l kay\u0131tlara ge\u00e7en en s\u0131cak y\u0131l olmu\u015ftur. Hatta 2020, 19. y\u00fczy\u0131ldaki ortalama y\u0131ldan 1,2\u00b0C daha s\u0131cak olarak kay\u0131tlara ge\u00e7en en s\u0131cak y\u0131l oldu. <\/p>\n","protected":false},"author":4,"featured_media":96272,"comment_status":"open","ping_status":"closed","sticky":false,"template":"","format":"standard","meta":{"_acf_changed":false,"_seopress_robots_primary_cat":"none","_seopress_titles_title":"Evaporatif so\u011futma ve end\u00fcstriyel \u00fcretim","_seopress_titles_desc":"End\u00fcstriyel \u00fcretim, \u00e7al\u0131\u015fanlar\u0131n ve \u015firketin refah\u0131 i\u00e7in evaporatif hava so\u011futman\u0131n faydalar\u0131n\u0131 ve avantajlar\u0131n\u0131 ke\u015ffedin.","_seopress_robots_index":"","footnotes":""},"categories":[299],"tags":[306],"class_list":["post-96431","post","type-post","status-publish","format-standard","has-post-thumbnail","hentry","category-bizim-tavsiyemiz","tag-entete-small-tr","generate-columns","tablet-grid-50","mobile-grid-100","grid-parent","grid-50","no-featured-image-padding","resize-featured-image"],"acf":[],"_links":{"self":[{"href":"https:\/\/obera.fr\/tr\/wp-json\/wp\/v2\/posts\/96431","targetHints":{"allow":["GET"]}}],"collection":[{"href":"https:\/\/obera.fr\/tr\/wp-json\/wp\/v2\/posts"}],"about":[{"href":"https:\/\/obera.fr\/tr\/wp-json\/wp\/v2\/types\/post"}],"author":[{"embeddable":true,"href":"https:\/\/obera.fr\/tr\/wp-json\/wp\/v2\/users\/4"}],"replies":[{"embeddable":true,"href":"https:\/\/obera.fr\/tr\/wp-json\/wp\/v2\/comments?post=96431"}],"version-history":[{"count":1,"href":"https:\/\/obera.fr\/tr\/wp-json\/wp\/v2\/posts\/96431\/revisions"}],"predecessor-version":[{"id":96433,"href":"https:\/\/obera.fr\/tr\/wp-json\/wp\/v2\/posts\/96431\/revisions\/96433"}],"wp:featuredmedia":[{"embeddable":true,"href":"https:\/\/obera.fr\/tr\/wp-json\/wp\/v2\/media\/96272"}],"wp:attachment":[{"href":"https:\/\/obera.fr\/tr\/wp-json\/wp\/v2\/media?parent=96431"}],"wp:term":[{"taxonomy":"category","embeddable":true,"href":"https:\/\/obera.fr\/tr\/wp-json\/wp\/v2\/categories?post=96431"},{"taxonomy":"post_tag","embeddable":true,"href":"https:\/\/obera.fr\/tr\/wp-json\/wp\/v2\/tags?post=96431"}],"curies":[{"name":"wp","href":"https:\/\/api.w.org\/{rel}","templated":true}]}}