{"id":96479,"date":"2021-07-16T16:22:06","date_gmt":"2021-07-16T14:22:06","guid":{"rendered":"https:\/\/obera.fr\/conseils\/purificateurs-d-air-contre-covid-19-creches-maternelles-ecoles-colleges-lycees\/"},"modified":"2025-05-06T11:07:50","modified_gmt":"2025-05-06T09:07:50","slug":"purificateurs-d-air-contre-covid-19-creches-maternelles-ecoles-colleges-lycees","status":"publish","type":"post","link":"https:\/\/obera.fr\/tr\/bizim-tavsiyemiz\/purificateurs-d-air-contre-covid-19-creches-maternelles-ecoles-colleges-lycees\/","title":{"rendered":"Hava temizleyicilerimiz kre\u015flerde, anaokullar\u0131nda, okullarda ve kolejlerde Covid-19&#8217;a kar\u015f\u0131 etkilidir."},"content":{"rendered":"\n<h2 class=\"wp-block-heading\">\u00c7ocuklar\u0131m\u0131z\u0131 koruyarak kendimizi ve ba\u015fkalar\u0131n\u0131 da korumu\u015f oluruz.  <\/h2>\n\n<p>\u00c7ocuklar\u0131m\u0131z\u0131n sa\u011fl\u0131\u011f\u0131 s\u00f6z konusu oldu\u011funda uyan\u0131k olmak bizim sorumlulu\u011fumuzdur. Neyse ki, \u00e7o\u011fu durumda \u00e7ocuklar ve gen\u00e7ler Sars-Cov-2&#8217;den sadece hafif bir \u015fekilde etkilenmekte ve zarar g\u00f6rmeden \u00e7\u0131kmaktad\u0131r, ancak riskler de mevcuttur. Okullar, kre\u015fler ve anaokullar\u0131ndaki temel sorun vir\u00fcs\u00fcn yay\u0131lma potansiyelidir. Enfekte olmu\u015f bir \u00e7ocuk d\u00fczinelerce ba\u015fka \u00e7ocu\u011fa vir\u00fcs\u00fc bula\u015ft\u0131rabilir ve onlar da vir\u00fcs\u00fc birka\u00e7 kez bula\u015ft\u0131rarak zincirleme bir reaksiyona neden olabilir. Ayr\u0131ca \u00e7ocuklar\u0131n kre\u015ften ya da okuldan eve d\u00f6nd\u00fcklerinde ebeveynlerine, karde\u015flerine ve daha y\u00fcksek sa\u011fl\u0131k riski ta\u015f\u0131yan ya\u015fl\u0131lara da vir\u00fcs\u00fc bula\u015ft\u0131rabileceklerini unutmamak gerekir.      <\/p>\n\n<blockquote class=\"wp-block-quote is-layout-flow wp-block-quote-is-layout-flow\">\n<p>Zaman kaybetmeyelim, erken davranal\u0131m ve m\u00fcmk\u00fcn oldu\u011funca tehlikeli vir\u00fcs ve bakterilerin ilk etapta yay\u0131lmamas\u0131n\u0131 sa\u011flayal\u0131m.<\/p>\n<\/blockquote>\n\n<figure class=\"wp-block-image alignright size-large is-resized\"><img decoding=\"async\" width=\"1024\" height=\"683\" src=\"https:\/\/obera.fr\/wp-content\/uploads\/2021\/07\/kids-1093758_1920-1024x683.jpg\" alt=\"&#xE7;ocuklar-&#xF6;&#x11F;renciler-okul\" class=\"wp-image-6304\" style=\"width:486px;height:324px\" srcset=\"https:\/\/obera.fr\/wp-content\/uploads\/2021\/07\/kids-1093758_1920-1024x683.jpg 1024w, https:\/\/obera.fr\/wp-content\/uploads\/2021\/07\/kids-1093758_1920-300x200.jpg 300w, https:\/\/obera.fr\/wp-content\/uploads\/2021\/07\/kids-1093758_1920-768x512.jpg 768w, https:\/\/obera.fr\/wp-content\/uploads\/2021\/07\/kids-1093758_1920-1536x1024.jpg 1536w, https:\/\/obera.fr\/wp-content\/uploads\/2021\/07\/kids-1093758_1920.jpg 1920w\" sizes=\"(max-width: 1024px) 100vw, 1024px\" \/><\/figure>\n\n<p>\u00c7ocuklar\u0131n ve gen\u00e7lerin bir araya geldi\u011fi her yerde ya\u015fam ve hareket garanti alt\u0131ndad\u0131r. SARS-CoV-2&#8217;den (Covid-19) bu yana y\u00fcr\u00fcrl\u00fc\u011fe giren mesafe ve el dezenfeksiyonuna ili\u015fkin yeni kurallar bula\u015fma potansiyelini azalt\u0131yor, ancak maalesef tamamen ortadan kald\u0131rm\u0131yor. <\/p>\n\n<p>Damlac\u0131k enfeksiyonuna ek olarak, aerosol kontaminasyonu da giderek daha fazla ilgi oda\u011f\u0131 olmaktad\u0131r. Bu aerosoller uzun s\u00fcre havada kalarak mesafe kurallar\u0131n\u0131 ihlal etmektedir. \u00c7ocuklar d\u0131\u015far\u0131da oldu\u011funda, d\u0131\u015far\u0131daki havan\u0131n ge\u00e7i\u015fi nedeniyle durum daha az sorunludur. Kapal\u0131 alanlarda ise enfeksiyon riski artmaktad\u0131r.   <\/p>\n\n<p><a href=\"https:\/\/obera.fr\/conseils\/comparer-prix-achat-purificateurs-air-anti-virus-covid-19\/\" data-type=\"post\" data-id=\"6759\">HEPA filtreleme sistemli profesyonel hava temizleyicileri<\/a>, s\u0131n\u0131flar, toplant\u0131 odalar\u0131, kantinler, yemekhaneler ve di\u011fer kapal\u0131 alanlardaki t\u00fcm havay\u0131 saatte 4 ila 8 kez filtreleyip yenileyerek mikroplar\u0131, vir\u00fcsleri ve bakterileri g\u00fcvenilir bir \u015fekilde etkisiz hale getirir.<\/p>\n\n<h2 class=\"wp-block-heading\">Okullar, kre\u015fler ve anaokullar\u0131 i\u00e7in etkili bir hava temizleyici sat\u0131n almak i\u00e7in temel kriterler:<\/h2>\n\n<ul class=\"wp-block-list\">\n<li>Filtre verimlili\u011fi yeterince y\u00fcksek olmal\u0131d\u0131r: en az HEPA H13 veya H14. HEPA 14 filtreleme, havada as\u0131l\u0131 duran &gt; 1 mikron partik\u00fcllerdeki vir\u00fcs ve bakterilerin %99,995 oran\u0131nda filtrelenmesini sa\u011flar. <\/li>\n\n\n\n<li>Hava ak\u0131\u015f h\u0131z\u0131 ve saat ba\u015f\u0131na hava de\u011fi\u015fim say\u0131s\u0131 (hava temizleyici kapasitesi): Saatte metrek\u00fcp olarak ifade edilen hava ak\u0131\u015f h\u0131z\u0131, odan\u0131n hava temizleyici taraf\u0131ndan i\u015flenebilecek y\u00fczey alan\u0131n\u0131 belirlemek i\u00e7in kullan\u0131l\u0131r. Ba\u015fka bir deyi\u015fle, cihazdan saatte ne kadar fazla hava ge\u00e7erse, odan\u0131n boyutu o kadar b\u00fcy\u00fck olur. Saat ba\u015f\u0131na hava de\u011fi\u015fim say\u0131s\u0131 bu ak\u0131\u015f h\u0131z\u0131ndan hesaplanabilir. Temel kural, bir hava temizleyicinin enfeksiyona kar\u015f\u0131 yeterli koruma sa\u011flamak i\u00e7in ortam havas\u0131n\u0131 saatte en az 5 kez filtreleyebilmesidir. Gelecekteki hava temizleyicinizin boyutland\u0131rmas\u0131n\u0131 bir uzmanla g\u00f6r\u00fc\u015fmek i\u00e7in <strong>bizimle ileti\u015fime<\/strong> ge\u00e7in.    <\/li>\n\n\n\n<li>G\u00fcr\u00fclt\u00fc seviyeleri \u00e7ok y\u00fcksek olmamal\u0131d\u0131r: OberA, bir s\u0131n\u0131f i\u00e7in tam g\u00fc\u00e7te 50dB&#8217;yi ve bir yemekhane i\u00e7in maksimum 60dB&#8217;yi a\u015fmamay\u0131 tavsiye eder. Bundan daha fazlas\u0131 dersleri veya tart\u0131\u015fmalar\u0131 aksatabilir. <\/li>\n\n\n\n<li>Ekipman s\u00fcrekli kullan\u0131ma uygun olmal\u0131d\u0131r: vir\u00fcs ara vermedi\u011finden, \u00f6\u011frenciler ve \u00f6\u011fretim personeli i\u00e7in optimum koruma sa\u011flamak i\u00e7in hava temizleyici bu ama\u00e7 i\u00e7in tasarlanmal\u0131d\u0131r. Bu nedenle cihazlar haftan\u0131n 7 g\u00fcn\u00fc, g\u00fcn\u00fcn 24 saati \u00e7al\u0131\u015f\u0131r durumdad\u0131r. <\/li>\n\n\n\n<li>Ultra ince partik\u00fcllere kar\u015f\u0131 etkinlik: Hava temizleme cihaz\u0131n\u0131z\u0131n vir\u00fcslere ve bakterilere kar\u015f\u0131 etkili oldu\u011fundan emin olmak i\u00e7in, ince partik\u00fcllere kar\u015f\u0131 filtreleme kapasitesini kontrol etmeniz gerekir. 1 mikrondan b\u00fcy\u00fck partik\u00fcllerin %99,995&#8217;ini filtreleyebilen HEPA14 filtrelemeyi \u00f6neriyoruz. <\/li>\n\n\n\n<li>\u0130\u015fletme ve bak\u0131m: Uzun \u00f6m\u00fcrl\u00fc filtrelere (geni\u015f filtre y\u00fczey alan\u0131) sahip ekipmanlar\u0131n se\u00e7ilmesi ve bunlar\u0131n i\u015fletme personeli taraf\u0131ndan kullan\u0131m\u0131n\u0131n ve bak\u0131m\u0131n\u0131n kolay olmas\u0131n\u0131n sa\u011flanmas\u0131 \u00f6nemlidir.  <\/li>\n<\/ul>\n\n<div class=\"wp-block-buttons is-horizontal is-content-justification-center is-layout-flex wp-container-core-buttons-is-layout-03627597 wp-block-buttons-is-layout-flex\">\n<div class=\"wp-block-button has-custom-width wp-block-button__width-100\"><a class=\"wp-block-button__link wp-element-button\" href=\"https:\/\/obera.fr\/tr\/bize-ulasin\/\">Daha fazla bilgi edin<\/a><\/div>\n<\/div>\n\n<h3 class=\"wp-block-heading\"><strong>OberA, bir okulun gereksinimlerini kar\u015f\u0131layabilecek ve Covid-19 ile etkili bir \u015fekilde ba\u015fa \u00e7\u0131kabilecek bir \u00fcr\u00fcn yelpazesine sahiptir.<\/strong><\/h3>\n\n<div class=\"wp-block-columns is-layout-flex wp-container-core-columns-is-layout-28f84493 wp-block-columns-is-layout-flex\">\n<div class=\"wp-block-column is-vertically-aligned-center is-layout-flow wp-block-column-is-layout-flow\">\n<figure class=\"wp-block-image aligncenter size-full is-resized\"><a href=\"https:\/\/obera.fr\/produits\/purificateurs-air\/poussieres-epur-b01-ecoprime\/\"><img decoding=\"async\" width=\"500\" height=\"500\" src=\"https:\/\/obera.fr\/wp-content\/uploads\/2021\/07\/Sans-titre.png\" alt=\"isimsiz\" class=\"wp-image-6315\" style=\"width:304px;height:304px\" srcset=\"https:\/\/obera.fr\/wp-content\/uploads\/2021\/07\/Sans-titre.png 500w, https:\/\/obera.fr\/wp-content\/uploads\/2021\/07\/Sans-titre-300x300.png 300w, https:\/\/obera.fr\/wp-content\/uploads\/2021\/07\/Sans-titre-150x150.png 150w\" sizes=\"(max-width: 500px) 100vw, 500px\" \/><\/a><figcaption class=\"wp-element-caption\">EcoPrime<\/figcaption><\/figure>\n\n\n\n<p>EcoPrime&#8217;\u0131n k\u00fc\u00e7\u00fck ve hafif olmas\u0131 hareket etmesini kolayla\u015ft\u0131r\u0131r. Dahas\u0131, d\u00fc\u015f\u00fck \u00e7al\u0131\u015fma g\u00fcr\u00fclt\u00fcs\u00fc, konferans salonlar\u0131, bekleme odalar\u0131, ofisler vb. gibi herhangi bir odaya kurulabilece\u011fi anlam\u0131na gelir.   <\/p>\n\n\n\n<p><strong>EcoPrime hava temizleyici, saatte 190 metrek\u00fcpe kadar filtreleme kapasitesine sahiptir<\/strong> ve 60 metrekareye kadar alanlar i\u00e7in idealdir. V-protect ana filtre ile donat\u0131lm\u0131\u015f olup, 0,07 mikron kadar k\u00fc\u00e7\u00fck vir\u00fcs ve bakterileri %99,53&#8217;\u00fcn \u00fczerinde verimlilikle (ISO 29463 sertifikas\u0131) ar\u0131tabilir. <\/p>\n<\/div>\n\n\n\n<div class=\"wp-block-column is-vertically-aligned-top is-layout-flow wp-block-column-is-layout-flow\">\n<figure class=\"wp-block-image aligncenter size-full is-resized\"><a href=\"https:\/\/obera.fr\/produits\/purificateurs-air\/anti-covid-virus-bacteries\/epur05\/\"><img decoding=\"async\" width=\"600\" height=\"600\" src=\"https:\/\/obera.fr\/wp-content\/uploads\/2021\/05\/Sans-titre-17.jpg\" alt=\"epur05\" class=\"wp-image-5552\" style=\"width:326px;height:326px\" srcset=\"https:\/\/obera.fr\/wp-content\/uploads\/2021\/05\/Sans-titre-17.jpg 600w, https:\/\/obera.fr\/wp-content\/uploads\/2021\/05\/Sans-titre-17-300x300.jpg 300w, https:\/\/obera.fr\/wp-content\/uploads\/2021\/05\/Sans-titre-17-150x150.jpg 150w\" sizes=\"(max-width: 600px) 100vw, 600px\" \/><\/a><figcaption class=\"wp-element-caption\">ePUR 05<\/figcaption><\/figure>\n\n\n\n<p><strong>EPUR05, vir\u00fcs ve bakterilerin yan\u0131 s\u0131ra ince toz<\/strong>, CMR ve aerosolleri <strong>de ar\u0131tabilen y\u00fcksek hassasiyetli bir filtre ile donat\u0131lm\u0131\u015f bir hava temizleyicidir<\/strong>. Bu temizleyici ayarlanabilir bir ak\u0131\u015f h\u0131z\u0131na sahiptir ve 100 metrekareye kadar olan alanlar i\u00e7in idealdir.   <\/p>\n\n\n\n<p>Maksimum \u00e7al\u0131\u015fmada sadece 47 dB gibi d\u00fc\u015f\u00fck bir \u00e7al\u0131\u015fma g\u00fcr\u00fclt\u00fcs\u00fcne sahip olacak \u015fekilde tasarlanm\u0131\u015ft\u0131r.<\/p>\n<\/div>\n\n\n\n<div class=\"wp-block-column is-vertically-aligned-top is-layout-flow wp-block-column-is-layout-flow\">\n<figure class=\"wp-block-image aligncenter size-full is-resized\"><a href=\"https:\/\/obera.fr\/produits\/purificateurs-air\/anti-covid-virus-bacteries\/virbox\/\"><img decoding=\"async\" width=\"300\" height=\"300\" src=\"https:\/\/obera.fr\/wp-content\/uploads\/2021\/04\/Virbox_2021-removebg-preview.png\" alt=\"virbox 2021\" class=\"wp-image-5383\" style=\"width:326px;height:326px\" srcset=\"https:\/\/obera.fr\/wp-content\/uploads\/2021\/04\/Virbox_2021-removebg-preview.png 300w, https:\/\/obera.fr\/wp-content\/uploads\/2021\/04\/Virbox_2021-removebg-preview-150x150.png 150w\" sizes=\"(max-width: 300px) 100vw, 300px\" \/><\/a><figcaption class=\"wp-element-caption\">VirBox<\/figcaption><\/figure>\n\n\n\n<p>Virbox, vir\u00fcsleri ve bakterileri tedavi etmek i\u00e7in \u00f6zel olarak tasarlanm\u0131\u015f bir anti-vir\u00fcs hava temizleyicisidir. <strong>Virbox, ortam havas\u0131ndaki vir\u00fcs ve bakterilerin %99,995&#8217;ini filtreleyebilir<\/strong>. Tasar\u0131m\u0131, kolay hareket etmesini ve kap\u0131dan kolay ge\u00e7mesini sa\u011flar. VirBox hava temizleyicileri ile aerosoller, tahliye noktalar\u0131na m\u00fcmk\u00fcn oldu\u011funca yak\u0131n bir yerde yakalanabilir ve filtrelenebilir. Bu, cihaz\u0131n \u00fcst k\u0131sm\u0131ndaki delikler sayesinde aerosollerin insanlar\u0131n onlar\u0131 reddetti\u011fi bir y\u00fckseklikte solunmas\u0131n\u0131 sa\u011flar. \u00c7ok i\u015flevli VirBox ayn\u0131 zamanda bir ileti\u015fim arac\u0131 olarak da kullan\u0131labilir.    <\/p>\n<\/div>\n<\/div>\n\n<div class=\"wp-block-columns is-layout-flex wp-container-core-columns-is-layout-28f84493 wp-block-columns-is-layout-flex\">\n<div class=\"wp-block-column is-vertically-aligned-top is-layout-flow wp-block-column-is-layout-flow\">\n<div class=\"wp-block-buttons is-horizontal is-content-justification-center is-layout-flex wp-container-core-buttons-is-layout-03627597 wp-block-buttons-is-layout-flex\">\n<div class=\"wp-block-button\"><a class=\"wp-block-button__link wp-element-button\" href=\"https:\/\/obera.fr\/produits\/purificateurs-air\/poussieres-epur-b01-ecoprime\/\">bkz. ecoprime<\/a><\/div>\n<\/div>\n<\/div>\n\n\n\n<div class=\"wp-block-column is-vertically-aligned-top is-layout-flow wp-block-column-is-layout-flow\">\n<div class=\"wp-block-buttons is-horizontal is-content-justification-center is-layout-flex wp-container-core-buttons-is-layout-03627597 wp-block-buttons-is-layout-flex\">\n<div class=\"wp-block-button\"><a class=\"wp-block-button__link wp-element-button\" href=\"https:\/\/obera.fr\/produits\/purificateurs-air\/anti-covid-virus-bacteries\/epur05\/\">epur 05&#8217;e bak\u0131n\u0131z<\/a><\/div>\n<\/div>\n<\/div>\n\n\n\n<div class=\"wp-block-column is-vertically-aligned-top is-layout-flow wp-block-column-is-layout-flow\">\n<div class=\"wp-block-buttons is-horizontal is-content-justification-center is-layout-flex wp-container-core-buttons-is-layout-03627597 wp-block-buttons-is-layout-flex\">\n<div class=\"wp-block-button\"><a class=\"wp-block-button__link wp-element-button\" href=\"https:\/\/obera.fr\/produits\/purificateurs-air\/anti-covid-virus-bacteries\/virbox\/\">virbox&#8217;a bak\u0131n<\/a><\/div>\n<\/div>\n<\/div>\n<\/div>\n\n<h2 class=\"wp-block-heading\">Ne t\u00fcr bir ar\u0131tma cihaz\u0131 se\u00e7meliyim ve hangi ar\u0131tmay\u0131 kullanmal\u0131y\u0131m?<\/h2>\n\n<p>Frans\u0131z Ulusal Ara\u015ft\u0131rma ve G\u00fcvenlik Enstit\u00fcs\u00fc (INRS), vir\u00fcs\u00fcn bula\u015fma riskini azaltmad\u0131\u011f\u0131 gibi yeni risklere de yol a\u00e7abilen baz\u0131 fiziko-kimyasal ar\u0131tma i\u015flemlerine (fotokataliz, ozonlama, UV, vb.) kar\u015f\u0131 uyar\u0131da bulunmaktad\u0131r.<\/p>\n\n<p>\u00d6zellikle UV ve ozon \u00fcreten prosesler \u00e7\u00fcnk\u00fc:<\/p>\n\n<ul class=\"wp-block-list\">\n<li>Odadaki kat\u0131 maddeler ve gazlar UV etkisi alt\u0131nda sa\u011fl\u0131\u011fa zararl\u0131 olabilecek ikincil \u00fcr\u00fcnlere (\u00f6zellikle VOC&#8217;ler, klorlu bile\u015fikler) d\u00f6n\u00fc\u015febilir.<\/li>\n\n\n\n<li>UV lambalar\u0131 ozon \u00fcretir. UV ekipman\u0131, g\u00fcnl\u00fck VLEP&#8217;den<a href=\"https:\/\/obera.fr\/conseils\/reglementation-vlep-evaluation-risque-chimique-lieu-de-travail\/\" data-type=\"post\" data-id=\"6575\">(VLEP = Mesleki Maruziyet S\u0131n\u0131r\u0131<\/a>) 100 kata kadar daha y\u00fcksek ozon konsantrasyonlar\u0131 \u00fcretir. Ozon, solunum yollar\u0131n\u0131n (burun, soluk borusu, bron\u015flar, alveoller) mukoza zarlar\u0131 taraf\u0131ndan emilir ve h\u00fccre zarlar\u0131na zarar vererek lokal olarak reaksiyona girer. Kronik maruziyet amfizem ve pulmoner fibrozise neden olur. Ozon, farkl\u0131 su\u015f ve h\u00fccre t\u00fcrlerinde gen mutasyonlar\u0131n\u0131 ind\u00fckler.    <\/li>\n\n\n\n<li>UV lambalar\u0131 genellikle mikrop \u00f6ld\u00fcr\u00fcc\u00fc UV-C radyasyonu \u00fcretmek i\u00e7in c\u0131va buhar\u0131 kullan\u0131r. Lamba tahrip olursa c\u0131va a\u00e7\u0131\u011fa \u00e7\u0131kar (Hg, CMR-Kanserojen, Mutajenik, Reprotoksik olarak s\u0131n\u0131fland\u0131r\u0131lan bir maddedir). Bu nedenle de\u011fi\u015ftirme i\u015flemi e\u011fitimli ve yetkili personel taraf\u0131ndan ger\u00e7ekle\u015ftirilmelidir. At\u0131k, at\u0131k takip formu ile tehlikeli at\u0131k olarak bertaraf edilir.   <\/li>\n\n\n\n<li>UV-C radyasyonuna maruz kalan personel i\u00e7in (\u00f6rne\u011fin lambalar\u0131 de\u011fi\u015ftirirken veya ekipman yanl\u0131\u015f kullan\u0131ld\u0131\u011f\u0131nda), sa\u011fl\u0131k riskleri \u00f6nemli olabilir: <strong>ciltte<\/strong> basit eritemden <strong>g\u00f6zlerde<\/strong> daha ciddi lezyonlara kadar de\u011fi\u015fen &#8220;g\u00fcne\u015f yan\u0131\u011f\u0131&#8221;.<\/li>\n<\/ul>\n\n<p>INRS, <strong>ozon gaz\u0131n\u0131n kullan\u0131m\u0131ndan kaynaklanan riskler ve SARS-CoV-2 ile ilgili olarak etkinli\u011fi konusunda var oldu\u011fu d\u00fc\u015f\u00fcn\u00fclen belirsizlikler<\/strong> g\u00f6z \u00f6n\u00fcne al\u0131nd\u0131\u011f\u0131nda<strong>,<\/strong> kimyasal risk \u00f6nleme yakla\u015f\u0131m\u0131n\u0131n uygulanmas\u0131n\u0131n, bu i\u015flemin daha az tehlikeli olan ba\u015fka bir i\u015flemle de\u011fi\u015ftirilmesi gerekti\u011fi anlam\u0131na geldi\u011fi sonucuna <strong>varmakta<\/strong> ve minimum olarak HEPA H13 filtreleme ile mekanik filtreleme \u00e7\u00f6z\u00fcmlerini \u00f6nermektedir.<\/p>\n\n<blockquote class=\"wp-block-quote is-layout-flow wp-block-quote-is-layout-flow\">\n<p><a href=\"https:\/\/obera.fr\/tr\/bizim-tavsiyemiz\/purificateurs-air-efficaces-coronavirus\/\" data-type=\"post\" data-id=\"2074\">ERP ve \u00fc\u00e7\u00fcnc\u00fcl alanlarda kullan\u0131lan OBERA anti-COVID cihazlar\u0131 her a\u00e7\u0131dan INRS tavsiyelerine uygundur<\/a>.<\/p>\n<\/blockquote>\n\n<h2 class=\"wp-block-heading\">S\u0131n\u0131fa bir hava temizleyiciyi nas\u0131l kurars\u0131n\u0131z?<\/h2>\n\n<p>Bir s\u0131n\u0131ftaki hava temizleyici ideal olarak masan\u0131n \u00f6n\u00fcne veya odan\u0131n arka taraf\u0131n\u0131n ortas\u0131na yerle\u015ftirilmelidir. Masalar\u0131n U \u015feklinde yerle\u015ftirildi\u011fi bir odada, hava temizleyici odan\u0131n ortas\u0131na da yerle\u015ftirilebilir. Hava temizleyicinin bulundu\u011fu alanda tavan m\u00fcmk\u00fcn oldu\u011funca d\u00fcz olmal\u0131d\u0131r. Hava temizleyicinin ak\u0131\u015f h\u0131z\u0131, alan\u0131n hacminin en az 5 kat\u0131 olmal\u0131d\u0131r. Molalar s\u0131ras\u0131nda, ak\u0131\u015f h\u0131z\u0131 maksimum g\u00fcce ayarlanmal\u0131d\u0131r (cihaz ayarlanabilir bir ak\u0131\u015f h\u0131z\u0131na sahipse). Odadaki CO2 konsantrasyonunun azalt\u0131lmas\u0131 da tavsiye edilir. M\u00fcmk\u00fcnse, molalar s\u0131ras\u0131nda g\u00fcnde en az 3 kez bir pencere a\u00e7man\u0131z\u0131 veya e\u011fmenizi \u00f6neririz. Hava temizleyicinin filtreleme performans\u0131 etkilenmeyecektir.       <\/p>\n\n<h2 class=\"wp-block-heading\">Bir yemekhaneye hava temizleme cihaz\u0131 nas\u0131l kurulur?<\/h2>\n\n<p>Dolayl\u0131 enfeksiyon riskini azaltmak i\u00e7in y\u00fcksek performansl\u0131 hava temizleyicilere ihtiya\u00e7 vard\u0131r. Duruma ve odan\u0131n b\u00fcy\u00fckl\u00fc\u011f\u00fcne ba\u011fl\u0131 olarak, y\u00fcksek verimli HEPA hava temizleme ile yemek alan\u0131 boyunca saatte en az 6 kat ortam havas\u0131 sirk\u00fclasyonu sa\u011flamak i\u00e7in birka\u00e7 cihaz kullan\u0131lmas\u0131 \u00f6nerilir. Yemek da\u011f\u0131t\u0131m alan\u0131nda \u00e7al\u0131\u015fan ki\u015filer de aerosol koruma kenarl\u0131 b\u00f6lmelerle korunmal\u0131d\u0131r.  <\/p>\n\n<h2 class=\"wp-block-heading\">Hava temizleyicilere ra\u011fmen: yine de havaland\u0131rman\u0131z gerekir!<\/h2>\n\n<p>Baz\u0131 kurulu\u015flar, CO2 konsantrasyonunu s\u00fcrekli olarak \u00f6l\u00e7mek ve e\u015fik a\u015f\u0131ld\u0131\u011f\u0131nda odan\u0131n havaland\u0131r\u0131lmas\u0131 gerekti\u011finde uyarmak i\u00e7in CO2 sens\u00f6rleri takmay\u0131 se\u00e7mi\u015ftir. Hava temizli\u011fine ek olarak, CO2 seviyeleri 1000 ppm&#8217;e e\u015fit veya bu seviyeyi a\u015ft\u0131\u011f\u0131nda s\u0131n\u0131f pencerelerinin a\u00e7\u0131lmas\u0131n\u0131 tavsiye ediyoruz. Oda hava temizleyicilerinin kullan\u0131m\u0131 bunu zorunlu k\u0131lmaz, ancak ortam havas\u0131nda \u00e7ok y\u00fcksek bir CO2 seviyesinden ka\u00e7\u0131nmak i\u00e7in yine de tavsiye ediyoruz, bu da aerosol konsantrasyonlar\u0131n\u0131 azaltmaya yard\u0131mc\u0131 olur.  <\/p>\n\n<h2 class=\"wp-block-heading\">CO2 sens\u00f6rleri size ne zaman havaland\u0131rman\u0131z gerekti\u011fini s\u00f6yler<\/h2>\n\n<p>Baz\u0131 \u00f6\u011fretmen sendikalar\u0131, hava kalitesinin s\u00fcrekli olarak izlenmesi i\u00e7in CO2 sens\u00f6rlerinin yerle\u015ftirilmesi \u00e7a\u011fr\u0131s\u0131nda bulunuyor. Bu CO2 sens\u00f6rleri, s\u0131n\u0131flardaki hava kalitesini g\u00f6r\u00fcn\u00fcr k\u0131lman\u0131n iyi bir yoludur: &#8220;S\u0131n\u0131flarda, C02 sens\u00f6rleri s\u0131n\u0131rlara ne zaman ula\u015f\u0131ld\u0131\u011f\u0131n\u0131 ve pencerelerin ne zaman a\u00e7\u0131lmas\u0131 gerekti\u011fini g\u00f6sterir.   <\/p>\n\n<p>Bir\u00e7ok \u00e7al\u0131\u015fma CO2 sens\u00f6rlerinin i\u00e7 mekanlarda kullan\u0131lmas\u0131n\u0131 \u00f6nermektedir. Bu ba\u011flamda, \u00f6zellikle t\u00fcm s\u0131n\u0131flarda uygulanmas\u0131 ak\u0131ll\u0131ca olacakt\u0131r. Bu \u00f6l\u00e7\u00fcm cihazlar\u0131, i\u00e7 mekanlar\u0131n havaland\u0131r\u0131lmas\u0131 gerekti\u011finde alarm verir.    <\/p>\n\n<h2 class=\"wp-block-heading\">Okullar ve topluluklar i\u00e7in destek programlar\u0131<\/h2>\n\n<p>Baz\u0131 Frans\u0131z b\u00f6lgeleri, e\u011fitim kurumlar\u0131n\u0131n hava temizleyicileri sat\u0131n almalar\u0131na yard\u0131mc\u0131 olmak i\u00e7in maliyetin tamam\u0131n\u0131 veya bir k\u0131sm\u0131n\u0131 finanse etmeye karar vermi\u015ftir.<\/p>\n\n<p>Auvergne-Rh\u00f4ne-Alpes b\u00f6lgesi, b\u00f6lgedeki ortaokul ve kolejlerde havan\u0131n temizlenmesi i\u00e7in 10 milyon Euro&#8217;luk b\u00f6lgesel yat\u0131r\u0131m plan\u0131 lehinde oy kulland\u0131. Ile-de-France b\u00f6lgesi, ePUR ve VirBox gibi hava temizleyiciler gibi sa\u011fl\u0131kla ilgili ekipmanlar\u0131n sat\u0131n al\u0131nmas\u0131 i\u00e7in orta dereceli okullara ve yerel y\u00f6netimlere 10.000 Euro tutar\u0131nda fon sa\u011fl\u0131yor. <\/p>\n","protected":false},"excerpt":{"rendered":"<p>\u00c7ocuklar\u0131m\u0131z\u0131n sa\u011fl\u0131\u011f\u0131 s\u00f6z konusu oldu\u011funda uyan\u0131k olmak bizim sorumlulu\u011fumuzdur. Neyse ki, \u00e7o\u011fu durumda \u00e7ocuklar ve gen\u00e7ler Sars-Cov-2&#8217;den sadece hafif bir \u015fekilde etkilenmekte ve zarar g\u00f6rmeden \u00e7\u0131kmaktad\u0131r, ancak riskler de mevcuttur. Okullar, kre\u015fler ve \u00e7ocuk yuvalar\u0131ndaki temel sorun, vir\u00fcs\u00fcn yay\u0131lma potansiyelidir.    <\/p>\n","protected":false},"author":4,"featured_media":96356,"comment_status":"open","ping_status":"closed","sticky":false,"template":"","format":"standard","meta":{"_acf_changed":false,"_seopress_robots_primary_cat":"none","_seopress_titles_title":"Kre\u015flerde, anaokullar\u0131nda ve okullarda Covid-19 tedavisi","_seopress_titles_desc":"Obera, bir \u00f6\u011frenim yerinin gereksinimlerine sayg\u0131 g\u00f6sterirken vir\u00fcsleri (COVID-19) ve bakterileri ar\u0131tabilen bir dizi hava temizleyiciye sahiptir.","_seopress_robots_index":"","footnotes":""},"categories":[299],"tags":[306],"class_list":["post-96479","post","type-post","status-publish","format-standard","has-post-thumbnail","hentry","category-bizim-tavsiyemiz","tag-entete-small-tr","generate-columns","tablet-grid-50","mobile-grid-100","grid-parent","grid-50","no-featured-image-padding","resize-featured-image"],"acf":[],"_links":{"self":[{"href":"https:\/\/obera.fr\/tr\/wp-json\/wp\/v2\/posts\/96479","targetHints":{"allow":["GET"]}}],"collection":[{"href":"https:\/\/obera.fr\/tr\/wp-json\/wp\/v2\/posts"}],"about":[{"href":"https:\/\/obera.fr\/tr\/wp-json\/wp\/v2\/types\/post"}],"author":[{"embeddable":true,"href":"https:\/\/obera.fr\/tr\/wp-json\/wp\/v2\/users\/4"}],"replies":[{"embeddable":true,"href":"https:\/\/obera.fr\/tr\/wp-json\/wp\/v2\/comments?post=96479"}],"version-history":[{"count":1,"href":"https:\/\/obera.fr\/tr\/wp-json\/wp\/v2\/posts\/96479\/revisions"}],"predecessor-version":[{"id":96481,"href":"https:\/\/obera.fr\/tr\/wp-json\/wp\/v2\/posts\/96479\/revisions\/96481"}],"wp:featuredmedia":[{"embeddable":true,"href":"https:\/\/obera.fr\/tr\/wp-json\/wp\/v2\/media\/96356"}],"wp:attachment":[{"href":"https:\/\/obera.fr\/tr\/wp-json\/wp\/v2\/media?parent=96479"}],"wp:term":[{"taxonomy":"category","embeddable":true,"href":"https:\/\/obera.fr\/tr\/wp-json\/wp\/v2\/categories?post=96479"},{"taxonomy":"post_tag","embeddable":true,"href":"https:\/\/obera.fr\/tr\/wp-json\/wp\/v2\/tags?post=96479"}],"curies":[{"name":"wp","href":"https:\/\/api.w.org\/{rel}","templated":true}]}}