{"id":96780,"date":"2021-07-26T12:25:45","date_gmt":"2021-07-26T10:25:45","guid":{"rendered":"https:\/\/obera.fr\/conseils\/gains-productivite-rafraichissement-air-par-evaporation\/"},"modified":"2025-05-06T13:40:57","modified_gmt":"2025-05-06T11:40:57","slug":"gains-productivite-rafraichissement-air-par-evaporation","status":"publish","type":"post","link":"https:\/\/obera.fr\/tr\/bizim-tavsiyemiz\/gains-productivite-rafraichissement-air-par-evaporation\/","title":{"rendered":"Evaporatif hava so\u011futmadan elde edilen verimlilik kazan\u0131mlar\u0131"},"content":{"rendered":"\n<h2 class=\"wp-block-heading\">Evaporatif so\u011futma<\/h2>\n\n<p>\u0130ster \u00f6zellikle s\u0131cak g\u00fcnler ister \u0131s\u0131 \u00fcreten \u00fcretim s\u00fcre\u00e7leri nedeniyle olsun, end\u00fcstriyel \u00f6l\u00e7ekli \u00fcretim tesisleri son derece h\u0131zl\u0131 bir \u015fekilde \u00e7ok s\u0131cak ortamlar haline gelebilir. \u00c7al\u0131\u015fanlar i\u00e7in bariz tehlikelere ve rahats\u0131zl\u0131\u011fa ek olarak, s\u0131cakl\u0131klar\u0131n kabul edilebilir seviyelerde y\u00f6netilememesi ve korunamamas\u0131 da \u00fcretkenli\u011fi \u00f6nemli \u00f6l\u00e7\u00fcde yava\u015flatabilir. <\/p>\n\n<blockquote class=\"wp-block-quote is-layout-flow wp-block-quote-is-layout-flow\">\n<p>Verimli bir i\u015fyeri, bu tesislerin ba\u015far\u0131s\u0131nda hayati bir fakt\u00f6rd\u00fcr ve kontrols\u00fcz \u0131s\u0131 seviyelerinin ne \u00f6l\u00e7\u00fcde belirleyici bir etkiye sahip oldu\u011funu g\u00f6steren bir dizi \u00e7al\u0131\u015fma yap\u0131lm\u0131\u015ft\u0131r.  <\/p>\n<\/blockquote>\n\n<p>\u00d6rne\u011fin, NASA taraf\u0131ndan verimlilik \u00fczerine yap\u0131lan ara\u015ft\u0131rmalar, s\u0131cakl\u0131klar artt\u0131k\u00e7a hatalar\u0131n ve kusurlar\u0131n katlanarak artt\u0131\u011f\u0131n\u0131, bunun da daha yava\u015f \u00fcretime, daha fazla kusura ve \u00f6nemli gelir kayb\u0131na yol a\u00e7t\u0131\u011f\u0131n\u0131 g\u00f6stermi\u015ftir.  <\/p>\n\n<p>A\u015fa\u011f\u0131daki tablo NASA testlerinde s\u0131cakl\u0131k, \u00fcretim ve do\u011fruluk aras\u0131nda tespit edilen ili\u015fkileri \u00f6zetlemektedir.<\/p>\n\n<table id=\"tablepress-161\" class=\"tablepress tablepress-id-161\">\n<tbody class=\"row-striping row-hover\">\n<tr class=\"row-1\">\n\t<td class=\"column-1\">Temp\u00e9rature effective<\/td><td class=\"column-2\">24\u00baC<\/td><td class=\"column-3\">26\u00baC<\/td><td class=\"column-4\">29\u00baC<\/td><td class=\"column-5\">32\u00baC<\/td><td class=\"column-6\">35\u00baC<\/td><td class=\"column-7\">38\u00baC<\/td><td class=\"column-8\">40\u00baC<\/td>\n<\/tr>\n<tr class=\"row-2\">\n\t<td class=\"column-1\">Perte de production<\/td><td class=\"column-2\">3%<\/td><td class=\"column-3\">8%<\/td><td class=\"column-4\">18%<\/td><td class=\"column-5\">29%<\/td><td class=\"column-6\">45%<\/td><td class=\"column-7\">62%<\/td><td class=\"column-8\">79%<\/td>\n<\/tr>\n<tr class=\"row-3\">\n\t<td class=\"column-1\">Augmentation du taux d'erreur<\/td><td class=\"column-2\">0%<\/td><td class=\"column-3\">5%<\/td><td class=\"column-4\">40%<\/td><td class=\"column-5\">300%<\/td><td class=\"column-6\">700%<\/td><td class=\"column-7\">N\/A<\/td><td class=\"column-8\">N\/A<\/td>\n<\/tr>\n<\/tbody>\n<\/table>\n\n\n<p>Yukar\u0131daki veriler, \u00e7al\u0131\u015fma ortamlar\u0131ndaki artan \u0131s\u0131 seviyelerinin genel olarak \u00fcretkenli\u011fi nas\u0131l olumsuz etkiledi\u011finin a\u00e7\u0131k bir kan\u0131t\u0131d\u0131r: s\u0131cakl\u0131klar y\u00fckseldik\u00e7e konsantrasyon seviyeleri d\u00fc\u015fer, yorgunluk ba\u015flar, hatalar yap\u0131l\u0131r ve \u00e7al\u0131\u015fanlar daha az \u00fcretir. Nihayetinde, bu durum i\u015fletmeniz i\u00e7in \u00f6nemli gelir kay\u0131plar\u0131na yol a\u00e7ar. <\/p>\n\n<h2 class=\"wp-block-heading\">End\u00fcstriyel \u00fcretim tesisleri \u0131s\u0131ya kar\u015f\u0131 neden bu kadar hassast\u0131r?<\/h2>\n\n<p>Her i\u015fyeri, \u00e7al\u0131\u015fanlar\u0131 i\u00e7in g\u00fcvenli bir \u00e7al\u0131\u015fma ortam\u0131 yaratacak \u015fekilde tasarlanmal\u0131d\u0131r. Ancak end\u00fcstriyel \u00fcretim tesisleri benzersiz zorluklarla kar\u015f\u0131 kar\u015f\u0131yad\u0131r: <\/p>\n\n<h3 class=\"wp-block-heading\">Pratik<\/h3>\n\n<p>Y\u00fcksek tavanl\u0131 ve tavan vin\u00e7li bir \u00fcretim tesisinde, klima \u00fcniteleri gibi kanal sistemlerinin kurulumu pahal\u0131ya mal olur ve dahili ta\u015f\u0131ma operasyonlar\u0131 i\u00e7in bir engel haline gelebilir. Bir\u00e7ok durumda, binan\u0131n b\u00fcy\u00fckl\u00fc\u011f\u00fc nedeniyle bir klima sisteminin kurulmas\u0131 m\u00fcmk\u00fcn de\u011fildir. <\/p>\n\n<h3 class=\"wp-block-heading\">S\u00fcre\u00e7<\/h3>\n\n<p>\u00c7elik \u00fcretimi, d\u00f6k\u00fcmhaneler, araba \u00fcretimi, cam \u00fcretimi, tu\u011fla ve kiremit yap\u0131m\u0131, g\u0131da end\u00fcstrisindeki pi\u015firme f\u0131r\u0131nlar\u0131 gibi \u0131s\u0131 yo\u011fun \u00fcretim s\u00fcre\u00e7lerine sahip tesislerde f\u0131r\u0131nlar, ocaklar g\u00fcn boyunca kullan\u0131lmaktad\u0131r. Nispeten d\u00fc\u015f\u00fck maliyetli bir \u00e7\u00f6z\u00fcm olarak end\u00fcstriyel fanlara yat\u0131r\u0131m yapmak cazip gelse de, bu a\u015f\u0131r\u0131 ortamlarda fanlar s\u0131cakl\u0131\u011f\u0131 ger\u00e7ekten d\u00fc\u015f\u00fcrmeden sadece alandaki s\u0131cak havay\u0131 kar\u0131\u015ft\u0131racakt\u0131r. <\/p>\n\n<h3 class=\"wp-block-heading\">\u0130klim de\u011fi\u015fikli\u011fi<\/h3>\n\n<p>S\u0131cak g\u00fcnlerin say\u0131s\u0131 her y\u0131l art\u0131yor. D\u00fcnya genelinde s\u0131cakl\u0131klar artt\u0131k\u00e7a iklim de\u011fi\u015fikli\u011fi de giderek b\u00fcy\u00fcyen bir endi\u015fe kayna\u011f\u0131 haline geliyor. D\u00fczenlemeler s\u0131k\u0131la\u015ft\u0131k\u00e7a, \u00e7al\u0131\u015fanlar i\u00e7in g\u00fcvenli ve konforlu \u00e7al\u0131\u015fma ko\u015fullar\u0131 sa\u011flamak daha zor hale geliyor. Binalar genellikle b\u00fcy\u00fck, y\u00fcksek tavanl\u0131 ve \u00e7o\u011fu zaman a\u00e7\u0131k planl\u0131 oldu\u011fundan, \u00fcretim ve imalat tesisleri s\u00f6z konusu oldu\u011funda bu sorun daha da ciddi bir hal almaktad\u0131r. Bu konfig\u00fcrasyonlar, geleneksel iklimlendirme \u00e7\u00f6z\u00fcmleriyle so\u011futulmalar\u0131n\u0131 daha zor ve pahal\u0131 hale getirmektedir.    <\/p>\n\n<h2 class=\"wp-block-heading\">Neden evaporatif so\u011futmay\u0131 se\u00e7melisiniz?<\/h2>\n\n<div class=\"wp-block-columns is-layout-flex wp-container-core-columns-is-layout-28f84493 wp-block-columns-is-layout-flex\">\n<div class=\"wp-block-column is-layout-flow wp-block-column-is-layout-flow\" style=\"flex-basis:33.33%\">\n<figure class=\"wp-block-image aligncenter size-large is-resized\"><img decoding=\"async\" width=\"1024\" height=\"682\" src=\"https:\/\/obera.fr\/wp-content\/uploads\/2022\/04\/pexels-aphiwat-chuangchoem-347925-1024x682.jpg\" alt=\"Tazelik\" class=\"wp-image-9729\" srcset=\"https:\/\/obera.fr\/wp-content\/uploads\/2022\/04\/pexels-aphiwat-chuangchoem-347925-1024x682.jpg 1024w, https:\/\/obera.fr\/wp-content\/uploads\/2022\/04\/pexels-aphiwat-chuangchoem-347925-300x200.jpg 300w, https:\/\/obera.fr\/wp-content\/uploads\/2022\/04\/pexels-aphiwat-chuangchoem-347925-768x512.jpg 768w, https:\/\/obera.fr\/wp-content\/uploads\/2022\/04\/pexels-aphiwat-chuangchoem-347925-1536x1024.jpg 1536w, https:\/\/obera.fr\/wp-content\/uploads\/2022\/04\/pexels-aphiwat-chuangchoem-347925-2048x1365.jpg 2048w\" sizes=\"(max-width: 1024px) 100vw, 1024px\" \/><\/figure>\n<\/div>\n\n\n\n<div class=\"wp-block-column is-vertically-aligned-center is-layout-flow wp-block-column-is-layout-flow\" style=\"flex-basis:66.66%\">\n<p><a href=\"https:\/\/obera.fr\/tr\/bizim-tavsiyemiz\/le-rafraichisseur-adiabatique-mobile-repond-aux-situations-de-rafraichissement-durgence-et-aux-besoins-temporaires\/\">Mobil bir evaporatif so\u011futucunun<\/a> kurulum ve i\u015fletim maliyeti, standart klimaya g\u00f6re \u00f6nemli \u00f6l\u00e7\u00fcde daha d\u00fc\u015f\u00fckt\u00fcr ve neredeyse her t\u00fcr s\u0131cak ortamda pratiktir.  <\/p>\n\n\n\n<p>Evaporatif so\u011futma \u00fcniteleri, bir alandaki havay\u0131 so\u011futmak i\u00e7in buharla\u015fman\u0131n do\u011fal g\u00fcc\u00fcnden yararlan\u0131r. Su buharla\u015ft\u0131\u011f\u0131nda, buharla\u015fma i\u015flemi enerji t\u00fcketir; bu enerji \u00fcniteden ge\u00e7en hava ak\u0131\u015f\u0131ndan \u00e7ekilir ve s\u0131cakl\u0131kta bir d\u00fc\u015f\u00fc\u015fe neden olur.   <\/p>\n\n\n\n<p>Bu, bir mekandaki hava ne kadar s\u0131cak olursa, o kadar fazla suyun buharla\u015ft\u0131r\u0131labilece\u011fi ve sistemin o kadar verimli olaca\u011f\u0131 anlam\u0131na gelir. Ba\u015fka bir deyi\u015fle, en \u00e7ok ihtiya\u00e7 duydu\u011funuz anda daha fazla so\u011futma elde edersiniz. <\/p>\n<\/div>\n<\/div>\n\n<h2 class=\"wp-block-heading\">Adyabatik evaporatif so\u011futman\u0131n ana kullan\u0131m alanlar\u0131 nelerdir?<\/h2>\n\n<p><a href=\"https:\/\/obera.fr\/tr\/produits\/rafraichisseurs-air\/\">Adyabatik so\u011futma<\/a> genellikle \u00e7ok pahal\u0131 veya kurulumu imkans\u0131z oldu\u011fu i\u00e7in iklimlendirmenin m\u00fcmk\u00fcn olmad\u0131\u011f\u0131 yerlerde kullan\u0131l\u0131r.<\/p>\n\n<ul class=\"wp-block-list\">\n<li>D\u0131\u015far\u0131ya a\u00e7\u0131k ve hava ge\u00e7irmez olmayan binalar<\/li>\n\n\n\n<li>D\u00fczenli olarak a\u00e7\u0131lan seksiyonel kap\u0131lara sahip y\u00fckleme b\u00f6lmesi<\/li>\n\n\n\n<li>K\u00f6t\u00fc yal\u0131t\u0131lm\u0131\u015f binalar<\/li>\n\n\n\n<li>Is\u0131 \u00fcreten \u00fcretim s\u00fcre\u00e7lerini bar\u0131nd\u0131ran at\u00f6lye ve fabrika<\/li>\n\n\n\n<li>B\u00fcy\u00fck bir binadaki a\u00e7\u0131k \u00e7al\u0131\u015fma alanlar\u0131n\u0131n so\u011futulmas\u0131 (so\u011futma adalar\u0131)<\/li>\n\n\n\n<li>Makinelerin veya teknik alanlar\u0131n so\u011futulmas\u0131 (kompres\u00f6rler, motorlar, pompalar, teknik odalar, frekans invert\u00f6rleri, vb.)<\/li>\n\n\n\n<li>S\u0131cak makinelerin (f\u0131r\u0131nlar, ekstr\u00fcderler, kurutma f\u0131r\u0131nlar\u0131, vb.) yak\u0131n\u0131ndaki i\u015f istasyonlar\u0131n\u0131n so\u011futulmas\u0131<\/li>\n<\/ul>\n\n<h2 class=\"wp-block-heading\">Hedeflenen so\u011futma nedir?<\/h2>\n\n<p>OberA mobil \u00fcniteleri ile, bo\u015f alanlar\u0131 so\u011futmak i\u00e7in enerji harcamadan, personelin \u00e7al\u0131\u015ft\u0131\u011f\u0131 belirli alanlara so\u011fuk hava getirmek i\u00e7in hedeflenen spot so\u011futma uygulanabilir. Bu \u00f6zellikle binan\u0131n b\u00fcy\u00fck bir k\u0131sm\u0131n\u0131n depolama i\u00e7in kullan\u0131ld\u0131\u011f\u0131 b\u00fcy\u00fck tesislerde kullan\u0131\u015fl\u0131d\u0131r. <\/p>\n\n<p>Verimlilik a\u00e7\u0131s\u0131ndan bu, personele so\u011futucular\u0131 gerekti\u011fi gibi hareket ettirme ve\/veya a\u015f\u0131r\u0131 \u0131s\u0131nmadan kaynaklanan duru\u015f s\u00fcrelerini azaltmak i\u00e7in so\u011fuk havay\u0131 makinelere y\u00f6nlendirme esnekli\u011fi sa\u011flar. Buna ek olarak, operasyonlara engel olmalar\u0131 durumunda so\u011futma \u00fcnitelerinin yerlerinin de\u011fi\u015ftirilebilmesi sayesinde daha fazla verimlilik elde edilebilir. <\/p>\n\n<p>Ayr\u0131ca <a href=\"https:\/\/obera.fr\/tr\/bizim-tavsiyemiz\/le-rafraichissement-adiabatique-savere-un-mode-de-climatisation-tres-economique\/\">adyabatik so\u011futucular\u0131n so\u011futmak i\u00e7in enerji t\u00fcketmedi\u011fini<\/a> (sadece su buharla\u015ft\u0131r\u0131l\u0131r) belirtmek \u00f6nemlidir. Dolay\u0131s\u0131yla enerji israf etmezler ve k\u00fcresel \u0131s\u0131nman\u0131n azalt\u0131lmas\u0131na yard\u0131mc\u0131 olurlar. <\/p>\n\n<p>\u00d6rne\u011fin kliman\u0131n aksine, evaporatif so\u011futma i\u015flemi, \u00e7o\u011fu \u00e7evre i\u00e7in son derece zararl\u0131 olan so\u011futucu gazlar gerektirmez. Buharla\u015fman\u0131n do\u011fal g\u00fcc\u00fcnden yararlanma yetenekleri ve d\u00fc\u015f\u00fck enerji t\u00fcketimleri nedeniyle, <strong>evaporatif so\u011futma mevcut en \u00e7evre dostu so\u011futma \u00e7\u00f6z\u00fcmlerinden biridir<\/strong>.   <\/p>\n\n<p>B\u00f6ylece, daha fazla \u00fcretkenlik i\u00e7in tesisinizdeki s\u0131cakl\u0131klar\u0131 d\u00fc\u015f\u00fcrmenin yan\u0131 s\u0131ra, evaporatif so\u011futma karbon ayak izinizi azaltman\u0131za yard\u0131mc\u0131 olur.<\/p>\n\n<h3 class=\"wp-block-heading\">\u00dcretkenli\u011finizi art\u0131rmaya bug\u00fcn ba\u015flay\u0131n  <\/h3>\n\n<p>Verimlili\u011fi art\u0131rmaya ve personeliniz i\u00e7in g\u00fcvenli, konforlu \u00e7al\u0131\u015fma ortamlar\u0131 yaratmaya y\u00f6nelik en etkili \u00e7\u00f6z\u00fcmleri bulmak i\u00e7in uzman ekibimizle ileti\u015fime ge\u00e7in.<\/p>\n\n<div class=\"wp-block-buttons is-content-justification-center is-layout-flex wp-container-core-buttons-is-layout-a89b3969 wp-block-buttons-is-layout-flex\">\n<div class=\"wp-block-button\"><a class=\"wp-block-button__link wp-element-button\" href=\"https:\/\/obera.fr\/tr\/contact\/\">Bize ula\u015f\u0131n<\/a><\/div>\n<\/div>\n","protected":false},"excerpt":{"rendered":"<p>\u0130ster s\u0131cak hava dalgalar\u0131 ister \u0131s\u0131 \u00fcreten bir \u00fcretim s\u00fcreci nedeniyle olsun, end\u00fcstriyel \u00f6l\u00e7ekli \u00fcretim tesisleri son derece h\u0131zl\u0131 bir \u015fekilde \u00e7ok s\u0131cak ortamlar haline gelebilir. Evaporatif hava so\u011futma ile verimlili\u011fin nas\u0131l art\u0131r\u0131labilece\u011fine ili\u015fkin tavsiyelerimizi okuyun. <\/p>\n","protected":false},"author":4,"featured_media":96749,"comment_status":"open","ping_status":"closed","sticky":false,"template":"","format":"standard","meta":{"_acf_changed":false,"_seopress_robots_primary_cat":"none","_seopress_titles_title":"Evaporatif so\u011futmadan elde edilen verimlilik kazan\u0131mlar\u0131","_seopress_titles_desc":"Evaporatif hava so\u011futma sisteminin \u00e7al\u0131\u015fma alan\u0131n\u0131za getirebilece\u011fi verimlilik art\u0131\u015flar\u0131n\u0131 ke\u015ffedin.","_seopress_robots_index":"","footnotes":""},"categories":[299],"tags":[306],"class_list":["post-96780","post","type-post","status-publish","format-standard","has-post-thumbnail","hentry","category-bizim-tavsiyemiz","tag-entete-small-tr","generate-columns","tablet-grid-50","mobile-grid-100","grid-parent","grid-50","no-featured-image-padding","resize-featured-image"],"acf":[],"_links":{"self":[{"href":"https:\/\/obera.fr\/tr\/wp-json\/wp\/v2\/posts\/96780","targetHints":{"allow":["GET"]}}],"collection":[{"href":"https:\/\/obera.fr\/tr\/wp-json\/wp\/v2\/posts"}],"about":[{"href":"https:\/\/obera.fr\/tr\/wp-json\/wp\/v2\/types\/post"}],"author":[{"embeddable":true,"href":"https:\/\/obera.fr\/tr\/wp-json\/wp\/v2\/users\/4"}],"replies":[{"embeddable":true,"href":"https:\/\/obera.fr\/tr\/wp-json\/wp\/v2\/comments?post=96780"}],"version-history":[{"count":1,"href":"https:\/\/obera.fr\/tr\/wp-json\/wp\/v2\/posts\/96780\/revisions"}],"predecessor-version":[{"id":96783,"href":"https:\/\/obera.fr\/tr\/wp-json\/wp\/v2\/posts\/96780\/revisions\/96783"}],"wp:featuredmedia":[{"embeddable":true,"href":"https:\/\/obera.fr\/tr\/wp-json\/wp\/v2\/media\/96749"}],"wp:attachment":[{"href":"https:\/\/obera.fr\/tr\/wp-json\/wp\/v2\/media?parent=96780"}],"wp:term":[{"taxonomy":"category","embeddable":true,"href":"https:\/\/obera.fr\/tr\/wp-json\/wp\/v2\/categories?post=96780"},{"taxonomy":"post_tag","embeddable":true,"href":"https:\/\/obera.fr\/tr\/wp-json\/wp\/v2\/tags?post=96780"}],"curies":[{"name":"wp","href":"https:\/\/api.w.org\/{rel}","templated":true}]}}