{"id":96830,"date":"2021-05-21T19:28:46","date_gmt":"2021-05-21T17:28:46","guid":{"rendered":"https:\/\/obera.fr\/conseils\/qualite-l-air-interieur-critere-essentiel-industrie\/"},"modified":"2025-05-06T13:58:20","modified_gmt":"2025-05-06T11:58:20","slug":"qualite-l-air-interieur-critere-essentiel-industrie","status":"publish","type":"post","link":"https:\/\/obera.fr\/tr\/bizim-tavsiyemiz\/qualite-l-air-interieur-critere-essentiel-industrie\/","title":{"rendered":"\u0130\u00e7 hava kalitesi, end\u00fcstride \u00f6nemli bir kriter"},"content":{"rendered":"\n<p><strong>Hava kirlili\u011fi<\/strong> Fransa&#8217;da her y\u0131l yakla\u015f\u0131k 50.000 ki\u015finin \u00f6l\u00fcm\u00fcnden sorumludur. D\u0131\u015f ortam kirlili\u011finin, \u00f6zellikle de ince partik\u00fcllerin sa\u011fl\u0131k \u00fczerindeki etkileri kamuoyu taraf\u0131ndan iyi bilinirken, i\u00e7 ortam kirlili\u011fi hakk\u0131nda daha az \u015fey s\u00f6ylenmektedir. Oysa<strong>evlerin ve binalar\u0131n i\u00e7indeki kirleticilere maruz kalma<\/strong> oran\u0131 d\u0131\u015far\u0131dakinden 10 ila 50 kat daha fazlad\u0131r!  <\/p>\n\n<p>End\u00fcstride, <strong>i\u00e7 mekan hava kalitesinin izlenmesi<\/strong>, \u00e7al\u0131\u015fanlar\u0131n sa\u011fl\u0131k ve g\u00fcvenli\u011fini ve i\u015fletmelerin optimum \u015fekilde \u00e7al\u0131\u015fmas\u0131n\u0131 sa\u011flamak i\u00e7in gereklidir.  <\/p>\n\n<p>Hava kalitesi parametreleri ve ana kirlilik kaynaklar\u0131 nelerdir? <strong>\u0130\u00e7 mekan hava kalitesini<\/strong> neden ve nas\u0131l <strong>iyile\u015ftirebiliriz<\/strong>? <strong>Bir binadaki havay\u0131 analiz<\/strong> etmek i\u00e7in \u00e7\u00f6z\u00fcmler nelerdir? Sa\u011fl\u0131kl\u0131 bir \u00e7al\u0131\u015fma ortam\u0131 i\u00e7in a\u00e7\u0131klamalar\u0131m\u0131z\u0131 ve tavsiyelerimizi ke\u015ffedin.   <\/p>\n\n<h2 class=\"wp-block-heading\">\u0130\u00e7 mekan hava kalitesi nedir?<\/h2>\n\n<p><strong>\u0130\u00e7 hava kalitesi (IAQ)<\/strong>, bir binadaki havan\u0131n <strong>insan sa\u011fl\u0131\u011f\u0131 veya \u00e7evre i\u00e7in risk<\/strong> olu\u015fturmad\u0131\u011f\u0131n\u0131 kontrol etmenin bir yoludur. Hava kalitesini etkileyen fakt\u00f6rlere ve bunlar\u0131n nereden geldi\u011fine bir g\u00f6z atal\u0131m. <\/p>\n\n<h3 class=\"wp-block-heading\">Bina hava kalitesi parametreleri<\/h3>\n\n<p><a href=\"https:\/\/obera.fr\/conseils\/mesure-de-la-qualite-de-l-air-interieur-interet-principe\/\" data-type=\"URL\" data-id=\"https:\/\/obera.fr\/conseils\/mesure-de-la-qualite-de-l-air-interieur-interet-principe\/\">\u0130\u00e7 mekan hava kalitesi<\/a>, <strong>fiziksel de\u011ferler<\/strong> (s\u0131cakl\u0131k, nem, bas\u0131n\u00e7 vb.) ve <strong>kirletici bile\u015fiklerin konsantrasyonu<\/strong> <strong>izlenerek<\/strong> \u00f6l\u00e7\u00fcl\u00fcr.<\/p>\n\n<h4 class=\"wp-block-heading\">U\u00e7ucu kirleticiler ve partik\u00fcl madde<\/h4>\n\n<p>\u0130\u015f yerleri, \u00f6zellikle de end\u00fcstriyel binalar, iki kategoride i\u00e7 mekan hava kirleticisi i\u00e7erir:<\/p>\n\n<ul class=\"wp-block-list\">\n<li><strong>gaz kirleticiler<\/strong>: kokular, kimyasal buharlar, u\u00e7ucu organik bile\u015fikler (VOC&#8217;ler), vb;<\/li>\n\n\n\n<li><strong>partik\u00fcl formundaki kirleticiler<\/strong>: toz, aerosoller, biyolojik maddeler (vir\u00fcsler, bakteriler, sporlar), vb.<\/li>\n<\/ul>\n\n<p>\u0130\u00e7 mekan hava kirlili\u011fine maruz kalman\u0131n <strong>\u00e7al\u0131\u015fanlar\u0131n sa\u011fl\u0131\u011f\u0131 ve g\u00fcvenli\u011fi \u00fczerinde zararl\u0131 etkileri<\/strong> vard\u0131r. Baz\u0131 kirleticiler ve partik\u00fcller solunum sorunlar\u0131na ve hatta kansere neden olabilir. <\/p>\n\n<figure class=\"wp-block-image aligncenter size-full is-resized\"><img decoding=\"async\" width=\"1384\" height=\"692\" src=\"https:\/\/obera.fr\/wp-content\/uploads\/2021\/05\/Effet-sur-la-sante-polluants.png\" alt=\"sa&#x11F;l&#x131;k &#xFC;zerindeki etkisi kirleticiler\" class=\"wp-image-5947\" style=\"width:692px;height:346px\" srcset=\"https:\/\/obera.fr\/wp-content\/uploads\/2021\/05\/Effet-sur-la-sante-polluants.png 1384w, https:\/\/obera.fr\/wp-content\/uploads\/2021\/05\/Effet-sur-la-sante-polluants-300x150.png 300w, https:\/\/obera.fr\/wp-content\/uploads\/2021\/05\/Effet-sur-la-sante-polluants-1024x512.png 1024w, https:\/\/obera.fr\/wp-content\/uploads\/2021\/05\/Effet-sur-la-sante-polluants-768x384.png 768w\" sizes=\"(max-width: 1384px) 100vw, 1384px\" \/><\/figure>\n\n<blockquote class=\"wp-block-quote is-layout-flow wp-block-quote-is-layout-flow\">\n<p>Sa\u011fl\u0131k \u00fczerindeki etkilerinin yan\u0131 s\u0131ra hava kirlili\u011fi <strong>\u00e7evre i\u00e7in de risk<\/strong> olu\u015fturmaktad\u0131r. VOC&#8217;ler, k\u00fcresel \u0131s\u0131nmay\u0131 \u015fiddetlendiren sera gazlar\u0131n\u0131n olu\u015fumunda rol oynamaktad\u0131r. <\/p>\n<\/blockquote>\n\n<h4 class=\"wp-block-heading\">S\u0131cakl\u0131k ve nem<\/h4>\n\n<div class=\"wp-block-columns are-vertically-aligned-center is-layout-flex wp-container-core-columns-is-layout-28f84493 wp-block-columns-is-layout-flex\">\n<div class=\"wp-block-column is-vertically-aligned-center is-layout-flow wp-block-column-is-layout-flow\" style=\"flex-basis:30%\">\n<figure class=\"wp-block-image alignleft size-full\"><img decoding=\"async\" width=\"200\" height=\"115\" src=\"https:\/\/obera.fr\/wp-content\/uploads\/2022\/08\/Temperatures.jpg\" alt=\"s&#x131;cakl&#x131;klar\" class=\"wp-image-14096\"\/><\/figure>\n<\/div>\n\n\n\n<div class=\"wp-block-column is-vertically-aligned-center is-layout-flow wp-block-column-is-layout-flow\" style=\"flex-basis:75%\">\n<p>\u0130\u00e7 mekan hava kalitesi ayn\u0131 zamanda fiziksel parametrelerine, \u00f6zellikle de s\u0131cakl\u0131k ve neme ba\u011fl\u0131d\u0131r. 20-27\u00b0C aras\u0131nda bir s\u0131cakl\u0131k ve %35-60 aras\u0131nda bir ba\u011f\u0131l nem optimum d\u00fczeyde konfor sa\u011flar. Tersine, <strong>\u00e7ok y\u00fcksek veya \u00e7ok d\u00fc\u015f\u00fck de\u011ferler \u00e7al\u0131\u015fma ko\u015fullar\u0131nda bozulmaya yol a\u00e7ar<\/strong>.  <\/p>\n<\/div>\n<\/div>\n\n<div class=\"wp-block-columns are-vertically-aligned-center is-layout-flex wp-container-core-columns-is-layout-28f84493 wp-block-columns-is-layout-flex\">\n<div class=\"wp-block-column is-vertically-aligned-center is-layout-flow wp-block-column-is-layout-flow\" style=\"flex-basis:75%\">\n<p>Binalar\u0131n a\u015f\u0131r\u0131 \u0131s\u0131nmas\u0131, biyolojik kirleticilerin geli\u015fimini te\u015fvik eden ve \u00fcr\u00fcnleri bozabilen <strong>termal kirlili\u011fe<\/strong> yol a\u00e7ar. Benzer \u015fekilde, <strong>su buhar\u0131<\/strong> k\u00fcflenmeye ve metalik malzemelerin korozyona u\u011framas\u0131na neden olur. Son olarak, nem ve s\u0131cakl\u0131k, <strong>u\u00e7ucu organik bile\u015fiklerin<\/strong> (VOC&#8217;ler) <strong>tahri\u015f edici etkilerini artt\u0131r\u0131r<\/strong>.  <\/p>\n<\/div>\n\n\n\n<div class=\"wp-block-column is-vertically-aligned-center is-layout-flow wp-block-column-is-layout-flow\" style=\"flex-basis:30%\">\n<figure class=\"wp-block-image alignright size-full is-resized\"><img decoding=\"async\" width=\"200\" height=\"115\" src=\"https:\/\/obera.fr\/wp-content\/uploads\/2021\/05\/Humidite.jpg\" alt=\"NEM\" class=\"wp-image-14100\" style=\"width:200px;height:115px\"\/><\/figure>\n<\/div>\n<\/div>\n\n<h3 class=\"wp-block-heading\">\u0130\u00e7 mekan hava kirlili\u011fi kaynaklar\u0131<\/h3>\n\n<p><strong>End\u00fcstriyel binalarda i\u00e7 mekan hava kalitesinin d\u00fc\u015f\u00fck<\/strong> olmas\u0131n\u0131n bir\u00e7ok nedeni vard\u0131r. Bununla birlikte, en yayg\u0131n \u00fc\u00e7 kirlilik kayna\u011f\u0131 \u015funlard\u0131r <\/p>\n\n<ul class=\"wp-block-list\">\n<li><strong>\u00fcretim s\u00fcre\u00e7leri<\/strong>: kullan\u0131lan \u00fcr\u00fcnler ve malzemelerin (ah\u015fap, metal, plastik, vb.) i\u015flenmesi b\u00fcy\u00fck miktarlarda kirletici (duman, buhar, ya\u011f buhar\u0131, vb.) \u00fcretir;<\/li>\n<\/ul>\n\n<figure class=\"wp-block-image size-full is-resized\"><img decoding=\"async\" width=\"600\" height=\"115\" src=\"https:\/\/obera.fr\/wp-content\/uploads\/2022\/08\/Process-generant-des-poussieres.jpg\" alt=\"toz &#xFC;reten s&#xFC;re&#xE7;ler\" class=\"wp-image-14103\" style=\"width:450px;height:86px\" srcset=\"https:\/\/obera.fr\/wp-content\/uploads\/2022\/08\/Process-generant-des-poussieres.jpg 600w, https:\/\/obera.fr\/wp-content\/uploads\/2022\/08\/Process-generant-des-poussieres-300x58.jpg 300w\" sizes=\"(max-width: 600px) 100vw, 600px\" \/><\/figure>\n\n<ul class=\"wp-block-list\">\n<li><strong>malzeme ve mallar\u0131n ta\u015f\u0131nmas\u0131 ve nakliyesi<\/strong>: makinelerin (forkliftler, kamyonlar) hareketi toz, partik\u00fcl, benzin buhar\u0131 vb. yayar.<\/li>\n<\/ul>\n\n<figure class=\"wp-block-image size-full is-resized\"><img decoding=\"async\" width=\"600\" height=\"115\" src=\"https:\/\/obera.fr\/wp-content\/uploads\/2022\/08\/Mouvement-de-camions-et-chariots-elevateurs.jpg\" alt=\"kamyon ve forklift hareketleri\" class=\"wp-image-14107\" style=\"width:450px;height:86px\" srcset=\"https:\/\/obera.fr\/wp-content\/uploads\/2022\/08\/Mouvement-de-camions-et-chariots-elevateurs.jpg 600w, https:\/\/obera.fr\/wp-content\/uploads\/2022\/08\/Mouvement-de-camions-et-chariots-elevateurs-300x58.jpg 300w\" sizes=\"(max-width: 600px) 100vw, 600px\" \/><\/figure>\n\n<ul class=\"wp-block-list\">\n<li><strong>d\u0131\u015f hava ak\u0131mlar\u0131<\/strong>: kap\u0131 a\u00e7\u0131kl\u0131klar\u0131 ve bas\u0131n\u00e7 farklar\u0131 binan\u0131z\u0131n i\u00e7indeki ortamdan kirleticileri \u00e7eker ve hapseder.<\/li>\n<\/ul>\n\n<figure class=\"wp-block-image size-full is-resized\"><img decoding=\"async\" width=\"600\" height=\"115\" src=\"https:\/\/obera.fr\/wp-content\/uploads\/2022\/08\/Portes-et-halls-ouverts.jpg\" alt=\"a&#xE7;&#x131;k kap&#x131;lar ve salonlar\" class=\"wp-image-14110\" style=\"width:450px;height:86px\" srcset=\"https:\/\/obera.fr\/wp-content\/uploads\/2022\/08\/Portes-et-halls-ouverts.jpg 600w, https:\/\/obera.fr\/wp-content\/uploads\/2022\/08\/Portes-et-halls-ouverts-300x58.jpg 300w\" sizes=\"(max-width: 600px) 100vw, 600px\" \/><\/figure>\n\n<h2 class=\"wp-block-heading\">\u0130\u00e7 mekan hava kalitesini nas\u0131l iyile\u015ftirebiliriz?<\/h2>\n\n<p><strong>\u0130\u00e7 mekan kirlili\u011fini ve etkilerini azaltmak<\/strong> i\u00e7in, kirleticilerin konsantrasyonu bir <a href=\"https:\/\/obera.fr\/conseils\/traitement-air-industriel-guide-complet\/\" data-type=\"URL\" data-id=\"https:\/\/obera.fr\/conseils\/traitement-air-industriel-guide-complet\/\">end\u00fcstriyel hava i\u015fleme<\/a> ve\/veya bina havaland\u0131rma sistemi arac\u0131l\u0131\u011f\u0131yla azalt\u0131lmal\u0131d\u0131r. S\u0131cakl\u0131k \u0131s\u0131tma, iklimlendirme veya so\u011futma ile, nem ise havan\u0131n kurutulmas\u0131 veya nemlendirilmesi ile kontrol edilebilir. <\/p>\n\n<h3 class=\"wp-block-heading\">Kirleticileri ve partik\u00fclleri ortadan kald\u0131r\u0131n<\/h3>\n\n<p><strong>End\u00fcstriyel hava \u015fartland\u0131rma<\/strong>, <strong>kirli havan\u0131n yakalanmas\u0131n\u0131 ve filtrelenmesini<\/strong> i\u00e7erir. Tehlikeli maddelerden temizlendikten sonra, ar\u0131t\u0131lm\u0131\u015f hava \u00e7evreye risk olu\u015fturmadan bina d\u0131\u015f\u0131na bo\u015falt\u0131labilir veya \u00e7al\u0131\u015fma alan\u0131na yeniden enjekte edilebilir. <strong>\u0130ki t\u00fcr \u00e7\u00f6z\u00fcm<\/strong> vard\u0131r: kaynakta yakalama ve ortam ar\u0131tmas\u0131.  <\/p>\n\n<h4 class=\"wp-block-heading\">Kaynakta yakalama<\/h4>\n\n<div class=\"wp-block-columns are-vertically-aligned-center is-layout-flex wp-container-core-columns-is-layout-28f84493 wp-block-columns-is-layout-flex\">\n<div class=\"wp-block-column is-vertically-aligned-center is-layout-flow wp-block-column-is-layout-flow\" style=\"flex-basis:30%\">\n<figure class=\"wp-block-image aligncenter size-full is-resized\"><img decoding=\"async\" width=\"800\" height=\"800\" src=\"https:\/\/obera.fr\/wp-content\/uploads\/2021\/05\/Captation-a-la-source.jpg\" alt=\"kaynak yakalama\" class=\"wp-image-5939\" style=\"width:200px;height:200px\" srcset=\"https:\/\/obera.fr\/wp-content\/uploads\/2021\/05\/Captation-a-la-source.jpg 800w, https:\/\/obera.fr\/wp-content\/uploads\/2021\/05\/Captation-a-la-source-300x300.jpg 300w, https:\/\/obera.fr\/wp-content\/uploads\/2021\/05\/Captation-a-la-source-150x150.jpg 150w, https:\/\/obera.fr\/wp-content\/uploads\/2021\/05\/Captation-a-la-source-768x768.jpg 768w\" sizes=\"(max-width: 800px) 100vw, 800px\" \/><\/figure>\n<\/div>\n\n\n\n<div class=\"wp-block-column is-vertically-aligned-center is-layout-flow wp-block-column-is-layout-flow\" style=\"flex-basis:80%\">\n<p>Kaynakta yakalama, <strong>kirleticilerin ve partik\u00fcllerin<\/strong> bina geneline yay\u0131lmas\u0131n\u0131 \u00f6nlemek i\u00e7in bunlar\u0131 \u00fcreten kaynakta yakalanmas\u0131n\u0131 i\u00e7erir. Bu, i\u015f istasyonuna uyarlanm\u0131\u015f bir <strong>yakalama sistemi<\/strong> kullan\u0131larak yap\u0131l\u0131r: emi\u015f ba\u015fl\u0131\u011f\u0131, emi\u015f kolu, emi\u015f kabini veya masas\u0131 vb. \u00dcretim makinelerini kanallar veya borular kullanarak hava i\u015fleme \u00fcnitesine ba\u011flamak da m\u00fcmk\u00fcnd\u00fcr.  <\/p>\n<\/div>\n<\/div>\n\n<h4 class=\"wp-block-heading\">Ortam tedavisi<\/h4>\n\n<div class=\"wp-block-columns are-vertically-aligned-center is-layout-flex wp-container-core-columns-is-layout-28f84493 wp-block-columns-is-layout-flex\">\n<div class=\"wp-block-column is-vertically-aligned-center is-layout-flow wp-block-column-is-layout-flow\" style=\"flex-basis:30%\">\n<figure class=\"wp-block-image aligncenter size-full is-resized\"><img decoding=\"async\" width=\"800\" height=\"800\" src=\"https:\/\/obera.fr\/wp-content\/uploads\/2021\/05\/Traitement-en-ambiance.jpg\" alt=\"&#xE7;evresel ar&#x131;tma\" class=\"wp-image-5940\" style=\"width:200px;height:200px\" srcset=\"https:\/\/obera.fr\/wp-content\/uploads\/2021\/05\/Traitement-en-ambiance.jpg 800w, https:\/\/obera.fr\/wp-content\/uploads\/2021\/05\/Traitement-en-ambiance-300x300.jpg 300w, https:\/\/obera.fr\/wp-content\/uploads\/2021\/05\/Traitement-en-ambiance-150x150.jpg 150w, https:\/\/obera.fr\/wp-content\/uploads\/2021\/05\/Traitement-en-ambiance-768x768.jpg 768w\" sizes=\"(max-width: 800px) 100vw, 800px\" \/><\/figure>\n<\/div>\n\n\n\n<div class=\"wp-block-column is-vertically-aligned-center is-layout-flow wp-block-column-is-layout-flow\" style=\"flex-basis:80%\">\n<p><strong>Kirleticilerin kayna\u011f\u0131 da\u011f\u0131n\u0131ksa veya eri\u015filemiyorsa<\/strong>, ortam yakalama \u00e7\u00f6z\u00fcmlerini tercih edebilirsiniz. Sabit veya mobil end\u00fcstriyel hava temizleyicileri ve hava i\u015fleme \u00fcniteleri,<strong>binada bulunan kirleticileri ve partik\u00fclleri emebilir ve filtreleyebilir<\/strong>. Genellikle kontroll\u00fc mekanik havaland\u0131rma (CMV) veya end\u00fcstriyel toz giderme sistemi ile birlikte \u00e7al\u0131\u015f\u0131rlar.  <\/p>\n<\/div>\n<\/div>\n\n<h3 class=\"wp-block-heading\">\u0130\u00e7 ortam havas\u0131n\u0131n so\u011futulmas\u0131<\/h3>\n\n<p>End\u00fcstriyel hava so\u011futucu, <strong>binalar\u0131n i\u00e7indeki s\u0131cakl\u0131\u011f\u0131 d\u00fc\u015f\u00fcr\u00fcr<\/strong>. \u00c7evreye daha sayg\u0131l\u0131 olan <a href=\"https:\/\/obera.fr\/conseils\/rafraichissement-adiabatique-confort-thermique-naturel\/\">adyabatik so\u011futma<\/a> \u015fu temellere dayan\u0131r <strong><a href=\"https:\/\/obera.fr\/tr\/bizim-tavsiyemiz\/comment-rafraichissement-evaporation-ameliorer-production-industrielle\/\" data-type=\"post\" data-id=\"7081\">suyu buharla\u015ft\u0131rarak havay\u0131 so\u011futmak<\/a><\/strong>deniz meltemi ile ayn\u0131 prensipte \u00e7al\u0131\u015f\u0131r. <a href=\"https:\/\/obera.fr\/conseils\/faq-rafraichisseurs-air-adiabatique\/\" data-type=\"post\" data-id=\"7105\">Adyabatik bir hava so\u011futucu<\/a>, geleneksel bir klima sistemine g\u00f6re 10 kata kadar daha az elektrik t\u00fcketir.  <\/p>\n\n<div class=\"wp-block-buttons is-horizontal is-content-justification-center is-layout-flex wp-container-core-buttons-is-layout-03627597 wp-block-buttons-is-layout-flex\">\n<div class=\"wp-block-button\"><a class=\"wp-block-button__link wp-element-button\" href=\"https:\/\/obera.fr\/tr\/bizim-tavsiyemiz\/choisir-rafraichisseur-d-air-industriel-reguler-temperature\/\">At\u00f6lyenizdeki s\u0131cakl\u0131\u011f\u0131 d\u00fczenlemek i\u00e7in end\u00fcstriyel bir hava so\u011futucuyu nas\u0131l se\u00e7ersiniz?<\/a><\/div>\n<\/div>\n\n<p>Ayr\u0131ca okuyun: <a href=\"https:\/\/obera.fr\/conseils\/ou-utiliser-rafraichissement-evaporation\/\" data-type=\"post\" data-id=\"7093\">Evaporatif so\u011futmay\u0131 nerede kullanabilirim?<\/a><\/p>\n\n<h2 class=\"wp-block-heading\">Neden bir i\u00e7 mekan hava \u015fartland\u0131rma sistemi kurmal\u0131s\u0131n\u0131z?<\/h2>\n\n<p>\u0130\u00e7 mekan hava kalitesinin iyi tutulmas\u0131 <strong>i\u015fverenler i\u00e7in yasal bir zorunluluktur<\/strong>. Ayr\u0131ca <strong>i\u015fletmeler i\u00e7in<\/strong> \u00e7al\u0131\u015fan g\u00fcvenli\u011fi, bak\u0131mdan tasarruf ve verimlili\u011fin art\u0131r\u0131lmas\u0131 gibi <strong>bir dizi faydas\u0131<\/strong> vard\u0131r. <\/p>\n\n<h3 class=\"wp-block-heading\">Sa\u011fl\u0131k y\u00f6netmeliklerine uymak<\/h3>\n\n<p>\u0130\u00e7 mekan hava kalitesini izleyerek<strong>Frans\u0131z \u0130\u015f Kanunu&#8217;na ve mevcut sa\u011fl\u0131k standartlar\u0131na uyabilirsiniz<\/strong>.<\/p>\n\n<h4 class=\"wp-block-heading\">Mesleki maruziyet s\u0131n\u0131r de\u011ferleri (OEL&#8217;ler)<\/h4>\n\n<p>Frans\u0131z \u0130\u015f Kanunu \u015funlar\u0131 gerektirmektedir <strong><a href=\"https:\/\/obera.fr\/conseils\/reglementation-vlep-evaluation-risque-chimique-lieu-de-travail\/\" data-type=\"post\" data-id=\"6575\">Mesleki Maruziyet Limitlerine uymak i\u00e7in<\/a><\/strong> (VLEP). Bunlar, \u00e7al\u0131\u015fanlar\u0131n i\u015fleri s\u0131ras\u0131nda sa\u011fl\u0131klar\u0131 a\u00e7\u0131s\u0131ndan risk olu\u015fturmadan maruz kalabilecekleri <strong>maksimum kirletici veya partik\u00fcl seviyesine<\/strong> kar\u015f\u0131l\u0131k gelir. VLEP&#8217;e uyulmamas\u0131 halinde, operat\u00f6r\u00fcn maruziyetini s\u0131n\u0131rland\u0131racak \u00e7\u00f6z\u00fcmler uygulanana kadar i\u015f istasyonu ask\u0131ya al\u0131n\u0131r.  <\/p>\n\n<h4 class=\"wp-block-heading\">\u0130\u00e7 mekan hava kalitesi te\u015fhisi<\/h4>\n\n<p><a href=\"https:\/\/obera.fr\/tr\/bizim-tavsiyemiz\/qai-diagnostic-qualite-de-l-air-interieur-batiments-industriels\/\">\u0130\u00e7 mekan hava kalitesi te\u015fhisi<\/a>, uygun \u00e7\u00f6z\u00fcmleri uygulamak i\u00e7in <strong>bireysel bir konut veya toplu binadaki kirlilik seviyesinin de\u011ferlendirilmesini<\/strong> i\u00e7erir. &#8220;Grenelle 2&#8221; olarak bilinen Frans\u0131z Ulusal \u00c7evre Taahh\u00fct Yasas\u0131, ba\u015fta \u00e7ocuklar olmak \u00fczere <strong>halka a\u00e7\u0131k kurulu\u015flarda i\u00e7 mekan hava kalitesini iyile\u015ftirmeyi<\/strong> ama\u00e7lamaktad\u0131r. Yasa, 2020 y\u0131l\u0131ndan bu yana okullar\u0131n, e\u011flence merkezlerinin ve ortaokullar\u0131n i\u00e7 mekan hava kalitesi de\u011ferlendirmesi yapmas\u0131n\u0131 zorunlu k\u0131lm\u0131\u015ft\u0131r. 2023&#8217;ten itibaren, IAQ testi halka a\u00e7\u0131k t\u00fcm kurulu\u015flar i\u00e7in zorunlu olacakt\u0131r.   <\/p>\n\n<h3 class=\"wp-block-heading\">\u00c7al\u0131\u015fan sa\u011fl\u0131\u011f\u0131 g\u00fcvenli\u011finin sa\u011flanmas\u0131<\/h3>\n\n<p>Hava kirlili\u011fine maruz kalmak, ba\u015fta solunum sorunlar\u0131 olmak \u00fczere sa\u011fl\u0131k sorunlar\u0131n\u0131n kayna\u011f\u0131d\u0131r. Sa\u011fl\u0131kl\u0131 hava aray\u0131\u015f\u0131, <strong>hasta olunan g\u00fcn say\u0131s\u0131n\u0131n azalt\u0131lmas\u0131na<\/strong> yard\u0131mc\u0131 olarak devams\u0131zl\u0131\u011f\u0131 ve i\u015f kesintilerini \u00f6nler. <\/p>\n\n<h3 class=\"wp-block-heading\">Servis ve bak\u0131m maliyetlerini azalt\u0131n<\/h3>\n\n<p>\u0130\u00e7 mekan hava \u015fartland\u0131rmas\u0131, cihazlar\u0131n\u0131zda, \u00fcr\u00fcnlerinizde ve bina zeminlerinde u\u00e7ucu bile\u015fiklerin (partik\u00fcller, ya\u011fl\u0131 buharlar) birikmesini s\u0131n\u0131rlar. Bu da <strong>bak\u0131m masraflar\u0131ndan tasarruf etmenizi sa\u011flar<\/strong>. Dahas\u0131, tozun ortadan kald\u0131r\u0131lmas\u0131 <strong>ekipman ar\u0131zalar\u0131 ve bozulma riskini azalt\u0131r<\/strong>.  <\/p>\n\n<p>Daha ileri git: End\u00fcstriyel bir so\u011futucunun bak\u0131m\u0131n\u0131 yapmak i\u00e7in bilmeniz gereken her \u015fey.<\/p>\n\n<h3 class=\"wp-block-heading\">\u00dcretkenli\u011fi ve \u00fcr\u00fcn kalitesini art\u0131r\u0131n<\/h3>\n\n<p>Kirleticiler, partik\u00fcller, s\u0131cakl\u0131k ve nem a\u00e7\u0131s\u0131ndan kontrol edilen hava kalitesi, <strong>sorunsuz bir \u00fcretim ak\u0131\u015f\u0131n\u0131n<\/strong> yan\u0131 s\u0131ra <strong>bitmi\u015f \u00fcr\u00fcnlerin kalitesini<\/strong> de garanti eder.<\/p>\n\n<h2 class=\"wp-block-heading\">\u0130\u00e7 mekan hava kalitesini nas\u0131l \u00f6l\u00e7ersiniz?<\/h2>\n\n<p><a href=\"https:\/\/obera.fr\/tr\/bizim-tavsiyemiz\/analyse-qualite-l-air-interieur\/\" data-type=\"URL\" data-id=\"https:\/\/obera.fr\/conseils\/analyse-qualite-l-air-interieur\/\">\u0130\u00e7 mekan hava kalitesi analizi<\/a>, Mesleki Maruziyet S\u0131n\u0131r De\u011ferleri (OELV&#8217;ler) ile uyumlulu\u011fu ve \u00e7al\u0131\u015fanlar\u0131n\u0131z\u0131n sa\u011fl\u0131k ve g\u00fcvenli\u011fini sa\u011flamak i\u00e7in gereklidir. OBERA size i\u00e7 mekan hava kalitesini s\u00fcrekli olarak \u00f6l\u00e7en hava <strong>analiz\u00f6rleri<\/strong> sunar: <\/p>\n\n<ul class=\"wp-block-list\">\n<li><strong>Gaz halindeki kirleticilerin seviyesi<\/strong> (u\u00e7ucu organik bile\u015fikler, CO2, vb.);<\/li>\n\n\n\n<li><strong>partik\u00fcllerin<\/strong> (toz, aerosoller, vir\u00fcsler, vb.) <strong>boyutu ve konsantrasyonu<\/strong>;<\/li>\n\n\n\n<li>Binadaki <strong>s\u0131cakl\u0131k ve ba\u011f\u0131l nem<\/strong>.<\/li>\n<\/ul>\n\n<p>Bu parametreleri <strong>ger\u00e7ek zamanl\u0131 olarak izleyerek<\/strong>, sa\u011fl\u0131kl\u0131 bir \u00e7al\u0131\u015fma ortam\u0131n\u0131 korumak i\u00e7in h\u0131zl\u0131 ve uygun \u015fekilde yan\u0131t verebiliriz.<\/p>\n\n<blockquote class=\"wp-block-quote is-layout-flow wp-block-quote-is-layout-flow\">\n<p>End\u00fcstriyel hava \u015fartland\u0131rma uzmanlar\u0131 olarak, i\u015f yeriniz i\u00e7in size \u00f6zel \u00e7\u00f6z\u00fcmler bulman\u0131za yard\u0131mc\u0131 olabiliriz. Binan\u0131z\u0131n <strong>i\u00e7 hava kalitesinin<\/strong> <a href=\"https:\/\/obera.fr\/tr\/contact\/\" data-type=\"page\" data-id=\"124\">te\u015fhisi ve ihtiya\u00e7lar\u0131n\u0131za y\u00f6nelik bir \u00e7al\u0131\u015fma i\u00e7in bizimle ileti\u015fime ge\u00e7mekten \u00e7ekinmeyin<\/a>.<\/p>\n<\/blockquote>\n","protected":false},"excerpt":{"rendered":"<p>End\u00fcstride, i\u00e7 mekan hava kalitesinin izlenmesi, \u00e7al\u0131\u015fanlar\u0131n sa\u011fl\u0131k ve g\u00fcvenli\u011fini ve i\u015fletmelerin optimum \u015fekilde \u00e7al\u0131\u015fmas\u0131n\u0131 sa\u011flamak i\u00e7in gereklidir. Sa\u011fl\u0131kl\u0131 bir \u00e7al\u0131\u015fma ortam\u0131 i\u00e7in a\u00e7\u0131klamalar\u0131m\u0131z\u0131 ve ipu\u00e7lar\u0131m\u0131z\u0131 ke\u015ffedin.<\/p>\n","protected":false},"author":4,"featured_media":96777,"comment_status":"open","ping_status":"closed","sticky":false,"template":"","format":"standard","meta":{"_acf_changed":false,"_seopress_robots_primary_cat":"none","_seopress_titles_title":"End\u00fcstriyel ortamlarda i\u00e7 hava kalitesi k\u0131lavuzu","_seopress_titles_desc":"End\u00fcstride, i\u00e7 mekan hava kalitesinin izlenmesi, \u00e7al\u0131\u015fanlar\u0131n sa\u011fl\u0131k ve g\u00fcvenli\u011fini ve i\u015fletmelerin optimum \u015fekilde \u00e7al\u0131\u015fmas\u0131n\u0131 sa\u011flamak i\u00e7in gereklidir.","_seopress_robots_index":"","footnotes":""},"categories":[299],"tags":[],"class_list":["post-96830","post","type-post","status-publish","format-standard","has-post-thumbnail","hentry","category-bizim-tavsiyemiz","generate-columns","tablet-grid-50","mobile-grid-100","grid-parent","grid-50","no-featured-image-padding","resize-featured-image"],"acf":[],"_links":{"self":[{"href":"https:\/\/obera.fr\/tr\/wp-json\/wp\/v2\/posts\/96830","targetHints":{"allow":["GET"]}}],"collection":[{"href":"https:\/\/obera.fr\/tr\/wp-json\/wp\/v2\/posts"}],"about":[{"href":"https:\/\/obera.fr\/tr\/wp-json\/wp\/v2\/types\/post"}],"author":[{"embeddable":true,"href":"https:\/\/obera.fr\/tr\/wp-json\/wp\/v2\/users\/4"}],"replies":[{"embeddable":true,"href":"https:\/\/obera.fr\/tr\/wp-json\/wp\/v2\/comments?post=96830"}],"version-history":[{"count":1,"href":"https:\/\/obera.fr\/tr\/wp-json\/wp\/v2\/posts\/96830\/revisions"}],"predecessor-version":[{"id":96856,"href":"https:\/\/obera.fr\/tr\/wp-json\/wp\/v2\/posts\/96830\/revisions\/96856"}],"wp:featuredmedia":[{"embeddable":true,"href":"https:\/\/obera.fr\/tr\/wp-json\/wp\/v2\/media\/96777"}],"wp:attachment":[{"href":"https:\/\/obera.fr\/tr\/wp-json\/wp\/v2\/media?parent=96830"}],"wp:term":[{"taxonomy":"category","embeddable":true,"href":"https:\/\/obera.fr\/tr\/wp-json\/wp\/v2\/categories?post=96830"},{"taxonomy":"post_tag","embeddable":true,"href":"https:\/\/obera.fr\/tr\/wp-json\/wp\/v2\/tags?post=96830"}],"curies":[{"name":"wp","href":"https:\/\/api.w.org\/{rel}","templated":true}]}}