{"id":97828,"date":"2021-09-03T10:30:49","date_gmt":"2021-09-03T08:30:49","guid":{"rendered":"https:\/\/obera.fr\/conseils\/etude-de-l-air-lutte-contre-le-covid\/"},"modified":"2025-05-07T09:05:24","modified_gmt":"2025-05-07T07:05:24","slug":"etude-de-l-air-lutte-contre-le-covid","status":"publish","type":"post","link":"https:\/\/obera.fr\/tr\/bizim-tavsiyemiz\/etude-de-l-air-lutte-contre-le-covid\/","title":{"rendered":"COVID-19 ile m\u00fccadelede havay\u0131 inceleyerek ne \u00f6\u011frenebiliriz?"},"content":{"rendered":"\n<h2 class=\"wp-block-heading\">COVID-19 havada \u00f6l\u00e7\u00fclebilir mi?<\/h2>\n\n<p>\u015eu anda COVID-19&#8217;u havada kolayca ve do\u011fru bir \u015fekilde \u00f6l\u00e7mek m\u00fcmk\u00fcn de\u011fildir, ancak havada bulunan CO2 ve aerosolleri analiz etmek m\u00fcmk\u00fcnd\u00fcr. Bu iki fakt\u00f6r, <a href=\"https:\/\/obera.fr\/tr\/bizim-tavsiyemiz\/purificateurs-air-efficaces-coronavirus\/\" data-type=\"post\" data-id=\"2074\">COVID-19&#8217;un havadaki varl\u0131\u011f\u0131n\u0131n<\/a> tahmin edilmesinde \u00f6nemlidir. Aerosoller vir\u00fcslerin ta\u015f\u0131nma ara\u00e7lar\u0131d\u0131r. Aerosol seviyesi ne kadar y\u00fcksekse, vir\u00fcsler o kadar fazla \u015fekilde dola\u015fabilir&#8230; CO2 \u00f6l\u00e7\u00fcm\u00fc, potansiyel olarak bula\u015f\u0131c\u0131 aerosollerin mevcut riskini s\u0131n\u0131fland\u0131rmak i\u00e7in ekonomik bir \u00e7\u00f6z\u00fcm sunar. Birka\u00e7 ki\u015finin bulundu\u011fu bir odadaysak, CO2 konsantrasyonunun \u00f6l\u00e7\u00fclmesi, soludu\u011fumuz havan\u0131n y\u00fczde ka\u00e7\u0131n\u0131n di\u011fer insanlar taraf\u0131ndan daha \u00f6nce solunmu\u015f havadan olu\u015ftu\u011funu g\u00f6sterir. K\u00fctle dengesi, \u00f6l\u00e7\u00fclen CO2 konsantrasyonunun yakla\u015f\u0131k 1.200 ppm (milyonda bir par\u00e7a) olmas\u0131n\u0131n, odadaki havan\u0131n neredeyse %2&#8217;sinin en az bir kez akci\u011ferlerle temas etmi\u015f oldu\u011fu anlam\u0131na geldi\u011fini g\u00f6stermektedir.        <\/p>\n\n<p>Dolay\u0131s\u0131yla CO2 \u00f6l\u00e7\u00fcmleri, pencereleri a\u00e7mak ve odalar\u0131 havaland\u0131rmak i\u00e7in iyi bir g\u00f6stergedir.<\/p>\n\n<div class=\"wp-block-buttons is-horizontal is-content-justification-center is-layout-flex wp-container-core-buttons-is-layout-03627597 wp-block-buttons-is-layout-flex\">\n<div class=\"wp-block-button\"><a class=\"wp-block-button__link wp-element-button\" href=\"https:\/\/obera.fr\/tr\/bizim-tavsiyemiz\/comparer-prix-achat-purificateurs-air-anti-virus-covid-19\/\">COVID-19 anti-vir\u00fcs ve OBERA anti-bakteriyel hava temizleyicileri: Sat\u0131n almadan \u00f6nce kar\u015f\u0131la\u015ft\u0131r\u0131n<\/a><\/div>\n<\/div>\n\n<h2 class=\"wp-block-heading\">Hangi hava kalitesi parametreleri COVID-19 kontaminasyon riskini azaltabilir?<\/h2>\n\n<p>Yukar\u0131da a\u00e7\u0131kland\u0131\u011f\u0131 gibi CO2, COVID-19 kontaminasyon riskinin azalt\u0131lmas\u0131nda \u00f6nemli bir rol oynamaktad\u0131r. CO2 seviyesi ne kadar y\u00fcksek olursa, havada vir\u00fcs\u00fc ta\u015f\u0131ma ve odadaki insanlara bula\u015ft\u0131rma olas\u0131l\u0131\u011f\u0131 olan damlac\u0131klar\u0131n say\u0131s\u0131 da o kadar artar. CO2 seviyesi y\u00fcksek oldu\u011funda, CO2 seviyesini ve ayn\u0131 zamanda damlac\u0131k say\u0131s\u0131n\u0131 azaltmak i\u00e7in pencereler arac\u0131l\u0131\u011f\u0131yla havaland\u0131rma yapmak \u00e7ok \u00f6nemlidir.  <\/p>\n\n<blockquote class=\"wp-block-quote is-layout-flow wp-block-quote-is-layout-flow\">\n<p>Daha fazla bilgi: <a href=\"https:\/\/obera.fr\/conseils\/mesure-capteur-co2-lutter-contre-transmission-virus-covid-19\/\" data-type=\"URL\" data-id=\"https:\/\/obera.fr\/conseils\/mesure-capteur-co2-lutter-contre-transmission-virus-covid-19\/\">Bir sens\u00f6rden CO2 \u00f6l\u00e7\u00fcm\u00fc vir\u00fcs\u00fcn bula\u015fmas\u0131yla nas\u0131l etkili bir \u015fekilde m\u00fccadele edebilir?<\/a><\/p>\n<\/blockquote>\n\n<h2 class=\"wp-block-heading\">Hava kalitesi ve kirlili\u011fi ile <meta charset=\"utf-8\"\/>COVID-19&#8217;un bula\u015fmas\u0131 aras\u0131nda bir ba\u011flant\u0131 var m\u0131?<\/h2>\n\n<p>2020 bahar\u0131nda, \u0130talyan bilim insanlar\u0131ndan olu\u015fan bir ekip ve Grenoble&#8217;dan bir ki\u015fi, Lombardiya b\u00f6lgesinde \u0130talya&#8217;n\u0131n geri kalan\u0131na g\u00f6re daha y\u00fcksek say\u0131da enfeksiyon g\u00f6zlemledi. K\u00f6t\u00fc hava kalitesi ile koronavir\u00fcs\u00fcn dola\u015f\u0131m\u0131 aras\u0131nda bir ba\u011flant\u0131 ke\u015ffettiler. \u00c7al\u0131\u015fma asl\u0131nda vir\u00fcs\u00fcn kirlilik partik\u00fcllerine yerle\u015fti\u011fini, \u00e7\u00fcnk\u00fc bu partik\u00fcllerin koronavir\u00fcs\u00fcn kendini evinde hissetmesi ve hava yoluyla ta\u015f\u0131nmas\u0131 i\u00e7in m\u00fckemmel bir \u015fekilde olu\u015fturuldu\u011funu g\u00f6sterdi. Bu partik\u00fcller o kadar iyi adapte olmu\u015flard\u0131r ki, koronavir\u00fcs\u00fcn UV \u0131\u015f\u0131nlar\u0131ndan korunmas\u0131n\u0131 ve b\u00f6ylece daha uzun s\u00fcre canl\u0131 kalabilmesini de sa\u011flarlar.   <\/p>\n\n<h2 class=\"wp-block-heading\">Neden a\u00e7\u0131k alanlarda kontaminasyon riski bina i\u00e7lerine g\u00f6re daha azd\u0131r?<\/h2>\n\n<p>Kapal\u0131 alanlarda kontaminasyon riski daha y\u00fcksektir \u00e7\u00fcnk\u00fc hava yenilenmesi veya hareketi yoktur. Duvarlar ve tavan havay\u0131 &#8220;hapseder&#8221;. Bu nedenle hava CO2 ve dolay\u0131s\u0131yla vir\u00fcs ta\u015f\u0131yan partik\u00fcllerle y\u00fckl\u00fcd\u00fcr ve bunlar havada kal\u0131r. D\u0131\u015far\u0131da hava dola\u015f\u0131r ve partik\u00fcller de dola\u015f\u0131r, dolay\u0131s\u0131yla vir\u00fcs\u00fc ta\u015f\u0131yacak zamanlar\u0131 olmaz. Vir\u00fcs ta\u015f\u0131yacak olsalard\u0131, \u00f6zellikle de hava s\u0131cakken hemen yukar\u0131 do\u011fru hareket ederlerdi.   <\/p>\n\n<blockquote class=\"wp-block-quote is-layout-flow wp-block-quote-is-layout-flow\">\n<p>Daha ileri git : <a href=\"https:\/\/obera.fr\/conseils\/purifier-air-contre-covid-locaux-entreprise-tertiaires\/\" data-type=\"URL\" data-id=\"https:\/\/obera.fr\/conseils\/purifier-air-contre-covid-locaux-entreprise-tertiaires\/\">\u0130\u015f yerimdeki ve ticari tesislerimdeki havay\u0131 vir\u00fcslere, bakterilere ve COVID&#8217;e kar\u015f\u0131 nas\u0131l temizleyebilirim?<\/a><\/p>\n<\/blockquote>\n","protected":false},"excerpt":{"rendered":"<p>Havadaki CO2 ve aerosolleri analiz etmek m\u00fcmk\u00fcnd\u00fcr. Bu iki fakt\u00f6r havadaki covid varl\u0131\u011f\u0131n\u0131 tahmin etmede \u00f6nemlidir. Aerosoller vir\u00fcslerin seyahat etme \u015feklidir. Aerosol seviyesi ne kadar y\u00fcksekse, vir\u00fcs o kadar fazla \u015fekilde dola\u015fabilir&#8230;   <\/p>\n","protected":false},"author":4,"featured_media":97750,"comment_status":"closed","ping_status":"closed","sticky":false,"template":"","format":"standard","meta":{"_acf_changed":false,"_seopress_robots_primary_cat":"none","_seopress_titles_title":"Hava \u00e7al\u0131\u015fmalar\u0131 ve COVID-19 ile m\u00fccadele: eksiksiz k\u0131lavuz","_seopress_titles_desc":"Havadaki CO2 ve aerosolleri analiz etmek m\u00fcmk\u00fcnd\u00fcr. Bu iki fakt\u00f6r, COVID-19'un havadaki varl\u0131\u011f\u0131n\u0131n tahmin edilmesinde \u00f6nemlidir. ","_seopress_robots_index":"","footnotes":""},"categories":[299],"tags":[306],"class_list":["post-97828","post","type-post","status-publish","format-standard","has-post-thumbnail","hentry","category-bizim-tavsiyemiz","tag-entete-small-tr","generate-columns","tablet-grid-50","mobile-grid-100","grid-parent","grid-50","no-featured-image-padding","resize-featured-image"],"acf":[],"_links":{"self":[{"href":"https:\/\/obera.fr\/tr\/wp-json\/wp\/v2\/posts\/97828","targetHints":{"allow":["GET"]}}],"collection":[{"href":"https:\/\/obera.fr\/tr\/wp-json\/wp\/v2\/posts"}],"about":[{"href":"https:\/\/obera.fr\/tr\/wp-json\/wp\/v2\/types\/post"}],"author":[{"embeddable":true,"href":"https:\/\/obera.fr\/tr\/wp-json\/wp\/v2\/users\/4"}],"replies":[{"embeddable":true,"href":"https:\/\/obera.fr\/tr\/wp-json\/wp\/v2\/comments?post=97828"}],"version-history":[{"count":1,"href":"https:\/\/obera.fr\/tr\/wp-json\/wp\/v2\/posts\/97828\/revisions"}],"predecessor-version":[{"id":97830,"href":"https:\/\/obera.fr\/tr\/wp-json\/wp\/v2\/posts\/97828\/revisions\/97830"}],"wp:featuredmedia":[{"embeddable":true,"href":"https:\/\/obera.fr\/tr\/wp-json\/wp\/v2\/media\/97750"}],"wp:attachment":[{"href":"https:\/\/obera.fr\/tr\/wp-json\/wp\/v2\/media?parent=97828"}],"wp:term":[{"taxonomy":"category","embeddable":true,"href":"https:\/\/obera.fr\/tr\/wp-json\/wp\/v2\/categories?post=97828"},{"taxonomy":"post_tag","embeddable":true,"href":"https:\/\/obera.fr\/tr\/wp-json\/wp\/v2\/tags?post=97828"}],"curies":[{"name":"wp","href":"https:\/\/api.w.org\/{rel}","templated":true}]}}