{"id":97940,"date":"2021-09-03T09:00:29","date_gmt":"2021-09-03T07:00:29","guid":{"rendered":"https:\/\/obera.fr\/conseils\/mesure-capteur-co2-lutter-contre-transmission-virus-covid-19\/"},"modified":"2025-05-07T09:11:03","modified_gmt":"2025-05-07T07:11:03","slug":"mesure-capteur-co2-lutter-contre-transmission-virus-covid-19","status":"publish","type":"post","link":"https:\/\/obera.fr\/tr\/bizim-tavsiyemiz\/mesure-capteur-co2-lutter-contre-transmission-virus-covid-19\/","title":{"rendered":"Bir sens\u00f6rden CO2 \u00f6l\u00e7\u00fcm\u00fc vir\u00fcs\u00fcn bula\u015fmas\u0131yla nas\u0131l etkili bir \u015fekilde m\u00fccadele edebilir?"},"content":{"rendered":"\n<h2 class=\"wp-block-heading\">CO2 \u00f6l\u00e7\u00fcm\u00fc i\u00e7in hangi \u00e7\u00f6z\u00fcmler mevcut?<\/h2>\n\n<div class=\"wp-block-columns are-vertically-aligned-center is-layout-flex wp-container-core-columns-is-layout-28f84493 wp-block-columns-is-layout-flex\">\n<div class=\"wp-block-column is-vertically-aligned-center is-layout-flow wp-block-column-is-layout-flow\" style=\"flex-basis:33.33%\">\n<figure class=\"wp-block-image aligncenter size-full is-resized\"><img decoding=\"async\" width=\"600\" height=\"500\" src=\"https:\/\/obera.fr\/wp-content\/uploads\/2022\/07\/CAPTEUR-CO2.jpg\" alt=\"co2 sens&#xF6;r&#xFC;\" class=\"wp-image-13714\" style=\"width:337px;height:281px\" srcset=\"https:\/\/obera.fr\/wp-content\/uploads\/2022\/07\/CAPTEUR-CO2.jpg 600w, https:\/\/obera.fr\/wp-content\/uploads\/2022\/07\/CAPTEUR-CO2-300x250.jpg 300w\" sizes=\"(max-width: 600px) 100vw, 600px\" \/><\/figure>\n<\/div>\n\n\n\n<div class=\"wp-block-column is-vertically-aligned-center is-layout-flow wp-block-column-is-layout-flow\" style=\"flex-basis:66.66%\">\n<p><\/p><p>Y\u00fcksek karbondioksit seviyelerinin hava yoluyla bula\u015fan enfeksiyon riskini art\u0131rd\u0131\u011f\u0131na dair kan\u0131tlar giderek artmaktad\u0131r. Karbondioksit, kapal\u0131 alanlardaki insanlar\u0131n soludu\u011fu hava taraf\u0131ndan \u00fcretilir. Bir binadaki her bir ki\u015fi dakikada yakla\u015f\u0131k sekiz litre hava solur: akci\u011fer dokusuyla yak\u0131n temas halinde olan hava. Yakla\u015f\u0131k 40.000 ppm (&#8220;milyonda bir par\u00e7a&#8221;) konsantrasyonda CO2&#8217;ye ek olarak, egzoz havas\u0131 ayr\u0131ca boyutlar\u0131 nedeniyle havada y\u00fczebilen k\u00fc\u00e7\u00fck s\u0131v\u0131 damlac\u0131klar\u0131 (aerosoller) i\u00e7erir. Bu damlac\u0131klar ayn\u0131 zamanda akci\u011ferlerde bulunan viral partik\u00fclleri de i\u00e7erir. CO2 sens\u00f6rleri enfeksiyon riskini azaltabilir.     <\/p>Il est suppos\u00e9 que la vitesse de descente des a\u00e9rosols est g\u00e9n\u00e9ralement de quelques m\u00e8tres par heure. La diminution des virus biologiques a une demi-vie d\u2019environ trois heures dans des conditions de laboratoire. C\u2019est-\u00e0-dire que l\u2019air ambiant reste pollu\u00e9 pendant une longue p\u00e9riode.\n<\/div>\n<\/div>\n\n<p>Sa\u011fl\u0131kl\u0131 bir ki\u015fi bu kontamine damlac\u0131klar\u0131 solursa ve i\u00e7erdikleri viral partik\u00fcllerin say\u0131s\u0131 minimum enfeksiyon dozunu a\u015farsa, hastal\u0131k bula\u015f\u0131r. Viral y\u00fck\u00fcn do\u011frudan \u00f6l\u00e7\u00fcm\u00fc zor oldu\u011fundan, bak\u0131m gerektirmeyen sens\u00f6rler CO2 konsantrasyonunu izlemek ve b\u00f6ylece t\u00fcketilen havan\u0131n birikmesini \u00f6nlemek i\u00e7in ideal bir yoldur. <\/p>\n\n<div class=\"wp-block-buttons is-horizontal is-content-justification-center is-layout-flex wp-container-core-buttons-is-layout-03627597 wp-block-buttons-is-layout-flex\">\n<div class=\"wp-block-button\"><a class=\"wp-block-button__link wp-element-button\" href=\"https:\/\/obera.fr\/tr\/bizim-tavsiyemiz\/comparer-prix-achat-purificateurs-air-anti-virus-covid-19\/\">Bir CO2 dedekt\u00f6r\u00fcn\u00fc nas\u0131l se\u00e7erim?<\/a><\/div>\n<\/div>\n\n<h2 class=\"wp-block-heading\">Covid-19 bula\u015fma riskinin bir g\u00f6stergesi olarak CO2 i\u00e7eri\u011fi<\/h2>\n\n<div class=\"wp-block-columns are-vertically-aligned-center is-layout-flex wp-container-core-columns-is-layout-28f84493 wp-block-columns-is-layout-flex\">\n<div class=\"wp-block-column is-vertically-aligned-center is-layout-flow wp-block-column-is-layout-flow\" style=\"flex-basis:33.33%\">\n<figure class=\"wp-block-image size-full is-resized\"><img decoding=\"async\" width=\"600\" height=\"500\" src=\"https:\/\/obera.fr\/wp-content\/uploads\/2022\/07\/TENEUR-CO2.jpg\" alt=\"CO2 i&#xE7;eri&#x11F;i\" class=\"wp-image-13720\" style=\"width:300px;height:250px\" srcset=\"https:\/\/obera.fr\/wp-content\/uploads\/2022\/07\/TENEUR-CO2.jpg 600w, https:\/\/obera.fr\/wp-content\/uploads\/2022\/07\/TENEUR-CO2-300x250.jpg 300w\" sizes=\"(max-width: 600px) 100vw, 600px\" \/><\/figure>\n<\/div>\n\n\n\n<div class=\"wp-block-column is-vertically-aligned-center is-layout-flow wp-block-column-is-layout-flow\" style=\"flex-basis:66.66%\">\n<p>Hava yoluyla bula\u015fman\u0131n vir\u00fcs\u00fcn yay\u0131lmas\u0131nda \u00f6nemli bir fakt\u00f6r oldu\u011fu g\u00f6r\u00fclmektedir. Sonu\u00e7 olarak, <a href=\"https:\/\/obera.fr\/tr\/bizim-tavsiyemiz\/purifier-air-contre-covid-locaux-entreprise-tertiaires\/\" data-type=\"URL\" data-id=\"https:\/\/obera.fr\/conseils\/purifier-air-contre-covid-locaux-entreprise-tertiaires\/\">tesislerdeki CO2 seviyeleri COVID-19&#8217;un bula\u015fma riskinin bir g\u00f6stergesi olarak kullan\u0131labilir<\/a>. <\/p>\n\n\n\n<p>The Conversation&#8217;a konu\u015fan \u00f6nde gelen aerosol bilimcisi Profes\u00f6r Shelly Miller, &#8220;Corona vir\u00fcs\u00fc hava yoluyla bula\u015ft\u0131\u011f\u0131ndan, bir odadaki y\u00fcksek CO2 seviyeleri, enfekte bir ki\u015fi i\u00e7erideyse muhtemelen daha y\u00fcksek bula\u015fma riski anlam\u0131na gelir&#8221; diye yaz\u0131yor.&#8221; Basit\u00e7e s\u00f6ylemek gerekirse, i\u00e7eri ne kadar \u00e7ok temiz hava girerse, hava kalitesi o kadar iyi olur. Bu havan\u0131n i\u00e7eri girmesi, vir\u00fcs ya da ba\u015fka bir \u015fey olsun, bula\u015f\u0131c\u0131 y\u00fck\u00fc azalt\u0131r ve binada bulunan insanlar\u0131n maruziyetini azalt\u0131r.&#8221;<\/p>\n<\/div>\n<\/div>\n\n<p>2019&#8217;da Taipei \u00dcniversitesi&#8217;ndeki (Tayvan) bir t\u00fcberk\u00fcloz salg\u0131n\u0131 \u00fczerine yap\u0131lan bir \u00e7al\u0131\u015fma ayr\u0131nt\u0131l\u0131 kan\u0131tlar sunmaktad\u0131r. Bir\u00e7ok oda k\u00f6t\u00fc havaland\u0131r\u0131l\u0131yordu ve 3.000 ppm&#8217;i a\u015fan CO2 seviyelerine ula\u015f\u0131yordu. M\u00fchendisler de\u011ferleri 600 ppm&#8217;in alt\u0131na d\u00fc\u015f\u00fcrd\u00fc\u011f\u00fcnde salg\u0131n durduruldu.  <\/p>\n\n<h3 class=\"wp-block-heading\">G\u00fcvenli bir ortam i\u00e7in do\u011fru CO2 i\u00e7eri\u011fi nedir?<\/h3>\n\n<div class=\"wp-block-columns is-layout-flex wp-container-core-columns-is-layout-28f84493 wp-block-columns-is-layout-flex\">\n<div class=\"wp-block-column is-layout-flow wp-block-column-is-layout-flow\" style=\"flex-basis:66.66%\">\n<figure class=\"wp-block-image aligncenter size-full is-resized\"><img decoding=\"async\" width=\"753\" height=\"429\" src=\"https:\/\/obera.fr\/wp-content\/uploads\/2021\/09\/evolution-concentrations-co2-depuis-1700.jpg\" alt=\"1700'den bu yana CO2 konsantrasyonlar&#x131;ndaki e&#x11F;ilimler ve 2100'e kadar projeksiyonlar\" class=\"wp-image-6766\" style=\"width:566px;height:322px\" srcset=\"https:\/\/obera.fr\/wp-content\/uploads\/2021\/09\/evolution-concentrations-co2-depuis-1700.jpg 753w, https:\/\/obera.fr\/wp-content\/uploads\/2021\/09\/evolution-concentrations-co2-depuis-1700-300x171.jpg 300w\" sizes=\"(max-width: 753px) 100vw, 753px\" \/><figcaption class=\"wp-element-caption\">1700&#8217;den bu yana CO2 konsantrasyonlar\u0131ndaki e\u011filimler ve 2100&#8217;e kadar projeksiyonlar<\/figcaption><\/figure>\n<\/div>\n\n\n\n<div class=\"wp-block-column is-layout-flow wp-block-column-is-layout-flow\" style=\"flex-basis:45%\">\n<p>Kar\u015f\u0131la\u015ft\u0131rmal\u0131 bir de\u011fer vermek gerekirse, <sup>21<\/sup>. y\u00fczy\u0131lda d\u0131\u015f ortam havas\u0131 yakla\u015f\u0131k %0,04 CO2 veya 415 ppm (milyon ba\u015f\u0131na par\u00e7a) i\u00e7erir. Bilim insanlar\u0131, CO2&#8217;nin s\u0131n\u0131flarda VOCID-19 g\u00f6stergesi olarak kullan\u0131lmas\u0131 i\u00e7in 1000 ppm&#8217;lik bir g\u00f6sterge de\u011feri \u00f6nermektedir. Uzay seviyesindeki bula\u015fman\u0131n anahtar oldu\u011funu iddia ediyorlar. Havadaki vir\u00fcs miktar\u0131 artabilir ve bu da maruziyetin artmas\u0131na yol a\u00e7abilir. K\u00f6t\u00fc havaland\u0131r\u0131lan bir odada uzun s\u00fcre kal\u0131rsan\u0131z, hava hareket etti\u011fi i\u00e7in uzakta olsan\u0131z bile olduk\u00e7a y\u00fcksek bir risk ta\u015f\u0131rs\u0131n\u0131z.    <\/p>\n\n\n\n<p>\u0130\u00e7 mekan CO2 \u00f6l\u00e7\u00fcmleri, <a href=\"https:\/\/obera.fr\/tr\/bizim-tavsiyemiz\/purificateurs-air-efficaces-coronavirus\/\" data-type=\"post\" data-id=\"2074\">Covid-19<\/a> ve di\u011fer solunum yolu hastal\u0131klar\u0131 i\u00e7in i\u00e7 mekan aerosol bula\u015fma riskinin b\u00fcy\u00fck \u00f6l\u00e7ekli izlenmesi i\u00e7in uygun fiyatl\u0131 sens\u00f6rlerle kolayca kurulabilir. Bununla birlikte, farkl\u0131 durumlar i\u00e7in farkl\u0131 C02 referans de\u011ferleri belirlemek faydal\u0131 g\u00f6r\u00fcnmektedir. <\/p>\n<\/div>\n<\/div>\n\n<p>Ortama ve faaliyet t\u00fcr\u00fcne ba\u011fl\u0131 olarak, enfeksiyon riskinin b\u00fcy\u00fck \u00f6l\u00e7\u00fcde de\u011fi\u015fti\u011fi g\u00f6sterilmi\u015ftir. Belirli bir b\u00f6lgede enfekte olan ki\u015fi say\u0131s\u0131 gibi fakt\u00f6rler ve maske takmak veya havay\u0131 temizlemek gibi \u00f6nlemler, sabit CO2&#8217;yi azaltmadan ortam havas\u0131ndaki viral y\u00fck\u00fc azaltabilir. Ayr\u0131ca konu\u015fma, \u015fark\u0131 s\u00f6yleme ve ba\u011f\u0131rma gibi faaliyetler viral emisyonlar\u0131 CO2 konsantrasyonundan \u00e7ok daha fazla art\u0131rmaktad\u0131r. Havaland\u0131rma ve temiz hava temini hem CO2 seviyelerini hem de viral y\u00fck\u00fc azalt\u0131r. Bu durum, \u00f6rne\u011fin viral y\u00fck\u00fc azaltan ancak CO2 seviyeleri \u00fczerinde hi\u00e7bir etkisi olmayan hava devridaimi veya hava temizleme i\u00e7in ge\u00e7erli de\u011fildir.    <\/p>\n\n<h3 class=\"wp-block-heading\">CO2 i\u00e7eri\u011fi ve muhafaza endeksi<\/h3>\n\n<p>Birka\u00e7 ki\u015finin bulundu\u011fu bir odadaysak, CO2 seviyelerini \u00f6l\u00e7mek, soludu\u011fumuz havan\u0131n y\u00fczde ka\u00e7\u0131n\u0131n di\u011fer insanlar taraf\u0131ndan solundu\u011funa dair iyi bir g\u00f6sterge sa\u011flar. \u00d6rne\u011fin, \u00f6l\u00e7\u00fclen CO2 konsantrasyonunun 1200 ppm civar\u0131nda olmas\u0131, ortamdaki havan\u0131n neredeyse %2&#8217;sinin akci\u011ferlerle temas etmi\u015f oldu\u011fu anlam\u0131na gelir. Yani her 50 nefesten biri daha \u00f6nce solunmu\u015f olan havadan olu\u015fmaktad\u0131r. Bununla birlikte, COVID-19 ile belirli bir enfeksiyon riskini do\u011frudan \u00e7\u0131karmak m\u00fcmk\u00fcn de\u011fildir. Bu, halen yo\u011fun ara\u015ft\u0131rma konusu olan \u00e7e\u015fitli fakt\u00f6rlere ba\u011fl\u0131d\u0131r. Bununla birlikte, CO2 \u00f6l\u00e7\u00fcm\u00fc, potansiyel olarak bula\u015f\u0131c\u0131 aerosollerin mevcut riskini tahmin etmek i\u00e7in pragmatik ve uygun maliyetli bir \u00e7\u00f6z\u00fcmd\u00fcr.     <\/p>\n\n<h3 class=\"wp-block-heading\">Enfeksiyon riskini azaltmaya y\u00f6nelik stratejiler[DB2].  <\/h3>\n\n<div class=\"wp-block-columns are-vertically-aligned-center is-layout-flex wp-container-core-columns-is-layout-28f84493 wp-block-columns-is-layout-flex\">\n<div class=\"wp-block-column is-vertically-aligned-center is-layout-flow wp-block-column-is-layout-flow\" style=\"flex-basis:39.66%\">\n<figure class=\"wp-block-image aligncenter size-full is-resized\"><img decoding=\"async\" width=\"600\" height=\"500\" src=\"https:\/\/obera.fr\/wp-content\/uploads\/2022\/07\/DIMINUTION-DU-CO2-1.jpg\" alt=\"CO2 azalt&#x131;m&#x131;\" class=\"wp-image-13724\" style=\"width:317px;height:264px\" srcset=\"https:\/\/obera.fr\/wp-content\/uploads\/2022\/07\/DIMINUTION-DU-CO2-1.jpg 600w, https:\/\/obera.fr\/wp-content\/uploads\/2022\/07\/DIMINUTION-DU-CO2-1-300x250.jpg 300w\" sizes=\"(max-width: 600px) 100vw, 600px\" \/><\/figure>\n<\/div>\n\n\n\n<div class=\"wp-block-column is-vertically-aligned-center is-layout-flow wp-block-column-is-layout-flow\" style=\"flex-basis:80%\">\n<p>CO2 konsantrasyonunun 1000 ppm&#8217;in alt\u0131nda olmas\u0131 hijyeniktir. 1000-2000 ppm aras\u0131ndaki bir konsantrasyon endi\u015fe kayna\u011f\u0131 olarak kabul edilir. Bu seviyenin \u00fczerindeki konsantrasyon kabul edilemez. CO2 ayr\u0131ca anaokullar\u0131nda enfeksiyonun \u00f6nlenmesi i\u00e7in \u00f6nemli bir referanst\u0131r.   <\/p>\n\n\n\n<p><\/p><p>\u00d6rne\u011fin Almanya&#8217;da, UBA&#8217;n\u0131n (Federal \u00c7evre Ofisi) &#8216;Havaland\u0131rma&#8217; \u00e7al\u0131\u015fma grubu, C02 konsantrasyonunu g\u00f6steren trafik \u0131\u015f\u0131klar\u0131n\u0131n kullan\u0131lmas\u0131n\u0131 \u00f6nermektedir. DGVU daha da ileri giderek pandemi a\u015famas\u0131nda s\u0131n\u0131flarda 700 ppm&#8217;lik bir hedef de\u011feri savunmaktad\u0131r. <\/p>A\u00e9rer ne signifie pas seulement un \u00e9change d\u2019air, mais aussi une perte de chaleur en hiver. Une strat\u00e9gie durable devrait \u00e9galement tenir compte de cet effet. L\u00e0 o\u00f9 il n\u2019y a pas de climatisation moderne avec \u00e9changeur de chaleur, seule la surveillance du CO2 et une ventilation manuelle orient\u00e9e sur la demande ou r\u00e9guli\u00e8re aident.\n<\/div>\n<\/div>\n\n<p>Avrupa Is\u0131tma, Havaland\u0131rma ve \u0130klimlendirme Dernekleri Birli\u011fi REHVA, &#8220;\u00f6zellikle havaland\u0131rman\u0131n pencerelere ve\/veya \u0131zgaralara ba\u011fl\u0131 oldu\u011fu okullarda&#8221; s\u0131n\u0131flara uyar\u0131 \u0131\u015f\u0131kl\u0131 CO2 monit\u00f6rlerinin yerle\u015ftirilmesi \u00e7a\u011fr\u0131s\u0131nda bulunuyor.<\/p>\n\n<blockquote class=\"wp-block-quote is-layout-flow wp-block-quote-is-layout-flow\">\n<p>Ayr\u0131ca okuyun: <a href=\"https:\/\/obera.fr\/tr\/bizim-tavsiyemiz\/purificateurs-d-air-contre-covid-19-creches-maternelles-ecoles-colleges-lycees\/\" data-type=\"post\" data-id=\"6301\">Hava temizleyicilerimiz kre\u015flerde, anaokullar\u0131nda, okullarda ve kolejlerde Covid-19&#8217;a kar\u015f\u0131 etkilidir<\/a>.<\/p>\n<\/blockquote>\n\n<h3 class=\"wp-block-heading\">CO2 sens\u00f6rlerinin kurulumu<\/h3>\n\n<p>Bu gereksinimleri kar\u015f\u0131lamak i\u00e7in, g\u00fcvenilir CO2 sens\u00f6rleri sonu\u00e7 \u00fcretmeli ve ihtiya\u00e7 duyulan yerlere kolayca kurulabilmelidir. \u0130deal olarak, \u00f6rne\u011fin CO2 konsantrasyonu &#8220;trafik \u0131\u015f\u0131\u011f\u0131&#8221; e\u015fiklerini a\u015ft\u0131\u011f\u0131nda alarm\u0131 \u00f6nlemek ve bu mesaj\u0131 bina y\u00f6netim a\u011flar\u0131na veya kablosuz olarak ak\u0131ll\u0131 telefonlara g\u00f6ndermek i\u00e7in ba\u011flan\u0131rlar. Bak\u0131m gerektirmeyen sens\u00f6rler bu ama\u00e7lar i\u00e7in idealdir. Bu \u00e7\u00f6z\u00fcmler, herhangi bir \u00f6zel kurulum veya kablolamaya gerek kalmadan ortam havas\u0131ndaki CO2 konsantrasyonunun s\u00fcrekli olarak izlenmesini sa\u011flar.   <\/p>\n\n<figure class=\"wp-block-image aligncenter size-full\"><img decoding=\"async\" width=\"783\" height=\"451\" src=\"https:\/\/obera.fr\/wp-content\/uploads\/2021\/09\/mesure-CO2-et-ventilation.jpg\" alt=\"CO2 &#xF6;l&#xE7;&#xFC;m&#xFC; ve havaland&#x131;rma\" class=\"wp-image-6765\" srcset=\"https:\/\/obera.fr\/wp-content\/uploads\/2021\/09\/mesure-CO2-et-ventilation.jpg 783w, https:\/\/obera.fr\/wp-content\/uploads\/2021\/09\/mesure-CO2-et-ventilation-300x173.jpg 300w, https:\/\/obera.fr\/wp-content\/uploads\/2021\/09\/mesure-CO2-et-ventilation-768x442.jpg 768w\" sizes=\"(max-width: 783px) 100vw, 783px\" \/><\/figure>\n\n<h3 class=\"wp-block-heading\">Kaynaklar<\/h3>\n\n<ul class=\"wp-block-list\">\n<li><a href=\"https:\/\/www.umwelt-campus.de\/forschung\/projekte\/iot-werkstatt\/ideen-zur-corona-krise\" data-type=\"URL\" data-id=\"https:\/\/www.umwelt-campus.de\/forschung\/projekte\/iot-werkstatt\/ideen-zur-corona-krise\" target=\"_blank\" rel=\"noreferrer noopener\">COVID-19 \u00d6nleme: CO2 \u00f6l\u00e7\u00fcm\u00fc ve gerekti\u011fi \u015fekilde havaland\u0131rma<\/a><\/li>\n<\/ul>\n\n<h2 class=\"wp-block-heading\">CO2 ile COVID-19 vir\u00fcs\u00fcn\u00fcn bula\u015fmas\u0131 aras\u0131nda bir ba\u011flant\u0131 var m\u0131 (bu konuda bilimsel \u00e7al\u0131\u015fmalar ne diyor)?<\/h2>\n\n<p>Her insan dakikada yakla\u015f\u0131k 8 ila 10 litre hava solur ve bu hava akci\u011fer dokusuyla yo\u011fun temas halindedir. Bu nedenle solunan hava, CO2&#8217;ye (%4 = 40.000 ppm) ek olarak, boyutlar\u0131 nedeniyle havada uzun s\u00fcre y\u00fczebilen k\u00fc\u00e7\u00fck damlac\u0131klar (aerosoller) da i\u00e7erir. S\u00f6z konusu ki\u015fi vir\u00fcsle enfekte olmu\u015fsa, bu damlac\u0131klar da viral partik\u00fcller i\u00e7erecektir. Aerosoller saatte birka\u00e7 metre h\u0131zla al\u00e7al\u0131r ve biyolojik viral enfeksiyon aktivitesindeki azalma yakla\u015f\u0131k 2,7 saattir, bu nedenle ortam havas\u0131 daha uzun s\u00fcre kirli kal\u0131r. Sa\u011fl\u0131kl\u0131 bir ki\u015fi bu kirli damlac\u0131klar\u0131 solursa ve i\u00e7erdikleri viral partik\u00fcllerin say\u0131s\u0131 minimum bula\u015f\u0131c\u0131 dozu a\u015farsa, hastal\u0131k bula\u015f\u0131r. Yak\u0131n zamanda 200&#8217;den fazla bilim insan\u0131 DS\u00d6&#8217;ye SARS-CoV-2&#8217;nin hava yoluyla bula\u015fmas\u0131n\u0131 daha ciddiye almas\u0131 \u00e7a\u011fr\u0131s\u0131nda bulunmu\u015ftur (Morawska &amp; Milton, 2020).     <\/p>\n\n<h2 class=\"wp-block-heading\">CO2 sens\u00f6r\u00fcn\u00fcz\u00fc yerle\u015ftirmek i\u00e7in en iyi yer neresidir?<\/h2>\n\n<p>CO2 sens\u00f6r\u00fcn\u00fczden en iyi \u015fekilde yararlanmak i\u00e7in, sens\u00f6r\u00fc odan\u0131n y\u00fcz hizas\u0131na, ideal olarak 1 ila 2 metre y\u00fcksekli\u011fe yerle\u015ftirmeniz \u00f6nemlidir. Ancak, CO2 sens\u00f6r\u00fcn\u00fc bir ki\u015finin yak\u0131n\u0131na yerle\u015ftirmeyin (\u00f6rne\u011fin bir masan\u0131n yan\u0131na), \u00e7\u00fcnk\u00fc nefes alan ki\u015fi otomatik olarak sens\u00f6r\u00fcn yak\u0131n\u0131nda CO2 \u00fcretece\u011finden bu durum sonu\u00e7lar\u0131 bozabilir. CO2 sens\u00f6r\u00fcn\u00fc pencere, kap\u0131 veya havaland\u0131rma deli\u011fi yak\u0131n\u0131na yerle\u015ftirmemeye de dikkat etmelisiniz.    <\/p>\n","protected":false},"excerpt":{"rendered":"<p>CO2 ile COVID-19 vir\u00fcs\u00fcn\u00fcn bula\u015fmas\u0131 aras\u0131nda bir ba\u011flant\u0131 var m\u0131? CO2 sens\u00f6rleri hakk\u0131ndaki t\u00fcm sorular\u0131n\u0131z\u0131n yan\u0131tlar\u0131 k\u0131lavuzumuzda. <\/p>\n","protected":false},"author":4,"featured_media":97904,"comment_status":"closed","ping_status":"closed","sticky":false,"template":"","format":"standard","meta":{"_acf_changed":false,"_seopress_robots_primary_cat":"none","_seopress_titles_title":"CO2 sens\u00f6r\u00fc vir\u00fcslere kar\u015f\u0131 m\u00fccadelede nas\u0131l yard\u0131mc\u0131 olabilir?","_seopress_titles_desc":"CO2 ile COVID-19 vir\u00fcs\u00fcn\u00fcn bula\u015fmas\u0131 aras\u0131nda bir ba\u011flant\u0131 var m\u0131? CO2 sens\u00f6rleri hakk\u0131ndaki t\u00fcm sorular\u0131n\u0131z\u0131n yan\u0131tlar\u0131 k\u0131lavuzumuzda. ","_seopress_robots_index":"","footnotes":""},"categories":[299],"tags":[306],"class_list":["post-97940","post","type-post","status-publish","format-standard","has-post-thumbnail","hentry","category-bizim-tavsiyemiz","tag-entete-small-tr","generate-columns","tablet-grid-50","mobile-grid-100","grid-parent","grid-50","no-featured-image-padding","resize-featured-image"],"acf":[],"_links":{"self":[{"href":"https:\/\/obera.fr\/tr\/wp-json\/wp\/v2\/posts\/97940","targetHints":{"allow":["GET"]}}],"collection":[{"href":"https:\/\/obera.fr\/tr\/wp-json\/wp\/v2\/posts"}],"about":[{"href":"https:\/\/obera.fr\/tr\/wp-json\/wp\/v2\/types\/post"}],"author":[{"embeddable":true,"href":"https:\/\/obera.fr\/tr\/wp-json\/wp\/v2\/users\/4"}],"replies":[{"embeddable":true,"href":"https:\/\/obera.fr\/tr\/wp-json\/wp\/v2\/comments?post=97940"}],"version-history":[{"count":1,"href":"https:\/\/obera.fr\/tr\/wp-json\/wp\/v2\/posts\/97940\/revisions"}],"predecessor-version":[{"id":97943,"href":"https:\/\/obera.fr\/tr\/wp-json\/wp\/v2\/posts\/97940\/revisions\/97943"}],"wp:featuredmedia":[{"embeddable":true,"href":"https:\/\/obera.fr\/tr\/wp-json\/wp\/v2\/media\/97904"}],"wp:attachment":[{"href":"https:\/\/obera.fr\/tr\/wp-json\/wp\/v2\/media?parent=97940"}],"wp:term":[{"taxonomy":"category","embeddable":true,"href":"https:\/\/obera.fr\/tr\/wp-json\/wp\/v2\/categories?post=97940"},{"taxonomy":"post_tag","embeddable":true,"href":"https:\/\/obera.fr\/tr\/wp-json\/wp\/v2\/tags?post=97940"}],"curies":[{"name":"wp","href":"https:\/\/api.w.org\/{rel}","templated":true}]}}