{"id":98652,"date":"2021-05-20T17:28:46","date_gmt":"2021-05-20T15:28:46","guid":{"rendered":"https:\/\/obera.fr\/conseils\/mesure-de-la-qualite-de-l-air-interieur-interet-principe\/"},"modified":"2025-05-07T09:46:38","modified_gmt":"2025-05-07T07:46:38","slug":"mesure-de-la-qualite-de-l-air-interieur-interet-principe","status":"publish","type":"post","link":"https:\/\/obera.fr\/tr\/bizim-tavsiyemiz\/mesure-de-la-qualite-de-l-air-interieur-interet-principe\/","title":{"rendered":"\u0130\u00e7 mekan hava kalitesinin \u00f6l\u00e7\u00fclmesi: ilgi ve prensip"},"content":{"rendered":"\n<p>D\u00fcnya Sa\u011fl\u0131k \u00d6rg\u00fct\u00fc&#8217;n\u00fcn rakamlar\u0131na g\u00f6re Fransa&#8217;da <strong>hava kirlili\u011fi<\/strong> nedeniyle y\u0131lda yakla\u015f\u0131k 50.000 ki\u015fi hayat\u0131n\u0131 kaybediyor; bu rakam trafik kazalar\u0131ndan 10 kat daha fazla! Dahas\u0131, bir evin veya i\u015fyerinin i\u00e7indeki havan\u0131n d\u0131\u015far\u0131daki havadan 5 ila 10 kat daha kirli oldu\u011fu tahmin edilmektedir. <\/p>\n\n<p>Bu nedenle <strong>\u015firketlerdeki havan\u0131n kalitesi<\/strong>, yaln\u0131zca \u00e7al\u0131\u015fanlar\u0131n sa\u011fl\u0131\u011f\u0131 i\u00e7in de\u011fil, ayn\u0131 zamanda i\u015fletmelerin verimlili\u011fi i\u00e7in de \u00e7ok \u00f6nemli bir konudur. Bu nedenle <strong>i\u00e7 mekan hava kalitesini \u00f6l\u00e7mek<\/strong> i\u00e7in bir sistem kurmak \u00e7ok \u00f6nemlidir. Hangi parametrelerin dikkate al\u0131nmas\u0131 gerekir? <strong>Hava kalitesini izlemenin<\/strong> faydalar\u0131 nelerdir ve bunu nas\u0131l yapars\u0131n\u0131z? T\u00fcm tavsiyelerimizi \u00f6\u011frenin.    <\/p>\n\n<h2 class=\"wp-block-heading\" id=\"quels-sont-les-parametres-de-la-qualite-de-l-air-interieur\">\u0130\u00e7 mekan hava kalitesinin parametreleri nelerdir?<\/h2>\n\n<p><a href=\"https:\/\/obera.fr\/tr\/bizim-tavsiyemiz\/qualite-l-air-interieur-critere-essentiel-industrie\/\" data-type=\"URL\" data-id=\"https:\/\/obera.fr\/conseils\/qualite-l-air-interieur-critere-essentiel-industrie\/\">\u0130\u00e7 mekan hava kalitesi<\/a>, <strong>kirleticilere bak\u0131larak<\/strong> ve s\u0131cakl\u0131k ve ba\u011f\u0131l nem gibi <strong>fiziksel de\u011ferler \u00f6l\u00e7\u00fclerek<\/strong> de\u011ferlendirilir.<\/p>\n\n<h3 class=\"wp-block-heading\" id=\"la-concentration-en-polluants-et-particules\">Kirleticilerin ve partik\u00fcllerin konsantrasyonu<\/h3>\n\n<p>Ofiste veya end\u00fcstriyel binalarda \u00e7al\u0131\u015fanlar iki ana<strong> hava kirlili\u011fi kayna\u011f\u0131na<\/strong> maruz kalmaktad\u0131r:<\/p>\n\n<ul class=\"wp-block-list\">\n<li>Kimyasallar ve yap\u0131 malzemeleri taraf\u0131ndan \u00fcretilen bir gaz olan formaldehit gibi <strong>u\u00e7ucu organik bile\u015fikler (VOC<\/strong> &#8216;ler);<\/li>\n\n\n\n<li>Toz, aerosoller ve mikro organizmalar (vir\u00fcsler, bakteriler, k\u00fcf vb.) gibi havada as\u0131l\u0131 duran <strong>kat\u0131 veya s\u0131v\u0131 par\u00e7ac\u0131klar<\/strong>.<\/li>\n<\/ul>\n\n<p><strong>Sa\u011fl\u0131k ve \u00e7evre \u00fczerindeki etkiler<\/strong>, havadaki kirleticilerin konsantrasyonu ve maruz kalma s\u00fcresi ile artar.<\/p>\n\n<h3 class=\"wp-block-heading\" id=\"la-temperature-et-le-niveau-d-humidite\">S\u0131cakl\u0131k ve nem seviyeleri<\/h3>\n\n<p>\u0130\u00e7 mekan hava kalitesi ayr\u0131ca <strong>s\u0131cakl\u0131k ve ba\u011f\u0131l nemin izlenmesiyle<\/strong> de \u00f6l\u00e7\u00fcl\u00fcr. A\u015f\u0131r\u0131 de\u011ferler biyolojik kirleticilerin \u00e7o\u011falmas\u0131na ve malzemelerin, bitmi\u015f \u00fcr\u00fcnlerin ve \u00e7al\u0131\u015fma ortam\u0131n\u0131n bozulmas\u0131na katk\u0131da bulunur. Ayr\u0131ca, s\u0131cakl\u0131k ve nem, u\u00e7ucu organik bile\u015fiklerin (VOC&#8217;ler) tahri\u015f edici etkilerini vurgular.  <\/p>\n\n<h2 class=\"wp-block-heading\" id=\"quel-est-l-interet-de-la-mesure-de-la-qualite-de-l-air-interieur\">\u0130\u00e7 mekan hava kalitesi neden \u00f6l\u00e7\u00fcl\u00fcr?<\/h2>\n\n<p>\u0130\u015fyerlerinde sa\u011fl\u0131kl\u0131 i\u00e7 mekan havas\u0131n\u0131n korunmas\u0131 i\u015fverenler i\u00e7in <strong>yasal bir y\u00fck\u00fcml\u00fcl\u00fckt\u00fcr<\/strong>. Ofisteki kirlilik seviyelerinin azalt\u0131lmas\u0131 ayn\u0131 zamanda i\u015fletmeler i\u00e7in bir<strong> verimlilik kazanc\u0131d\u0131r<\/strong>. <\/p>\n\n<h3 class=\"wp-block-heading\" id=\"respecter-les-valeurs-limites-d-exposition-professionnelle-vlep\">Mesleki Maruziyet Limitlerine (OEL&#8217;ler) uyun<\/h3>\n\n<p>Frans\u0131z \u0130\u015f Kanunu taraf\u0131ndan uygulanan Mesleki Maruziyet S\u0131n\u0131r De\u011ferleri (OELV&#8217;ler), \u00e7al\u0131\u015fanlar\u0131n sa\u011fl\u0131\u011f\u0131 \u00fczerindeki etkileri s\u0131n\u0131rlamak amac\u0131yla <strong>kirleticiler ve partik\u00fcller i\u00e7in maksimum konsantrasyon seviyesini<\/strong> belirler. A\u015f\u0131r\u0131 de\u011ferler, \u00e7al\u0131\u015fan\u0131n maruziyetini s\u0131n\u0131rlamak i\u00e7in \u00f6nlemler uygulanana kadar i\u015ften uzakla\u015ft\u0131r\u0131lmas\u0131na yol a\u00e7ar. <\/p>\n\n<h3 class=\"wp-block-heading\" id=\"garantir-un-environnement-de-travail-sain-et-productif\">Sa\u011fl\u0131kl\u0131 ve \u00fcretken bir \u00e7al\u0131\u015fma ortam\u0131n\u0131n sa\u011flanmas\u0131<\/h3>\n\n<p>D\u00fczenleyici bir gereklilik olmas\u0131n\u0131n yan\u0131 s\u0131ra, i\u00e7 mekan hava kalitesinin \u00f6l\u00e7\u00fclmesinin <a href=\"https:\/\/obera.fr\/tr\/bizim-tavsiyemiz\/comment-rafraichissement-evaporation-ameliorer-production-industrielle\/\" data-type=\"URL\" data-id=\"https:\/\/obera.fr\/conseils\/comment-rafraichissement-evaporation-ameliorer-production-industrielle\/\">kurulu\u015flar i\u00e7in bir dizi avantaj\u0131<\/a> vard\u0131r:<\/p>\n\n<ul class=\"wp-block-list\">\n<li><strong>\u00c7al\u0131\u015fan sa\u011fl\u0131\u011f\u0131n\u0131n iyile\u015ftirilmesi<\/strong>, devams\u0131zl\u0131\u011f\u0131n ve hastal\u0131k izni s\u0131kl\u0131\u011f\u0131n\u0131n s\u0131n\u0131rland\u0131r\u0131lmas\u0131na yard\u0131mc\u0131 olur.<\/li>\n\n\n\n<li><strong>Cihazlar ve zeminler \u00fczerindeki partik\u00fcl birikintilerinin azalmas\u0131<\/strong> servis ve bak\u0131mdan tasarruf sa\u011flar.<\/li>\n\n\n\n<li>Kirletici maddelere ve partik\u00fcllere maruz kalma seviyelerinin izlenmesi, <strong>s\u00fcre\u00e7lerin ve bitmi\u015f \u00fcr\u00fcnlerin kalitesini<\/strong> garanti alt\u0131na al\u0131r.<\/li>\n<\/ul>\n\n<h2 class=\"wp-block-heading\" id=\"comment-mesurer-la-qualite-de-l-air-interieur\">\u0130\u00e7 mekan hava kalitesini nas\u0131l \u00f6l\u00e7ersiniz?<\/h2>\n\n<p>Bu <strong><a href=\"https:\/\/obera.fr\/tr\/bizim-tavsiyemiz\/qai-diagnostic-qualite-de-l-air-interieur-batiments-industriels\/\" data-type=\"URL\" data-id=\"https:\/\/obera.fr\/conseils\/qai-diagnostic-qualite-de-l-air-interieur-batiments-industriels\/\">i\u0307\u00e7 mekan hava kali\u0307tesi\u0307 te\u015fhi\u0307si\u0307<\/a><\/strong> binalar\u0131n\u0131zdaki kirlilik seviyesinin ilk de\u011ferlendirmesidir. Daha sonra <strong>\u00f6zel \u00f6l\u00e7\u00fcm ekipmanlar\u0131<\/strong> kullan\u0131larak d\u00fczenli izleme yap\u0131lmal\u0131d\u0131r. <\/p>\n\n<h3 class=\"wp-block-heading\" id=\"effectuer-un-diagnostic-qualite-de-l-air-interieur\">\u0130\u00e7 mekan hava kalitesi te\u015fhisinin ger\u00e7ekle\u015ftirilmesi<\/h3>\n\n<p><strong>\u0130\u00e7 mekan hava kalitesi (IAQ) testi<\/strong>, \u00e7ocuklar taraf\u0131ndan kullan\u0131lan binalar i\u00e7in d\u00fczenleyici bir gerekliliktir. Bu test, 2023 y\u0131l\u0131ndan itibaren halka a\u00e7\u0131k t\u00fcm tesislerde zorunlu olacakt\u0131r. <a href=\"https:\/\/obera.fr\/conseils\/traitement-air-industriel-guide-complet\/\" data-type=\"post\" data-id=\"1420\">End\u00fcstriyel hava i\u015fleme<\/a> alan\u0131nda uzman olan OBERA, a\u015fa\u011f\u0131dakileri i\u00e7eren bir te\u015fhis ger\u00e7ekle\u015ftirir:  <\/p>\n\n<ul class=\"wp-block-list\">\n<li>Tesisinizdeki <strong>hava kirlili\u011fi kaynaklar\u0131n\u0131n belirlenmesi<\/strong>;<\/li>\n\n\n\n<li><strong>partik\u00fcllerin ve kirleticilerin<\/strong> (VOC&#8217;ler, formaldehit, vb.) <strong>konsantrasyonunun \u00f6l\u00e7\u00fclmesi<\/strong>.<\/li>\n<\/ul>\n\n<h3 class=\"wp-block-heading\" id=\"utiliser-un-appareil-de-mesure-de-la-qualite-de-l-air-interieur\">\u0130\u00e7 mekan hava kalitesini \u00f6l\u00e7mek i\u00e7in bir cihaz kullanma<\/h3>\n\n<p><a href=\"https:\/\/obera.fr\/tr\/bizim-tavsiyemiz\/analyse-qualite-l-air-interieur\/\" data-type=\"URL\" data-id=\"https:\/\/obera.fr\/conseils\/analyse-qualite-l-air-interieur\/\">\u0130\u00e7 mekan hava kalitesi, kirleticilerin do\u011fas\u0131n\u0131 ve konsantrasyonunu tespit edebilen ekipmanlar kullan\u0131larak \u00f6l\u00e7\u00fcl\u00fcr<\/a>.<strong>End\u00fcstriyel ve profesyonel hava analiz\u00f6rleri<\/strong> serimiz, i\u00e7 mekan hava kalitesi parametrelerinin s\u00fcrekli izlenmesini sa\u011flar: <\/p>\n\n<ul class=\"wp-block-list\">\n<li><strong>Gaz halindeki kirleticilerin konsantrasyonu<\/strong>: u\u00e7ucu organik bile\u015fikler (VOC&#8217;ler) ve karbondioksit (CO2);<\/li>\n\n\n\n<li><strong>partik\u00fcl konsantrasyonu ve boyutu<\/strong>: toz ve ince partik\u00fcller PM 2.5 ve PM 10;<\/li>\n\n\n\n<li><strong>s\u0131cakl\u0131k ve ba\u011f\u0131l nem<\/strong>.<\/li>\n<\/ul>\n\n<p>Veriler do\u011frudan bilgisayara aktar\u0131l\u0131r ve burada de\u011ferler grafiksel olarak g\u00f6r\u00fcnt\u00fclenir.<strong>Ger\u00e7ek zamanl\u0131 analiz<\/strong>, TLV&#8217;lere uymayan \u00f6l\u00e7\u00fcmler olmas\u0131 durumunda h\u0131zl\u0131 ve etkili \u00f6nlemler al\u0131nmas\u0131n\u0131 sa\u011flar. <\/p>\n\n<p><strong>\u0130\u00e7 mekan hava kalitesinin \u00f6l\u00e7\u00fcm\u00fc hakk\u0131nda<\/strong> daha fazla<strong>bilgi<\/strong> i\u00e7in l\u00fctfen bizimle ileti\u015fime ge\u00e7in. Ayr\u0131ca end\u00fcstriyel hava \u015fartland\u0131rma sistemi kurma konusundaki tavsiyelerimizi de okuyabilirsiniz. <\/p>\n\n<blockquote class=\"wp-block-quote is-layout-flow wp-block-quote-is-layout-flow\">\n<p>Ayr\u0131ca okuyun: <a href=\"https:\/\/obera.fr\/conseils\/rafraichissement-adiabatique-confort-thermique-naturel\/\" data-type=\"URL\" data-id=\"https:\/\/obera.fr\/conseils\/rafraichissement-adiabatique-confort-thermique-naturel\/\">Adyabatik so\u011futma ve do\u011fal termal konfor<\/a> k\u0131lavuzu.<\/p>\n<\/blockquote>\n","protected":false},"excerpt":{"rendered":"<p>\u0130\u015fyerindeki hava kalitesi sadece \u00e7al\u0131\u015fanlar\u0131n sa\u011fl\u0131\u011f\u0131 i\u00e7in de\u011fil, ayn\u0131 zamanda verimlilik i\u00e7in de \u00e7ok \u00f6nemli bir konudur. Bu nedenle i\u00e7 mekan hava kalitesini \u00f6l\u00e7mek i\u00e7in bir sistem kurmak \u00e7ok \u00f6nemlidir. Konuyla ilgili t\u00fcm tavsiyelerimizi \u00f6\u011frenin.  <\/p>\n","protected":false},"author":4,"featured_media":0,"comment_status":"open","ping_status":"closed","sticky":false,"template":"","format":"standard","meta":{"_acf_changed":false,"_seopress_robots_primary_cat":"none","_seopress_titles_title":"\u0130\u00e7 mekan hava kalitesini \u00f6l\u00e7mek neden \u00f6nemlidir?","_seopress_titles_desc":"\u0130\u015fyerindeki hava kalitesi, sadece \u00e7al\u0131\u015fanlar\u0131n sa\u011fl\u0131\u011f\u0131 i\u00e7in de\u011fil, ayn\u0131 zamanda i\u015fletmelerin verimlili\u011fi i\u00e7in de \u00e7ok \u00f6nemli bir konudur. Hava kalitesinin \u00f6l\u00e7\u00fclmesi \u00e7ok \u00f6nemlidir. ","_seopress_robots_index":"","footnotes":""},"categories":[299],"tags":[],"class_list":["post-98652","post","type-post","status-publish","format-standard","hentry","category-bizim-tavsiyemiz","generate-columns","tablet-grid-50","mobile-grid-100","grid-parent","grid-50","no-featured-image-padding"],"acf":[],"_links":{"self":[{"href":"https:\/\/obera.fr\/tr\/wp-json\/wp\/v2\/posts\/98652","targetHints":{"allow":["GET"]}}],"collection":[{"href":"https:\/\/obera.fr\/tr\/wp-json\/wp\/v2\/posts"}],"about":[{"href":"https:\/\/obera.fr\/tr\/wp-json\/wp\/v2\/types\/post"}],"author":[{"embeddable":true,"href":"https:\/\/obera.fr\/tr\/wp-json\/wp\/v2\/users\/4"}],"replies":[{"embeddable":true,"href":"https:\/\/obera.fr\/tr\/wp-json\/wp\/v2\/comments?post=98652"}],"version-history":[{"count":1,"href":"https:\/\/obera.fr\/tr\/wp-json\/wp\/v2\/posts\/98652\/revisions"}],"predecessor-version":[{"id":98656,"href":"https:\/\/obera.fr\/tr\/wp-json\/wp\/v2\/posts\/98652\/revisions\/98656"}],"wp:attachment":[{"href":"https:\/\/obera.fr\/tr\/wp-json\/wp\/v2\/media?parent=98652"}],"wp:term":[{"taxonomy":"category","embeddable":true,"href":"https:\/\/obera.fr\/tr\/wp-json\/wp\/v2\/categories?post=98652"},{"taxonomy":"post_tag","embeddable":true,"href":"https:\/\/obera.fr\/tr\/wp-json\/wp\/v2\/tags?post=98652"}],"curies":[{"name":"wp","href":"https:\/\/api.w.org\/{rel}","templated":true}]}}