{"id":99328,"date":"2020-11-20T15:54:06","date_gmt":"2020-11-20T13:54:06","guid":{"rendered":"https:\/\/obera.fr\/conseils\/la-pollution-de-lair\/"},"modified":"2025-05-07T10:15:08","modified_gmt":"2025-05-07T08:15:08","slug":"la-pollution-de-lair","status":"publish","type":"post","link":"https:\/\/obera.fr\/tr\/bizim-tavsiyemiz\/la-pollution-de-lair\/","title":{"rendered":"Hava kirlili\u011fi"},"content":{"rendered":"\n<p><strong>DS\u00d6, 2005 y\u0131l\u0131nda Fransa&#8217;da hava kirlili\u011fi nedeniyle 42.000 ila 48.000 ki\u015finin \u00f6ld\u00fc\u011f\u00fcn\u00fc (Avrupa Komisyonu taraf\u0131ndan yap\u0131lan bir \u00e7al\u0131\u015fmaya dayanarak) ve hava kirlili\u011finin k\u00fcresel \u00f6l\u00fcmlerin %11,6&#8217;s\u0131na neden oldu\u011funu tahmin etmektedir.<\/strong><\/p>\n\n<h2 class=\"wp-block-heading\" id=\"a-de-quoi-parle-t-on\">A. Ne hakk\u0131nda konu\u015fuyoruz?<\/h2>\n\n<h3 class=\"wp-block-heading\" id=\"1-qu-est-ce-qu-une-poussiere\">1. Toz nedir?<\/h3>\n\n<p>Toz, aerodinamik \u00e7ap\u0131 100 mikrometreden fazla olmayan veya normal s\u0131cakl\u0131k ko\u015fullar\u0131nda d\u00fc\u015fme h\u0131z\u0131 saniyede 0,25 metreden fazla olmayan kat\u0131 par\u00e7ac\u0131klard\u0131r: Madde R. 4222-3.<\/p>\n\n<h3 class=\"wp-block-heading\" id=\"2-generalite-sur-les-particules-et-mesures\">2. Partik\u00fcller ve \u00f6l\u00e7\u00fcmler hakk\u0131nda genel bilgiler<\/h3>\n\n<p>Her \u015feyden \u00f6nce, i\u015fte birka\u00e7 boyut kavram\u0131:<br\/>1 \u00b5m (1 mikrometre) = 0,0001 cm<br\/>Bir sa\u00e7 telinin \u00e7ap\u0131 50 ila 70 \u00b5m aras\u0131ndad\u0131r<br\/>Bir vir\u00fcs 0,01 ila 0,4 \u00b5m aras\u0131ndad\u0131r<br\/>Filtrasyon alan\u0131nda her zaman PM&#8217;den bahsederiz&#8230; Ama bu ne anlama geliyor?<br\/>PM, \u00e7ap\u0131 belirtilen say\u0131dan daha k\u00fc\u00e7\u00fck olan s\u00fcspansiyon halindeki partik\u00fclleri ifade eder. Her zaman \u00b5m cinsinden ifade edilirler. PM 2.5, 2.5 \u00b5m&#8217;den daha b\u00fcy\u00fck olmayan partik\u00fclleri ifade eder.  <\/p>\n\n<h3 class=\"wp-block-heading\" id=\"3-qu-est-ce-que-la-qualite-de-l-air\">3. Hava kalitesi nedir?<\/h3>\n\n<p>Hava kalitesi ve sa\u011fl\u0131k riskleri hakk\u0131nda s\u0131k s\u0131k duyuyoruz. Peki hava kalitesi nedir ve g\u00fcnl\u00fck hayat\u0131m\u0131z\u0131 nas\u0131l etkileyebilir? <br\/>Hava kalitesi, PM 10 ince partik\u00fcllerin miktar\u0131n\u0131 ve havadaki zararl\u0131 gazlar\u0131n konsantrasyonunu ifade eder. Bu kirleticiler do\u011fal olarak, \u00fcretim s\u00fcre\u00e7leri s\u0131ras\u0131nda ya da yanma sonucunda ortaya \u00e7\u0131kmaktad\u0131r. <\/p>\n\n<p><strong>Paris B\u00f6lgesi i\u00e7in yeni DS\u00d6 referans e\u015fikleri<\/strong><\/p>\n\n<p>D\u00fcnya Sa\u011fl\u0131k \u00d6rg\u00fct\u00fc (DS\u00d6) taraf\u0131ndan toplanan veriler, hava kirlili\u011finin daha \u00f6nce kabul edilenden daha d\u00fc\u015f\u00fck konsantrasyonlarda bile sa\u011fl\u0131k \u00fczerinde zararl\u0131 etkileri oldu\u011funu g\u00f6stermektedir. DS\u00d6, bu bulguya uyum sa\u011flamak i\u00e7in neredeyse t\u00fcm referans e\u015fiklerini d\u00fc\u015f\u00fcrmeye karar vermi\u015ftir. <\/p>\n\n<figure class=\"wp-block-image aligncenter size-large is-resized\"><img decoding=\"async\" width=\"1024\" height=\"773\" src=\"https:\/\/obera.fr\/wp-content\/uploads\/2020\/11\/pollution-atmospherique-recommandations-oms-1024x773.jpg\" alt=\"hava ki&#x307;rli&#x307;li&#x307;&#x11F;i&#x307; ki&#x307;mi&#x307;n tavsi&#x307;yeleri&#x307;\" class=\"wp-image-7560\" style=\"width:755px;height:570px\" srcset=\"https:\/\/obera.fr\/wp-content\/uploads\/2020\/11\/pollution-atmospherique-recommandations-oms-1024x773.jpg 1024w, https:\/\/obera.fr\/wp-content\/uploads\/2020\/11\/pollution-atmospherique-recommandations-oms-300x226.jpg 300w, https:\/\/obera.fr\/wp-content\/uploads\/2020\/11\/pollution-atmospherique-recommandations-oms-768x580.jpg 768w, https:\/\/obera.fr\/wp-content\/uploads\/2020\/11\/pollution-atmospherique-recommandations-oms.jpg 1386w\" sizes=\"(max-width: 1024px) 100vw, 1024px\" \/><\/figure>\n\n<p>2005 ve 2021 referans e\u015fikleri aras\u0131ndaki en \u00f6nemli de\u011fi\u015fiklik azot dioksit ile ilgilidir: y\u0131ll\u0131k ortalama 40 \u00b5g\/m3&#8217;ten 10 \u00b5g\/m3&#8217;e d\u00fc\u015f\u00fcr\u00fclm\u00fc\u015f ve g\u00fcnl\u00fck 25 \u00b5g\/m3&#8217;l\u00fck bir tavsiye belirlenmi\u015ftir. Hat\u0131rlatmak gerekirse, nitrojen dioksit esas olarak \u00cele-de-France b\u00f6lgesindeki karayolu trafi\u011finden yay\u0131lmakta olup, toplam nitrojen oksit emisyonlar\u0131n\u0131n %53&#8217;\u00fcn\u00fc olu\u015fturmaktad\u0131r. DS\u00d6 tavsiyelerinin di\u011fer iki kirletici olan karbon monoksit (CO) ve s\u00fclf\u00fcr dioksiti (SO2) de kapsad\u0131\u011f\u0131, ancak Paris B\u00f6lgesinde bu kirleticilerin CO i\u00e7eri\u011finin \u00e7ok d\u00fc\u015f\u00fck oldu\u011fu ve SO2 i\u00e7eri\u011finin neredeyse s\u0131f\u0131r oldu\u011fu unutulmamal\u0131d\u0131r.  <\/p>\n\n<figure class=\"wp-block-image aligncenter size-full is-resized\"><img decoding=\"async\" width=\"605\" height=\"265\" src=\"https:\/\/obera.fr\/wp-content\/uploads\/2021\/11\/evolution-moyenne-annuelles-pollution.jpg\" alt=\"kirlilikteki y&#x131;ll&#x131;k ortalama de&#x11F;i&#x15F;im\" class=\"wp-image-7561\" style=\"width:669px;height:293px\" srcset=\"https:\/\/obera.fr\/wp-content\/uploads\/2021\/11\/evolution-moyenne-annuelles-pollution.jpg 605w, https:\/\/obera.fr\/wp-content\/uploads\/2021\/11\/evolution-moyenne-annuelles-pollution-300x131.jpg 300w\" sizes=\"(max-width: 605px) 100vw, 605px\" \/><\/figure>\n\n<h2 class=\"wp-block-heading\" id=\"b-les-differents-types-de-pollution\">B. Farkl\u0131 kirlilik t\u00fcrleri<\/h2>\n\n<h3 class=\"wp-block-heading\" id=\"1-pollution-physique\">1. Fiziksel kirlilik<\/h3>\n\n<p>G\u00fcnl\u00fck hayat\u0131m\u0131zda s\u0131k\u0131nt\u0131 yaratabilse de, t\u00fcm tozlar zararl\u0131 de\u011fildir. Onlar\u0131 zararl\u0131 yapan \u015fey, \u00e7ok ince par\u00e7ac\u0131klara b\u00f6l\u00fcnmeleridir. <\/p>\n\n<p>Fiziksel kirlilik, biraz daha b\u00fcy\u00fck olsayd\u0131 sa\u011fl\u0131\u011f\u0131m\u0131z \u00fczerinde hi\u00e7bir etkisi olmayacak olan tozdur.<\/p>\n\n<h3 class=\"wp-block-heading\" id=\"2-pollution-biologique\">2. Biyolojik kirlilik<\/h3>\n\n<p>Bu kirletici kategorisi, toz i\u00e7inde ya\u015fayan veya hava yoluyla ta\u015f\u0131nan t\u00fcm organizmalardan olu\u015fur. Bunlar aras\u0131nda toz akarlar\u0131, k\u00fcfler, sporlar, vir\u00fcsler ve bakteriler bulunur. <\/p>\n\n<p>Bunlar olduk\u00e7a alerjiktir ve bo\u011fazda ve solunum yollar\u0131nda tahri\u015fe neden olur.<\/p>\n\n<h3 class=\"wp-block-heading\" id=\"3-pollution-chimique\">3. Kimyasal kirlilik<\/h3>\n\n<h4 class=\"wp-block-heading\" id=\"a-composes-organiques-volatiles-cov\">a. U\u00e7ucu Organik Bile\u015fikler (VOC&#8217;ler)<\/h4>\n\n<p>VOC&#8217;ler geni\u015f bir madde yelpazesini kapsar. Bunlar esas olarak petrol\u00fcn yanma, buharla\u015fma veya i\u015fleme yoluyla par\u00e7alanmas\u0131yla \u00fcretilen kimyasal bile\u015fiklerdir. Ayr\u0131ca tutkallar, re\u00e7ineler, leke \u00e7\u0131kar\u0131c\u0131lar, \u00e7\u00f6z\u00fcc\u00fcler, boyalar, b\u00f6cek ila\u00e7lar\u0131 gibi bir\u00e7ok profesyonel, end\u00fcstriyel ve ev \u00fcr\u00fcn\u00fcnde de bulunurlar.<br\/>Olduk\u00e7a u\u00e7ucu yap\u0131lar\u0131, h\u0131zla da\u011f\u0131lmalar\u0131 ve t\u00fcm tesislerinizi kirletmeleri anlam\u0131na gelir.  <\/p>\n\n<h4 class=\"wp-block-heading\" id=\"b-benzene-toluene-ethylbenzene-xylene-btex\">b. Benzen, Toluen, Etilbenzen, Ksilen (BTEX)<\/h4>\n\n<p>BTEX, VOC&#8217;lerin en zararl\u0131 ailesidir. Bu 4 bile\u015fi\u011fin kanserojen ve endokrin bozucu oldu\u011fu bilinmektedir. Yaln\u0131zca petrol\u00fcn yanmas\u0131, d\u00f6n\u00fc\u015f\u00fcm\u00fc veya buharla\u015fmas\u0131ndan elde edilen bu bile\u015fikler t\u00fcm plastik end\u00fcstrilerinde, petrokimya end\u00fcstrilerinde, servis istasyonlar\u0131nda, ya\u011f \u00e7\u00f6z\u00fcc\u00fclerde, petrol \u00fcr\u00fcnlerinde vb. bulunur.  <\/p>\n\n<h4 class=\"wp-block-heading\" id=\"c-les-cmr-generalite\">c. Genel olarak CMR&#8217;ler <\/h4>\n\n<p>CMR&#8217;ler kanserojen, mutajen veya \u00fcreme i\u00e7in toksik olan kimyasal maddelerdir. Bunlar en zararl\u0131 kirletici kategorisidir, ancak ayn\u0131 zamanda en s\u0131k\u0131 kontrol edilenlerdir. <\/p>\n\n<h4 class=\"wp-block-heading\" id=\"d-le-cas-specifique-des-cmr\">d. CMR&#8217;lerin \u00f6zel durumu <\/h4>\n\n<p><strong>-CMR nedir<\/strong><\/p>\n\n<p>CMR terimi, kanserojen, mutajen veya \u00fcreme i\u00e7in toksik olan partik\u00fclleri serbest b\u0131rakan bir \u00fcr\u00fcn veya end\u00fcstriyel \u00fcretim s\u00fcrecini ifade eder. Haziran 2015&#8217;ten bu yana, a\u015fa\u011f\u0131daki etiketi ta\u015f\u0131malar\u0131 gerekmektedir:<\/p>\n\n<figure class=\"wp-block-image alignright size-thumbnail\"><img decoding=\"async\" width=\"150\" height=\"150\" src=\"https:\/\/obera.fr\/wp-content\/uploads\/2020\/11\/CMR-150x150.jpg\" alt=\"CMR veya Kanserojen, Mutajenik ve Reprotoksik logosu\" class=\"wp-image-1832\" title=\"CMR ve toz\"\/><\/figure>\n\n<p>CMR, a\u015fa\u011f\u0131daki tan\u0131mlardan birini kar\u015f\u0131layan bir par\u00e7ac\u0131kt\u0131r:<\/p>\n\n<ul class=\"wp-block-list\">\n<li>Kanserojen: Saf halde (asbest, ah\u015fap tozu, benzen, vb.) veya bir kar\u0131\u015f\u0131m ya da i\u015flem i\u00e7inde kansere neden olabilen veya s\u0131kl\u0131\u011f\u0131n\u0131 art\u0131rabilen tehlikeli kimyasal madde.<\/li>\n\n\n\n<li>Mutajenik veya genotoksik: h\u00fccrelerdeki kromozomlar\u0131n yap\u0131s\u0131n\u0131 veya say\u0131s\u0131n\u0131 de\u011fi\u015ftiren bir kimyasal. Kromozomlar, h\u00fccre \u00e7ekirde\u011finin DNA ta\u015f\u0131yan k\u0131s\u0131mlar\u0131d\u0131r. Mutajenik (veya genotoksik) etki, kanser geli\u015fiminde bir ba\u015flang\u0131\u00e7 a\u015famas\u0131d\u0131r.  <\/li>\n\n\n\n<li>\u00dcreme i\u00e7in toksik veya reprotoksik: erkeklerde veya kad\u0131nlarda do\u011furganl\u0131\u011f\u0131 bozabilen veya do\u011fmam\u0131\u015f \u00e7ocu\u011fun geli\u015fimini de\u011fi\u015ftirebilen (spontane d\u00fc\u015f\u00fck, malformasyon, vb.) kimyasal \u00fcr\u00fcn (\u00f6rn. kur\u015fun). (Kaynak INRS: CMR kimyasal maddeler) <\/li>\n<\/ul>\n\n<p><strong>-CMR \u00fcr\u00fcnleri nelerdir?<\/strong><\/p>\n\n<p>CNRS taraf\u0131ndan 30 Haziran 2017 tarihi itibariyle CMR olarak s\u0131n\u0131fland\u0131r\u0131lan t\u00fcm \u00fcr\u00fcnlerin listesi<\/p>\n\n<p><strong>-CMR \u00fcr\u00fcnlerini kullan\u0131p kullanmad\u0131\u011f\u0131m\u0131 nas\u0131l bilebilirim?<\/strong><\/p>\n\n<ul class=\"wp-block-list\">\n<li>. 13 Temmuz 2006 tarihli bakanl\u0131k emrine g\u00f6re, herhangi bir madde, m\u00fcstahzar veya i\u015flem :<\/li>\n\n\n\n<li>Auramin \u00fcretimi<\/li>\n\n\n\n<li>Kurum, katran, zift, k\u00f6m\u00fcr duman\u0131 veya tozunda bulunan polisiklik aromatik hidrokarbonlara maruz kalmay\u0131 i\u00e7eren i\u015fler<\/li>\n\n\n\n<li>Nikel matlar\u0131n kavrulmas\u0131 ve elektro-rafinasyonu s\u0131ras\u0131nda ortaya \u00e7\u0131kan tozlara, dumanlara veya sislere maruz kalmay\u0131 i\u00e7eren i\u015fler<\/li>\n\n\n\n<li>\u0130zopropil alkol \u00fcretiminde g\u00fc\u00e7l\u00fc asit i\u015flemleri<\/li>\n\n\n\n<li>Solunabilir ah\u015fap tozuna maruz kalmay\u0131 i\u00e7eren i\u015fler<\/li>\n\n\n\n<li>Formaldehitlere maruz kalmay\u0131 i\u00e7eren i\u015fler<\/li>\n\n\n\n<li>CMR maddeleriyle kirlenmi\u015f i\u015f ekipman\u0131n\u0131n bak\u0131m\u0131ndan sorumlu personel (madde R. 4412-73)<\/li>\n\n\n\n<li>Maruziyette \u00f6nemli bir art\u0131\u015f\u0131n \u00f6ng\u00f6r\u00fclebilir oldu\u011fu bak\u0131m faaliyetleri (madde R. 4412-75)<\/li>\n<\/ul>\n\n<h4 class=\"wp-block-heading\" id=\"e-les-industries-concernees\">e. \u0130lgili sekt\u00f6rler<\/h4>\n\n<p>INRS, CMR&#8217;lerden etkilenen faaliyet sekt\u00f6rlerinin kapsaml\u0131 olmayan, hiyerar\u015fik olmayan bir listesini sunmaktad\u0131r:<\/p>\n\n<ul class=\"wp-block-list\">\n<li>in\u015faat sekt\u00f6r\u00fc ,<\/li>\n\n\n\n<li>kamu i\u015fleri sekt\u00f6r\u00fc,<\/li>\n\n\n\n<li>demiryolu in\u015faat\u0131,<\/li>\n\n\n\n<li>Gemi yap\u0131m\u0131,<\/li>\n\n\n\n<li>Metalurji,<\/li>\n\n\n\n<li>cam end\u00fcstrisi,<\/li>\n\n\n\n<li>metal end\u00fcstrisi,<\/li>\n\n\n\n<li>kimya end\u00fcstrisi,<\/li>\n\n\n\n<li>ila\u00e7 end\u00fcstrisi,<\/li>\n\n\n\n<li>deri end\u00fcstrisi,<\/li>\n\n\n\n<li>kau\u00e7uk end\u00fcstrisi,<\/li>\n\n\n\n<li>petrol end\u00fcstrisi,<\/li>\n\n\n\n<li>ah\u015fap end\u00fcstrisi,<\/li>\n\n\n\n<li>Tar\u0131m,<\/li>\n\n\n\n<li>ara\u015ft\u0131rma laboratuvarlar\u0131,<\/li>\n\n\n\n<li>hizmetler (bak\u0131m, temizlik vb.).<\/li>\n<\/ul>\n","protected":false},"excerpt":{"rendered":"<p>DS\u00d6, 2005 y\u0131l\u0131nda Fransa&#8217;da hava kirlili\u011fi nedeniyle 42.000 ila 48.000 ki\u015finin \u00f6ld\u00fc\u011f\u00fcn\u00fc (Avrupa Komisyonu taraf\u0131ndan yap\u0131lan bir \u00e7al\u0131\u015fmaya dayanarak) ve hava kirlili\u011finin k\u00fcresel \u00f6l\u00fcmlerin %11,6&#8217;s\u0131na neden oldu\u011funu tahmin etmektedir. Toz, hava kalitesi ve farkl\u0131 hava kirlili\u011fi t\u00fcrleri nedir?<\/p>\n","protected":false},"author":4,"featured_media":99057,"comment_status":"open","ping_status":"closed","sticky":false,"template":"","format":"standard","meta":{"_acf_changed":false,"_seopress_robots_primary_cat":"none","_seopress_titles_title":"Tavsiyemiz: hava kirlili\u011fi hakk\u0131nda bilmeniz gereken her \u015fey","_seopress_titles_desc":"DS\u00d6, 2005 y\u0131l\u0131nda Fransa'da hava kirlili\u011fi nedeniyle 42.000 ila 48.000 ki\u015finin \u00f6ld\u00fc\u011f\u00fcn\u00fc ve bunun k\u00fcresel \u00f6l\u00fcmlerin %11,6's\u0131na kar\u015f\u0131l\u0131k geldi\u011fini tahmin etmektedir.","_seopress_robots_index":"","footnotes":""},"categories":[299],"tags":[],"class_list":["post-99328","post","type-post","status-publish","format-standard","has-post-thumbnail","hentry","category-bizim-tavsiyemiz","generate-columns","tablet-grid-50","mobile-grid-100","grid-parent","grid-50","no-featured-image-padding","resize-featured-image"],"acf":[],"_links":{"self":[{"href":"https:\/\/obera.fr\/tr\/wp-json\/wp\/v2\/posts\/99328","targetHints":{"allow":["GET"]}}],"collection":[{"href":"https:\/\/obera.fr\/tr\/wp-json\/wp\/v2\/posts"}],"about":[{"href":"https:\/\/obera.fr\/tr\/wp-json\/wp\/v2\/types\/post"}],"author":[{"embeddable":true,"href":"https:\/\/obera.fr\/tr\/wp-json\/wp\/v2\/users\/4"}],"replies":[{"embeddable":true,"href":"https:\/\/obera.fr\/tr\/wp-json\/wp\/v2\/comments?post=99328"}],"version-history":[{"count":2,"href":"https:\/\/obera.fr\/tr\/wp-json\/wp\/v2\/posts\/99328\/revisions"}],"predecessor-version":[{"id":99331,"href":"https:\/\/obera.fr\/tr\/wp-json\/wp\/v2\/posts\/99328\/revisions\/99331"}],"wp:featuredmedia":[{"embeddable":true,"href":"https:\/\/obera.fr\/tr\/wp-json\/wp\/v2\/media\/99057"}],"wp:attachment":[{"href":"https:\/\/obera.fr\/tr\/wp-json\/wp\/v2\/media?parent=99328"}],"wp:term":[{"taxonomy":"category","embeddable":true,"href":"https:\/\/obera.fr\/tr\/wp-json\/wp\/v2\/categories?post=99328"},{"taxonomy":"post_tag","embeddable":true,"href":"https:\/\/obera.fr\/tr\/wp-json\/wp\/v2\/tags?post=99328"}],"curies":[{"name":"wp","href":"https:\/\/api.w.org\/{rel}","templated":true}]}}